{"id":8031,"date":"2019-05-27T09:00:51","date_gmt":"2019-05-27T07:00:51","guid":{"rendered":"https:\/\/granvelada.com\/blog\/?p=8031"},"modified":"2024-09-05T09:01:27","modified_gmt":"2024-09-05T07:01:27","slug":"mascarilla-antiarrugas-casera","status":"publish","type":"post","link":"https:\/\/granvelada.com\/blog\/mascarilla-antiarrugas-casera\/","title":{"rendered":"Mascarilla antiarrugas casera"},"content":{"rendered":"<p>Ayuda a mejorar la piel de tu rostro con una <strong>mascarilla antiarrugas casera<\/strong>. Gracias al contenido en activos de \u00e9sta mascarilla podr\u00e1s hacerte en casa un tratamiento de belleza muy efectivo y por poco dinero.<\/p>\n<p style=\"text-align: center;\"><strong><a href=\"https:\/\/granvelada.com\/es\/??\" target=\"_blank\" rel=\"noopener noreferrer\">Entra en la tienda on line gran velada y descubre todo lo que necesitas para hacer cosm\u00e9tica en casa<\/a>.<\/strong><\/p>\n<h2>Receta de Mascarilla antiarrugas DIY<\/h2>\n<p><img title=\" \"loading=\"lazy\" decoding=\"async\" class=\"alignnone wp-image-8129 size-full\" src=\"https:\/\/granvelada.com\/blog\/wp-content\/uploads\/2019\/05\/mascarilla-antiarrugas-casera-3.jpg\" alt=\" \" width=\"848\" height=\"477\" srcset=\"https:\/\/granvelada.com\/blog\/wp-content\/uploads\/2019\/05\/mascarilla-antiarrugas-casera-3.jpg 848w, https:\/\/granvelada.com\/blog\/wp-content\/uploads\/2019\/05\/mascarilla-antiarrugas-casera-3-387x218.jpg 387w, https:\/\/granvelada.com\/blog\/wp-content\/uploads\/2019\/05\/mascarilla-antiarrugas-casera-3-129x73.jpg 129w, https:\/\/granvelada.com\/blog\/wp-content\/uploads\/2019\/05\/mascarilla-antiarrugas-casera-3-768x432.jpg 768w, https:\/\/granvelada.com\/blog\/wp-content\/uploads\/2019\/05\/mascarilla-antiarrugas-casera-3-300x169.jpg 300w, https:\/\/granvelada.com\/blog\/wp-content\/uploads\/2019\/05\/mascarilla-antiarrugas-casera-3-317x178.jpg 317w, https:\/\/granvelada.com\/blog\/wp-content\/uploads\/2019\/05\/mascarilla-antiarrugas-casera-3-424x239.jpg 424w, https:\/\/granvelada.com\/blog\/wp-content\/uploads\/2019\/05\/mascarilla-antiarrugas-casera-3-581x327.jpg 581w, https:\/\/granvelada.com\/blog\/wp-content\/uploads\/2019\/05\/mascarilla-antiarrugas-casera-3-310x174.jpg 310w, https:\/\/granvelada.com\/blog\/wp-content\/uploads\/2019\/05\/mascarilla-antiarrugas-casera-3-232x131.jpg 232w, https:\/\/granvelada.com\/blog\/wp-content\/uploads\/2019\/05\/mascarilla-antiarrugas-casera-3-275x155.jpg 275w\" sizes=\"auto, (max-width: 848px) 100vw, 848px\" \/><\/p>\n<p>Con el paso del tiempo en algunas zonas de la cara espec\u00edficas comienzan aparecer arruguitas, l\u00edneas de expresi\u00f3n. Hablamos de la comisura de los labios y contorno de ojos como zonas mas sensibles. Adem\u00e1s la piel va perdiendo productividad de col\u00e1geno, se vuelve menos tersa, su brillo natural va desapareciendo aparece deshidratada.<\/p>\n<p>Un buen tratamiento de belleza para el cuidado de la piel del rostro no debe de olvidarse de una buena mascarilla. Cremas, lociones, serums, limpiadores y como uno una buena mascarilla semanal. Todo tratamiento necesita su tiempo para ver los resultados. Con la mascarilla antiarrugas casera que os acercamos hoy conseguir\u00e1s un efecto tensor inmediato gracias a los activos que le a\u00f1adimos.<\/p>\n<p>Puedes aplicarla semanalmente para unos beneficios duraderos. Consigue reducir las arrugas desde el interior y alisar la piel de una manera sencilla y econ\u00f3mica. Hidrata la piel y devuelve&nbsp; un aspecto joven y luminoso a tu rostro.<\/p>\n<h2>\u00bfQue contiene la mascarilla antiarrugas casera?<\/h2>\n<p><img title=\" \"loading=\"lazy\" decoding=\"async\" class=\"alignnone wp-image-8130 size-full\" src=\"https:\/\/granvelada.com\/blog\/wp-content\/uploads\/2019\/05\/mascarilla-antiarrugas-casera-2.jpg\" alt=\" \" width=\"848\" height=\"477\" srcset=\"https:\/\/granvelada.com\/blog\/wp-content\/uploads\/2019\/05\/mascarilla-antiarrugas-casera-2.jpg 848w, https:\/\/granvelada.com\/blog\/wp-content\/uploads\/2019\/05\/mascarilla-antiarrugas-casera-2-387x218.jpg 387w, https:\/\/granvelada.com\/blog\/wp-content\/uploads\/2019\/05\/mascarilla-antiarrugas-casera-2-129x73.jpg 129w, https:\/\/granvelada.com\/blog\/wp-content\/uploads\/2019\/05\/mascarilla-antiarrugas-casera-2-768x432.jpg 768w, https:\/\/granvelada.com\/blog\/wp-content\/uploads\/2019\/05\/mascarilla-antiarrugas-casera-2-300x169.jpg 300w, https:\/\/granvelada.com\/blog\/wp-content\/uploads\/2019\/05\/mascarilla-antiarrugas-casera-2-317x178.jpg 317w, https:\/\/granvelada.com\/blog\/wp-content\/uploads\/2019\/05\/mascarilla-antiarrugas-casera-2-424x239.jpg 424w, https:\/\/granvelada.com\/blog\/wp-content\/uploads\/2019\/05\/mascarilla-antiarrugas-casera-2-581x327.jpg 581w, https:\/\/granvelada.com\/blog\/wp-content\/uploads\/2019\/05\/mascarilla-antiarrugas-casera-2-310x174.jpg 310w, https:\/\/granvelada.com\/blog\/wp-content\/uploads\/2019\/05\/mascarilla-antiarrugas-casera-2-232x131.jpg 232w, https:\/\/granvelada.com\/blog\/wp-content\/uploads\/2019\/05\/mascarilla-antiarrugas-casera-2-275x155.jpg 275w\" sizes=\"auto, (max-width: 848px) 100vw, 848px\" \/><\/p>\n<p>Esta mascarilla lleva una base en polvo mousse y debe de elaborarse una vez que se vaya a utilizar. No la envases ,una vez elaborada apl\u00edcala. Solo lleva unos minutos hacerla.<\/p>\n<p>Anota los ingredientes y cantidades que necesitar\u00e1s para hacer una mascarilla antiarrugas casera.<\/p>\n<ul>\n<li><a href=\"https:\/\/granvelada.com\/es\/leches-aguas-extractos-hidrolatos-para-cosmetica\/947-agua-desmineralizada.html??\" target=\"_blank\" rel=\"noopener noreferrer\"><strong>Agua desmineralizada<\/strong><\/a>, 60 gr<\/li>\n<li><a href=\"https:\/\/granvelada.com\/es\/bases-para-jabon-y-cosmetica\/6546-mascarilla-facial-base.html??\" target=\"_blank\" rel=\"noopener noreferrer\"><strong>Mascarilla facial base mousse<\/strong><\/a>, 15 gr<\/li>\n<li><a href=\"https:\/\/granvelada.com\/es\/donde-comprar-aceites-mantecas-para-jabon-cosmetica\/382-comprar-aceite-de-aguacate.html??\" target=\"_blank\" rel=\"noopener noreferrer\"><strong>Aceite de aguacate<\/strong><\/a>, 4 gramos<\/li>\n<li><a href=\"https:\/\/granvelada.com\/es\/principio-activo\/2965-coenzima-q-10.html??\" target=\"_blank\" rel=\"noopener noreferrer\"><strong>Coenzima Q10<\/strong><\/a>, 1 gr<\/li>\n<\/ul>\n<p>La <strong>mascarilla facial base mousse<\/strong> es muy sencilla de utilizar. Solo debes mezclarla con agua templada (unos 20\u00ba) y agitar. Utiliza <strong>agua desmineralizada<\/strong> por ser mas pura y mejor para la piel. A \u00e9sta mascarilla puedes a\u00f1adirle hidrolatos, aceites, activos.., todo lo que quieras para personalizar &nbsp;y hacer una mascarilla acorde con las necesidades de tu piel.<\/p>\n<p>En la mascarilla antiarrugas casera que hemos preparado hoy le a\u00f1adimos <strong>coenzima Q 10<\/strong>. Es un activo muy utilizado en cosm\u00e9tica por retrasar la aparici\u00f3n de arrugas y mitigar las ya existentes. En muchos cosm\u00e9ticos es utilizado para tratamientos antiedad.<\/p>\n<p>El otro activo que le hemos a\u00f1adido es el <strong>aceite de aguacate<\/strong>. Aceite suave conocido por sus propiedades nutritivas, hidratantes y acondicionadoras. A la hora de hacer la mascarilla en casa puedes sustituir \u00e9ste aceite vegetal por otro, dependiendo de las necesidades de tu piel.<\/p>\n<div class=\"cs-fluid cs-fluid-border\">\n<div class=\"cs-fluid-inner\"><span class=\"embed-youtube\" style=\"text-align: center; display: block;\"><iframe loading=\"lazy\" class=\"youtube-player\" style=\"border: 0;\" src=\"https:\/\/www.youtube.com\/embed\/48i8PvUCVbU?version=3&amp;rel=1&amp;fs=1&amp;autohide=2&amp;showsearch=0&amp;showinfo=1&amp;iv_load_policy=1&amp;wmode=transparent\" width=\"1170\" height=\"659\" allowfullscreen=\"allowfullscreen\"><\/iframe><\/span><\/div>\n<\/div>\n<p><a href=\"https:\/\/youtu.be\/48i8PvUCVbU\" target=\"_blank\" rel=\"noopener noreferrer\"><strong>Accede al v\u00eddeo dir<\/strong><strong>ectamente en youtube<\/strong><\/a><\/p>\n<h3>Hacer la mascarilla antiarrugas paso a paso<\/h3>\n<p>Para hacer cosm\u00e9tica en casa debes de utilizar recipientes y \u00fatiles limpios y desinfectados.<\/p>\n<ol>\n<li>Pesa en un recipiente 60 de agua desmineralizada y calientala un poco al ba\u00f1o mar\u00eda. Solo es necesario que alcance 20\u00ba. En otro recipiente a\u00f1adimos un poco de aceite de aguacate y vertemos sobre \u00e9l la coenzima Q10. Ayuda a deshacer el polvo.&nbsp;Una vez tienes el agua templada a\u00f1ade 15 gr de la mascarilla facial mousse y comienza a mezclar. Este proceso te llevar\u00e1 apenas un minuto, enseguida tendr\u00e1s una pasta fina y sin grumos.<\/li>\n<\/ol>\n<p><img title=\" \"loading=\"lazy\" decoding=\"async\" class=\"alignnone size-medium wp-image-8037\" src=\"https:\/\/granvelada.com\/blog\/wp-content\/uploads\/2019\/05\/q101-387x204.jpg\" alt=\" \" width=\"387\" height=\"204\" srcset=\"https:\/\/granvelada.com\/blog\/wp-content\/uploads\/2019\/05\/q101-387x204.jpg 387w, https:\/\/granvelada.com\/blog\/wp-content\/uploads\/2019\/05\/q101-768x405.jpg 768w, https:\/\/granvelada.com\/blog\/wp-content\/uploads\/2019\/05\/q101.jpg 848w\" sizes=\"auto, (max-width: 387px) 100vw, 387px\" \/> <img title=\" \"loading=\"lazy\" decoding=\"async\" class=\"alignnone size-medium wp-image-8038\" src=\"https:\/\/granvelada.com\/blog\/wp-content\/uploads\/2019\/05\/q102-387x204.jpg\" alt=\" \" width=\"387\" height=\"204\" srcset=\"https:\/\/granvelada.com\/blog\/wp-content\/uploads\/2019\/05\/q102-387x204.jpg 387w, https:\/\/granvelada.com\/blog\/wp-content\/uploads\/2019\/05\/q102-768x406.jpg 768w, https:\/\/granvelada.com\/blog\/wp-content\/uploads\/2019\/05\/q102.jpg 848w\" sizes=\"auto, (max-width: 387px) 100vw, 387px\" \/><\/p>\n<ol start=\"2\">\n<li>&nbsp;Incorpora a la mezcla de mascarilla la coenzima disuelta y ve removiendo. Al final tendr\u00e1s la mascarilla hecha en unos 5 minutos y lista para aplicar sobre el rostro.<\/li>\n<\/ol>\n<p><img title=\" \"loading=\"lazy\" decoding=\"async\" class=\"alignnone size-medium wp-image-8039\" src=\"https:\/\/granvelada.com\/blog\/wp-content\/uploads\/2019\/05\/q104-387x204.jpg\" alt=\" \" width=\"387\" height=\"204\" srcset=\"https:\/\/granvelada.com\/blog\/wp-content\/uploads\/2019\/05\/q104-387x204.jpg 387w, https:\/\/granvelada.com\/blog\/wp-content\/uploads\/2019\/05\/q104-768x405.jpg 768w, https:\/\/granvelada.com\/blog\/wp-content\/uploads\/2019\/05\/q104.jpg 848w\" sizes=\"auto, (max-width: 387px) 100vw, 387px\" \/> <img title=\" \"loading=\"lazy\" decoding=\"async\" class=\"alignnone size-medium wp-image-8040\" src=\"https:\/\/granvelada.com\/blog\/wp-content\/uploads\/2019\/05\/q103-387x204.jpg\" alt=\" \" width=\"387\" height=\"204\" srcset=\"https:\/\/granvelada.com\/blog\/wp-content\/uploads\/2019\/05\/q103-387x204.jpg 387w, https:\/\/granvelada.com\/blog\/wp-content\/uploads\/2019\/05\/q103-768x406.jpg 768w, https:\/\/granvelada.com\/blog\/wp-content\/uploads\/2019\/05\/q103.jpg 848w\" sizes=\"auto, (max-width: 387px) 100vw, 387px\" \/><\/p>\n<p>Aplica una capa gruesa y deja actuar durante 20 minutos. Observaras como se convierte en una mousse cremosa. Retira la mascarilla con agua templada y continua con tu rutina de belleza.<\/p>\n<div class=\"cs-btn-align text-center\"><a class=\"cs-btn cs-btn-custom cs-btn-pill cs-btn-custom-own cs-btn-xl cs-btn-custom-5dd299f389ffb\" href=\"https:\/\/granvelada.com\/index.php?fc=module&amp;module=multiplecart&amp;controller=loadcart&amp;cart=1088&amp;hash=0c0d6e19f37b86a31c37c47431ab637e??\" target=\"_blank\" rel=\"noopener noreferrer\"><i class=\"cs-in fa fa-shopping-cart\"><\/i>Accede al carrito con todos los ingredientes necesarios para hacer la mascarilla al mejor precio.<\/a><\/div>\n<h3>Mascarillas personalizadas<\/h3>\n<p>Puedes hacer mascarillas para el rostro espec\u00edficas para tu tipo de piel. La base para mascarilla mousse est\u00e1 preparada para que puedas a\u00f1adirle lo que tu piel necesita. Prepara mascarillas de col\u00e1geno, con exfoliantes, limpiadoras y tonificantes\u2026.<\/p>\n<p>Solo tienes que preparar la mezcla de agua desmineralizada con la mascarilla base y a\u00f1adirle el activo. Pueden ser <strong>part\u00edculas de bamb\u00fa<\/strong> para una buena exfoliaci\u00f3n, <strong>carb\u00f3n activo<\/strong> para desintoxicar y limpiar la piel, <strong>arcillas<\/strong> para tratamiento de pieles con acn\u00e9\u2026<\/p>\n<p>\u00a1An\u00edmate y prepara una mascarilla facial casera totalmente personalizada para las necesidades de tu piel!<\/p>\n<p>Puedes seguirnos en los canales de redes sociales y ver todas nuestras publicaciones semanales con ideas y recetas para hacer cosm\u00e9tica, jabones, velas, detalles,&nbsp;<a href=\"https:\/\/www.facebook.com\/granvelada\/\">FACEBOOK<\/a> , INSTAGRAM, <a href=\"https:\/\/twitter.com\/granvelada\">TWITER<\/a>, ,&nbsp;<a href=\"https:\/\/www.pinterest.es\/gran_velada\/hacer-jabones\/\">PINTEREST<\/a>&nbsp;y <a href=\"https:\/\/www.youtube.com\/user\/hacerjabones\">YOUTUBE<\/a><\/p>\n","protected":false},"excerpt":{"rendered":"<p>Ayuda a mejorar la piel de tu rostro con una mascarilla antiarrugas casera. Gracias al contenido en activos de \u00e9sta mascarilla podr\u00e1s hacerte en casa un tratamiento de belleza muy efectivo y por poco dinero. Entra en la tienda on line gran velada y descubre todo lo que necesitas para hacer cosm\u00e9tica en casa. Receta&#8230;<\/p>\n","protected":false},"author":11,"featured_media":8131,"comment_status":"open","ping_status":"closed","sticky":false,"template":"","format":"standard","meta":{"_acf_changed":false,"_monsterinsights_skip_tracking":false,"_monsterinsights_sitenote_active":false,"_monsterinsights_sitenote_note":"","_monsterinsights_sitenote_category":0,"_uf_show_specific_survey":0,"_uf_disable_surveys":false,"footnotes":""},"categories":[767,774],"tags":[],"class_list":["post-8031","post","type-post","status-publish","format-standard","has-post-thumbnail","hentry","category-hacer-cremas","category-mascarillas-caseras"],"acf":[],"yoast_head":"<!-- This site is optimized with the Yoast SEO plugin v19.13 - https:\/\/yoast.com\/wordpress\/plugins\/seo\/ -->\n<title>Mascarilla antiarrugas casera con activo coenzima Q10 .<\/title>\n<meta name=\"description\" content=\"Reduce las marcas de tu piel con una mascarilla antiarrugas casera. Mitiga las arrugas y los signos de la edad, hidrata, nutre y regenera.\" \/>\n<meta name=\"robots\" content=\"index, follow, max-snippet:-1, max-image-preview:large, max-video-preview:-1\" \/>\n<link rel=\"canonical\" href=\"https:\/\/granvelada.com\/blog\/mascarillas-caseras-para-la-cara\/\" \/>\n<meta property=\"og:locale\" content=\"es_ES\" \/>\n<meta property=\"og:type\" content=\"article\" \/>\n<meta property=\"og:title\" content=\"Mascarilla antiarrugas casera con activo coenzima Q10 .\" \/>\n<meta property=\"og:description\" content=\"Reduce las marcas de tu piel con una mascarilla antiarrugas casera. Mitiga las arrugas y los signos de la edad, hidrata, nutre y regenera.\" \/>\n<meta property=\"og:url\" content=\"https:\/\/granvelada.com\/blog\/mascarillas-caseras-para-la-cara\/\" \/>\n<meta property=\"og:site_name\" content=\"Blog de Gran Velada\" \/>\n<meta property=\"article:publisher\" content=\"https:\/\/es-la.facebook.com\/hacerjabon\" \/>\n<meta property=\"article:published_time\" content=\"2019-05-27T07:00:51+00:00\" \/>\n<meta property=\"article:modified_time\" content=\"2024-09-05T07:01:27+00:00\" \/>\n<meta property=\"og:image\" content=\"https:\/\/granvelada.com\/blog\/wp-content\/uploads\/2019\/05\/mascarilla-antiarrugas-casera-video.jpg\" \/>\n\t<meta property=\"og:image:width\" content=\"848\" \/>\n\t<meta property=\"og:image:height\" content=\"477\" \/>\n\t<meta property=\"og:image:type\" content=\"image\/jpeg\" \/>\n<meta name=\"author\" content=\"contacto@granvelada.com\" \/>\n<meta name=\"twitter:card\" content=\"summary_large_image\" \/>\n<meta name=\"twitter:title\" content=\"Mascarilla antiarrugas casera\" \/>\n<meta name=\"twitter:description\" content=\"Mascarilla antiarrugas con coenzima Q10 casera#granvelada\" \/>\n<meta name=\"twitter:creator\" content=\"@granvelada\" \/>\n<meta name=\"twitter:site\" content=\"@granvelada\" \/>\n<meta name=\"twitter:label1\" content=\"Escrito por\" \/>\n\t<meta name=\"twitter:data1\" content=\"contacto@granvelada.com\" \/>\n\t<meta name=\"twitter:label2\" content=\"Tiempo de lectura\" \/>\n\t<meta name=\"twitter:data2\" content=\"5 minutos\" \/>\n<script type=\"application\/ld+json\" class=\"yoast-schema-graph\">{\"@context\":\"https:\/\/schema.org\",\"@graph\":[{\"@type\":\"Article\",\"@id\":\"https:\/\/granvelada.com\/blog\/mascarillas-caseras-para-la-cara\/#article\",\"isPartOf\":{\"@id\":\"https:\/\/granvelada.com\/blog\/mascarilla-antiarrugas-casera\/\"},\"author\":{\"name\":\"contacto@granvelada.com\",\"@id\":\"https:\/\/granvelada.com\/blog\/#\/schema\/person\/79a0c8033911e0b07bad40e7b4beb5e5\"},\"headline\":\"Mascarilla antiarrugas casera\",\"datePublished\":\"2019-05-27T07:00:51+00:00\",\"dateModified\":\"2024-09-05T07:01:27+00:00\",\"mainEntityOfPage\":{\"@id\":\"https:\/\/granvelada.com\/blog\/mascarilla-antiarrugas-casera\/\"},\"wordCount\":759,\"commentCount\":2,\"publisher\":{\"@id\":\"https:\/\/granvelada.com\/blog\/#organization\"},\"articleSection\":[\"Hacer Cremas\",\"Mascarillas caseras\"],\"inLanguage\":\"es\",\"potentialAction\":[{\"@type\":\"CommentAction\",\"name\":\"Comment\",\"target\":[\"https:\/\/granvelada.com\/blog\/mascarillas-caseras-para-la-cara\/#respond\"]}]},{\"@type\":\"WebPage\",\"@id\":\"https:\/\/granvelada.com\/blog\/mascarilla-antiarrugas-casera\/\",\"url\":\"https:\/\/granvelada.com\/blog\/mascarillas-caseras-para-la-cara\/\",\"name\":\"Mascarilla antiarrugas casera con activo coenzima Q10 .\",\"isPartOf\":{\"@id\":\"https:\/\/granvelada.com\/blog\/#website\"},\"datePublished\":\"2019-05-27T07:00:51+00:00\",\"dateModified\":\"2024-09-05T07:01:27+00:00\",\"description\":\"Reduce las marcas de tu piel con una mascarilla antiarrugas casera. Mitiga las arrugas y los signos de la edad, hidrata, nutre y regenera.\",\"breadcrumb\":{\"@id\":\"https:\/\/granvelada.com\/blog\/mascarillas-caseras-para-la-cara\/#breadcrumb\"},\"inLanguage\":\"es\",\"potentialAction\":[{\"@type\":\"ReadAction\",\"target\":[\"https:\/\/granvelada.com\/blog\/mascarillas-caseras-para-la-cara\/\"]}]},{\"@type\":\"BreadcrumbList\",\"@id\":\"https:\/\/granvelada.com\/blog\/mascarillas-caseras-para-la-cara\/#breadcrumb\",\"itemListElement\":[{\"@type\":\"ListItem\",\"position\":1,\"name\":\"Portada\",\"item\":\"https:\/\/granvelada.com\/blog\/\"},{\"@type\":\"ListItem\",\"position\":2,\"name\":\"Mascarilla antiarrugas casera\"}]},{\"@type\":\"WebSite\",\"@id\":\"https:\/\/granvelada.com\/blog\/#website\",\"url\":\"https:\/\/granvelada.com\/blog\/\",\"name\":\"Blog de Gran Velada\",\"description\":\"Recetas y tutoriales para hacer cremas, jabones, velas, detalles y cosm\u00e9tica casera\",\"publisher\":{\"@id\":\"https:\/\/granvelada.com\/blog\/#organization\"},\"potentialAction\":[{\"@type\":\"SearchAction\",\"target\":{\"@type\":\"EntryPoint\",\"urlTemplate\":\"https:\/\/granvelada.com\/blog\/?s={search_term_string}\"},\"query-input\":\"required name=search_term_string\"}],\"inLanguage\":\"es\"},{\"@type\":\"Organization\",\"@id\":\"https:\/\/granvelada.com\/blog\/#organization\",\"name\":\"Granvelada.com\",\"url\":\"https:\/\/granvelada.com\/blog\/\",\"logo\":{\"@type\":\"ImageObject\",\"inLanguage\":\"es\",\"@id\":\"https:\/\/granvelada.com\/blog\/#\/schema\/logo\/image\/\",\"url\":\"https:\/\/granvelada.com\/blog\/wp-content\/uploads\/2015\/06\/hacervelas-granvelada.jpg\",\"contentUrl\":\"https:\/\/granvelada.com\/blog\/wp-content\/uploads\/2015\/06\/hacervelas-granvelada.jpg\",\"width\":851,\"height\":315,\"caption\":\"Granvelada.com\"},\"image\":{\"@id\":\"https:\/\/granvelada.com\/blog\/#\/schema\/logo\/image\/\"},\"sameAs\":[\"https:\/\/www.pinterest.com\/hacerjabon\/\",\"https:\/\/www.youtube.com\/user\/hacerjabones\",\"https:\/\/es-la.facebook.com\/hacerjabon\",\"https:\/\/twitter.com\/granvelada\"]},{\"@type\":\"Person\",\"@id\":\"https:\/\/granvelada.com\/blog\/#\/schema\/person\/79a0c8033911e0b07bad40e7b4beb5e5\",\"name\":\"contacto@granvelada.com\",\"image\":{\"@type\":\"ImageObject\",\"inLanguage\":\"es\",\"@id\":\"https:\/\/granvelada.com\/blog\/#\/schema\/person\/image\/\",\"url\":\"https:\/\/secure.gravatar.com\/avatar\/e958d5c17339949fb4785a9125a88aeee44e33d213fb1dc61944c17f81676f25?s=96&d=mm&r=g\",\"contentUrl\":\"https:\/\/secure.gravatar.com\/avatar\/e958d5c17339949fb4785a9125a88aeee44e33d213fb1dc61944c17f81676f25?s=96&d=mm&r=g\",\"caption\":\"contacto@granvelada.com\"}}]}<\/script>\n<!-- \/ Yoast SEO plugin. -->","yoast_head_json":{"title":"Mascarilla antiarrugas casera con activo coenzima Q10 .","description":"Reduce las marcas de tu piel con una mascarilla antiarrugas casera. Mitiga las arrugas y los signos de la edad, hidrata, nutre y regenera.","robots":{"index":"index","follow":"follow","max-snippet":"max-snippet:-1","max-image-preview":"max-image-preview:large","max-video-preview":"max-video-preview:-1"},"canonical":"https:\/\/granvelada.com\/blog\/mascarillas-caseras-para-la-cara\/","og_locale":"es_ES","og_type":"article","og_title":"Mascarilla antiarrugas casera con activo coenzima Q10 .","og_description":"Reduce las marcas de tu piel con una mascarilla antiarrugas casera. Mitiga las arrugas y los signos de la edad, hidrata, nutre y regenera.","og_url":"https:\/\/granvelada.com\/blog\/mascarillas-caseras-para-la-cara\/","og_site_name":"Blog de Gran Velada","article_publisher":"https:\/\/es-la.facebook.com\/hacerjabon","article_published_time":"2019-05-27T07:00:51+00:00","article_modified_time":"2024-09-05T07:01:27+00:00","og_image":[{"width":848,"height":477,"url":"https:\/\/granvelada.com\/blog\/wp-content\/uploads\/2019\/05\/mascarilla-antiarrugas-casera-video.jpg","type":"image\/jpeg"}],"author":"contacto@granvelada.com","twitter_card":"summary_large_image","twitter_title":"Mascarilla antiarrugas casera","twitter_description":"Mascarilla antiarrugas con coenzima Q10 casera#granvelada","twitter_creator":"@granvelada","twitter_site":"@granvelada","twitter_misc":{"Escrito por":"contacto@granvelada.com","Tiempo de lectura":"5 minutos"},"schema":{"@context":"https:\/\/schema.org","@graph":[{"@type":"Article","@id":"https:\/\/granvelada.com\/blog\/mascarillas-caseras-para-la-cara\/#article","isPartOf":{"@id":"https:\/\/granvelada.com\/blog\/mascarilla-antiarrugas-casera\/"},"author":{"name":"contacto@granvelada.com","@id":"https:\/\/granvelada.com\/blog\/#\/schema\/person\/79a0c8033911e0b07bad40e7b4beb5e5"},"headline":"Mascarilla antiarrugas casera","datePublished":"2019-05-27T07:00:51+00:00","dateModified":"2024-09-05T07:01:27+00:00","mainEntityOfPage":{"@id":"https:\/\/granvelada.com\/blog\/mascarilla-antiarrugas-casera\/"},"wordCount":759,"commentCount":2,"publisher":{"@id":"https:\/\/granvelada.com\/blog\/#organization"},"articleSection":["Hacer Cremas","Mascarillas caseras"],"inLanguage":"es","potentialAction":[{"@type":"CommentAction","name":"Comment","target":["https:\/\/granvelada.com\/blog\/mascarillas-caseras-para-la-cara\/#respond"]}]},{"@type":"WebPage","@id":"https:\/\/granvelada.com\/blog\/mascarilla-antiarrugas-casera\/","url":"https:\/\/granvelada.com\/blog\/mascarillas-caseras-para-la-cara\/","name":"Mascarilla antiarrugas casera con activo coenzima Q10 .","isPartOf":{"@id":"https:\/\/granvelada.com\/blog\/#website"},"datePublished":"2019-05-27T07:00:51+00:00","dateModified":"2024-09-05T07:01:27+00:00","description":"Reduce las marcas de tu piel con una mascarilla antiarrugas casera. Mitiga las arrugas y los signos de la edad, hidrata, nutre y regenera.","breadcrumb":{"@id":"https:\/\/granvelada.com\/blog\/mascarillas-caseras-para-la-cara\/#breadcrumb"},"inLanguage":"es","potentialAction":[{"@type":"ReadAction","target":["https:\/\/granvelada.com\/blog\/mascarillas-caseras-para-la-cara\/"]}]},{"@type":"BreadcrumbList","@id":"https:\/\/granvelada.com\/blog\/mascarillas-caseras-para-la-cara\/#breadcrumb","itemListElement":[{"@type":"ListItem","position":1,"name":"Portada","item":"https:\/\/granvelada.com\/blog\/"},{"@type":"ListItem","position":2,"name":"Mascarilla antiarrugas casera"}]},{"@type":"WebSite","@id":"https:\/\/granvelada.com\/blog\/#website","url":"https:\/\/granvelada.com\/blog\/","name":"Blog de Gran Velada","description":"Recetas y tutoriales para hacer cremas, jabones, velas, detalles y cosm\u00e9tica casera","publisher":{"@id":"https:\/\/granvelada.com\/blog\/#organization"},"potentialAction":[{"@type":"SearchAction","target":{"@type":"EntryPoint","urlTemplate":"https:\/\/granvelada.com\/blog\/?s={search_term_string}"},"query-input":"required name=search_term_string"}],"inLanguage":"es"},{"@type":"Organization","@id":"https:\/\/granvelada.com\/blog\/#organization","name":"Granvelada.com","url":"https:\/\/granvelada.com\/blog\/","logo":{"@type":"ImageObject","inLanguage":"es","@id":"https:\/\/granvelada.com\/blog\/#\/schema\/logo\/image\/","url":"https:\/\/granvelada.com\/blog\/wp-content\/uploads\/2015\/06\/hacervelas-granvelada.jpg","contentUrl":"https:\/\/granvelada.com\/blog\/wp-content\/uploads\/2015\/06\/hacervelas-granvelada.jpg","width":851,"height":315,"caption":"Granvelada.com"},"image":{"@id":"https:\/\/granvelada.com\/blog\/#\/schema\/logo\/image\/"},"sameAs":["https:\/\/www.pinterest.com\/hacerjabon\/","https:\/\/www.youtube.com\/user\/hacerjabones","https:\/\/es-la.facebook.com\/hacerjabon","https:\/\/twitter.com\/granvelada"]},{"@type":"Person","@id":"https:\/\/granvelada.com\/blog\/#\/schema\/person\/79a0c8033911e0b07bad40e7b4beb5e5","name":"contacto@granvelada.com","image":{"@type":"ImageObject","inLanguage":"es","@id":"https:\/\/granvelada.com\/blog\/#\/schema\/person\/image\/","url":"https:\/\/secure.gravatar.com\/avatar\/e958d5c17339949fb4785a9125a88aeee44e33d213fb1dc61944c17f81676f25?s=96&d=mm&r=g","contentUrl":"https:\/\/secure.gravatar.com\/avatar\/e958d5c17339949fb4785a9125a88aeee44e33d213fb1dc61944c17f81676f25?s=96&d=mm&r=g","caption":"contacto@granvelada.com"}}]}},"_links":{"self":[{"href":"https:\/\/granvelada.com\/blog\/wp-json\/wp\/v2\/posts\/8031","targetHints":{"allow":["GET"]}}],"collection":[{"href":"https:\/\/granvelada.com\/blog\/wp-json\/wp\/v2\/posts"}],"about":[{"href":"https:\/\/granvelada.com\/blog\/wp-json\/wp\/v2\/types\/post"}],"author":[{"embeddable":true,"href":"https:\/\/granvelada.com\/blog\/wp-json\/wp\/v2\/users\/11"}],"replies":[{"embeddable":true,"href":"https:\/\/granvelada.com\/blog\/wp-json\/wp\/v2\/comments?post=8031"}],"version-history":[{"count":18,"href":"https:\/\/granvelada.com\/blog\/wp-json\/wp\/v2\/posts\/8031\/revisions"}],"predecessor-version":[{"id":23310,"href":"https:\/\/granvelada.com\/blog\/wp-json\/wp\/v2\/posts\/8031\/revisions\/23310"}],"wp:featuredmedia":[{"embeddable":true,"href":"https:\/\/granvelada.com\/blog\/wp-json\/wp\/v2\/media\/8131"}],"wp:attachment":[{"href":"https:\/\/granvelada.com\/blog\/wp-json\/wp\/v2\/media?parent=8031"}],"wp:term":[{"taxonomy":"category","embeddable":true,"href":"https:\/\/granvelada.com\/blog\/wp-json\/wp\/v2\/categories?post=8031"},{"taxonomy":"post_tag","embeddable":true,"href":"https:\/\/granvelada.com\/blog\/wp-json\/wp\/v2\/tags?post=8031"}],"curies":[{"name":"wp","href":"https:\/\/api.w.org\/{rel}","templated":true}]}}