{"id":5939,"date":"2018-07-22T19:02:34","date_gmt":"2018-07-22T17:02:34","guid":{"rendered":"https:\/\/granvelada.com\/blog\/?p=5939"},"modified":"2024-09-05T08:46:01","modified_gmt":"2024-09-05T06:46:01","slug":"gel-de-bano-de-frutas","status":"publish","type":"post","link":"https:\/\/granvelada.com\/blog\/gel-de-bano-de-frutas\/","title":{"rendered":"Gel de ba\u00f1o de frutas"},"content":{"rendered":"\n<p>\u00bfEstas disfrutando del verano? El verano nos trae olores tropicales, afrutados, hoy lo incorporamos en un <strong>gel de ba\u00f1o de frutas<\/strong> que al olor caracter\u00edstico que desprende le a\u00f1adimos propiedades para la piel. Sigue leyendo \u00e9ste tutorial y descubre lo sencillo que te resultar\u00e1 prepara en casa un un gel de ba\u00f1o de frutas. Tan sencillo que lo puedes preparar con los mas peque\u00f1os de la casa<\/p>\n\n\n\n<h2 class=\"wp-block-heading\">Receta de Gel de ba\u00f1o de frutas<\/h2>\n\n\n\n<p>Sobre una de las bases de gran velada, la de gel de ducha, hemos a\u00f1adido <strong>extracto de granada, <\/strong>fruta llena de propiedades para tu piel. La granada es conocida como antioxidante por su alto contenido en vitamina C, ayudando a la regeneraci\u00f3n del col\u00e1geno. Esta fruta es una buena fotoprotectora con lo que evitar\u00e1 la oxidaci\u00f3n de la piel. Como aroma escogemos la pi\u00f1a, tropical, dulce y muy veraniega.Puedes escoger el aroma que prefieras, esencias c\u00edtricas, frutales, herbales.<\/p>\n\n\n\n<figure class=\"wp-block-image\"><a href=\"https:\/\/granvelada.com\/es\/28-donde-comprar-esencias-para-hacer-jabones-jabon-velas-perfumes?\" target=\"_blank\" rel=\"noopener noreferrer\"><img title=\" \"loading=\"lazy\" decoding=\"async\" width=\"980\" height=\"290\" src=\"https:\/\/granvelada.com\/blog\/wp-content\/uploads\/2018\/07\/donde-comprar-esencias-para-hacer-jabones-jabon-velas-perfumes.png\" alt=\" \" class=\"wp-image-5941\" srcset=\"https:\/\/granvelada.com\/blog\/wp-content\/uploads\/2018\/07\/donde-comprar-esencias-para-hacer-jabones-jabon-velas-perfumes.png 980w, https:\/\/granvelada.com\/blog\/wp-content\/uploads\/2018\/07\/donde-comprar-esencias-para-hacer-jabones-jabon-velas-perfumes-387x115.png 387w, https:\/\/granvelada.com\/blog\/wp-content\/uploads\/2018\/07\/donde-comprar-esencias-para-hacer-jabones-jabon-velas-perfumes-848x251.png 848w, https:\/\/granvelada.com\/blog\/wp-content\/uploads\/2018\/07\/donde-comprar-esencias-para-hacer-jabones-jabon-velas-perfumes-768x227.png 768w\" sizes=\"auto, (max-width: 980px) 100vw, 980px\" \/><\/a><\/figure>\n\n\n\n<p>Anota los productos y las cantidades que necesitar\u00e1s para hacer el gel de ba\u00f1o de frutas en casa.<\/p>\n\n\n\n<ul class=\"wp-block-list\">\n<li><a href=\"https:\/\/granvelada.com\/es\/bases-para-hacer-cremas-cosmetica-artesanal\/3437-gel-ducha-base.html?\" target=\"_blank\" rel=\"noopener noreferrer\">Gel de ducha base<\/a>, 300 gr<\/li>\n\n\n\n<li><a href=\"https:\/\/granvelada.com\/es\/extractos-de-plantas\/2181-extracto-de-granada.html?\" target=\"_blank\" rel=\"noopener noreferrer\">Extracto de granada<\/a>, 8 gr<\/li>\n\n\n\n<li><a href=\"https:\/\/granvelada.com\/es\/donde-comprar-esencias-para-hacer-jabones-jabon-velas-perfumes\/54-donde-comprar-esencia-aromatica-de-pina.html?\" target=\"_blank\" rel=\"noopener noreferrer\">Esencia arom\u00e1tica de pi\u00f1a<\/a><\/li>\n\n\n\n<li><a href=\"https:\/\/granvelada.com\/es\/colorantes-para-sales-\/73-colorante-naranja-para-hacer-jabon-de-glicerina.html?\" target=\"_blank\" rel=\"noopener noreferrer\">Colorante naranja para jab\u00f3n de glicerina<\/a><\/li>\n\n\n\n<li><a href=\"https:\/\/granvelada.com\/es\/botellas-pet\/1653-botella-plastico-ovalada-tapon-dis-top-75-ml.html#\/cantidad-pack_de_1_ud_\/capacidad-botellas_100_ml_?\" target=\"_blank\" rel=\"noopener noreferrer\">Botella pet ovalada 100 ml<\/a><\/li>\n\n\n\n<li><a href=\"https:\/\/granvelada.com\/es\/pegatinas-decorativas\/4960-pegatinas-pinas.html?\" target=\"_blank\" rel=\"noopener noreferrer\">Pegatinas de pi\u00f1a<\/a><\/li>\n<\/ul>\n\n\n\n<figure class=\"wp-block-embed is-type-video is-provider-youtube wp-block-embed-youtube wp-embed-aspect-16-9 wp-has-aspect-ratio\"><div class=\"wp-block-embed__wrapper\">\n<iframe loading=\"lazy\" title=\"Gel de ducha de frutas\" width=\"640\" height=\"360\" src=\"https:\/\/www.youtube.com\/embed\/VHdlWwra2Ec?feature=oembed\" frameborder=\"0\" allow=\"accelerometer; autoplay; clipboard-write; encrypted-media; gyroscope; picture-in-picture\" allowfullscreen><\/iframe>\n<\/div><\/figure>\n\n\n\n<h2 class=\"wp-block-heading\">Como hacer gel de frutas<\/h2>\n\n\n\n<p>Antes de comenzar debes de tener en cuenta que a la hora de elaborar productos cosm\u00e9ticos los \u00fatiles deben de estar limpios y desinfectados.<\/p>\n\n\n\n<p>\u00a1Comenzamos!<\/p>\n\n\n\n<ol class=\"wp-block-list\">\n<li>En una jarra pesamos la base de gel de ducha y le a\u00f1adimos el extracto de granada. Incorporamos unas gotas de esencia de pi\u00f1a y mezclamos todos los ingredientes.<\/li>\n<\/ol>\n\n\n\n<p>2.&nbsp; Una vez bien unificada la mezcla envasamos en las botellas preparadas. Colocamos las pegatinas identificativas y ya estar\u00e1 listo el gel de ducha de frutas.<\/p>\n\n\n\n<p>\u00a1As\u00ed de sencillo es elaborar en casa un gel de ducha para toda la familia!<\/p>\n\n\n\n<h3 class=\"wp-block-heading\">Receta de gel de frutas casero<\/h3>\n\n\n\n<p>Todas las pieles de la familia no son iguales, unas necesitan hidrataci\u00f3n otras son mas delicadas, problemas de psoriasis. Cada miembro de la familia puede tener su propio gel de ducha de frutas personalizado. Puedes sustituir el extracto de granada por un <strong>extracto de aloe vera<\/strong> para pieles deshidratadas. Para pieles&nbsp; maduras y con celulitis o problemas de circulaci\u00f3n <strong>a\u00f1ade extracto de algas .<\/strong>Otro de los problemas mas comunes en la piel es la psoriasis, manchas, picores , para ello el <strong>extracto de avena<\/strong> es un buen aliado.<\/p>\n\n\n\n<p>Estas son algunas ideas para que hagas en casa tus propios geles. En gran velada encontrar\u00e1s una amplia gama de extractos para que tu mism@ cojas la que necesite tu piel. Accede a todos ellos pinchando sobre la imagen,<\/p>\n\n\n\n<figure class=\"wp-block-image\"><a href=\"https:\/\/granvelada.com\/es\/378-extractos-de-plantas?\" target=\"_blank\" rel=\"noopener noreferrer\"><img title=\" \"loading=\"lazy\" decoding=\"async\" width=\"980\" height=\"290\" src=\"https:\/\/granvelada.com\/blog\/wp-content\/uploads\/2018\/07\/extractos-de-plantas.png\" alt=\" \" class=\"wp-image-5945\" srcset=\"https:\/\/granvelada.com\/blog\/wp-content\/uploads\/2018\/07\/extractos-de-plantas.png 980w, https:\/\/granvelada.com\/blog\/wp-content\/uploads\/2018\/07\/extractos-de-plantas-387x115.png 387w, https:\/\/granvelada.com\/blog\/wp-content\/uploads\/2018\/07\/extractos-de-plantas-848x251.png 848w, https:\/\/granvelada.com\/blog\/wp-content\/uploads\/2018\/07\/extractos-de-plantas-768x227.png 768w\" sizes=\"auto, (max-width: 980px) 100vw, 980px\" \/><\/a><\/figure>\n\n\n\n<p>Esperamos que te haya gustado \u00e9ste post de gel de ba\u00f1o de frutas, si es as\u00ed y quieres saber mas de cosm\u00e9tica casera visita nuestros blogs de <strong>hacer cremas y hacer jabones. <\/strong>Ah\u00ed encontrar\u00e1s recetas de cremas, serums, geles, jabones todo con tutoriales sencillos para hacer en casa.<\/p>\n\n\n\n<p>Esperamos que te haya gustado \u00e9ste post, no te olvides de visitar nuestros canales en redes sociales,<a href=\"https:\/\/www.facebook.com\/granvelada\/\"><strong>Facebook<\/strong>,<\/a>&nbsp;<strong>Instagram<\/strong>,&nbsp;<a href=\"https:\/\/twitter.com\/granvelada\"><strong>twitter<\/strong><\/a>,&nbsp;<a href=\"https:\/\/plus.google.com\/+granvelada\/posts\"><strong>google+<\/strong><\/a>&nbsp;y&nbsp;<a href=\"https:\/\/es.pinterest.com\/gran_velada\/hacer-jabones\/\"><strong>Pinterest<\/strong><\/a>&nbsp;adem\u00e1s del canal de&nbsp;<a href=\"https:\/\/www.youtube.com\/user\/hacerjabones\"><strong>YouTube<\/strong><\/a>.<\/p>\n","protected":false},"excerpt":{"rendered":"<p>\u00bfEstas disfrutando del verano? El verano nos trae olores tropicales, afrutados, hoy lo incorporamos en un gel de ba\u00f1o de frutas que al olor caracter\u00edstico que desprende le a\u00f1adimos propiedades para la piel. Sigue leyendo \u00e9ste tutorial y descubre lo sencillo que te resultar\u00e1 prepara en casa un un gel de ba\u00f1o de frutas. Tan&#8230;<\/p>\n","protected":false},"author":11,"featured_media":5948,"comment_status":"open","ping_status":"closed","sticky":false,"template":"","format":"standard","meta":{"_acf_changed":false,"_monsterinsights_skip_tracking":false,"_monsterinsights_sitenote_active":false,"_monsterinsights_sitenote_note":"","_monsterinsights_sitenote_category":0,"_uf_show_specific_survey":0,"_uf_disable_surveys":false,"footnotes":""},"categories":[768,781],"tags":[],"class_list":["post-5939","post","type-post","status-publish","format-standard","has-post-thumbnail","hentry","category-hacer-jabones","category-jabon-liquido"],"acf":[],"yoast_head":"<!-- This site is optimized with the Yoast SEO plugin v19.13 - https:\/\/yoast.com\/wordpress\/plugins\/seo\/ -->\n<title>Gel de ba\u00f1o de frutas hecho en casa,fresco, dulce y tropical.<\/title>\n<meta name=\"description\" content=\"Aprende como hacer gel de ba\u00f1o de frutas con propiedades antioxidantes y regeneradoras para la piel. Luce una piel suave y cuidada este verano.\" \/>\n<meta name=\"robots\" content=\"index, follow, max-snippet:-1, max-image-preview:large, max-video-preview:-1\" \/>\n<link rel=\"canonical\" href=\"https:\/\/granvelada.com\/blog\/gel-de-bano-de-frutas\/\" \/>\n<meta property=\"og:locale\" content=\"es_ES\" \/>\n<meta property=\"og:type\" content=\"article\" \/>\n<meta property=\"og:title\" content=\"Gel de ba\u00f1o de frutas hecho en casa,fresco, dulce y tropical.\" \/>\n<meta property=\"og:description\" content=\"Aprende como hacer gel de ba\u00f1o de frutas con propiedades antioxidantes y regeneradoras para la piel. Luce una piel suave y cuidada este verano.\" \/>\n<meta property=\"og:url\" content=\"https:\/\/granvelada.com\/blog\/gel-de-bano-de-frutas\/\" \/>\n<meta property=\"og:site_name\" content=\"Blog de Gran Velada\" \/>\n<meta property=\"article:publisher\" content=\"https:\/\/es-la.facebook.com\/hacerjabon\" \/>\n<meta property=\"article:published_time\" content=\"2018-07-22T17:02:34+00:00\" \/>\n<meta property=\"article:modified_time\" content=\"2024-09-05T06:46:01+00:00\" \/>\n<meta property=\"og:image\" content=\"https:\/\/granvelada.com\/blog\/wp-content\/uploads\/2018\/07\/como-hacer-gel-de-bano-post.jpg\" \/>\n\t<meta property=\"og:image:width\" content=\"848\" \/>\n\t<meta property=\"og:image:height\" content=\"477\" \/>\n\t<meta property=\"og:image:type\" content=\"image\/jpeg\" \/>\n<meta name=\"author\" content=\"contacto@granvelada.com\" \/>\n<meta name=\"twitter:card\" content=\"summary_large_image\" \/>\n<meta name=\"twitter:title\" content=\"Gel de ba\u00f1o de frutas\" \/>\n<meta name=\"twitter:description\" content=\"Tutorial para hacer gel de ba\u00f1o casero con frutas tropicales#granvelada\" \/>\n<meta name=\"twitter:image\" content=\"https:\/\/granvelada.com\/blog\/wp-content\/uploads\/2018\/07\/como-hacer-gel-de-bano-post.jpg\" \/>\n<meta name=\"twitter:creator\" content=\"@granvelada\" \/>\n<meta name=\"twitter:site\" content=\"@granvelada\" \/>\n<meta name=\"twitter:label1\" content=\"Escrito por\" \/>\n\t<meta name=\"twitter:data1\" content=\"contacto@granvelada.com\" \/>\n\t<meta name=\"twitter:label2\" content=\"Tiempo de lectura\" \/>\n\t<meta name=\"twitter:data2\" content=\"3 minutos\" \/>\n<script type=\"application\/ld+json\" class=\"yoast-schema-graph\">{\"@context\":\"https:\/\/schema.org\",\"@graph\":[{\"@type\":\"Article\",\"@id\":\"https:\/\/granvelada.com\/blog\/gel-de-bano-de-frutas\/#article\",\"isPartOf\":{\"@id\":\"https:\/\/granvelada.com\/blog\/gel-de-bano-de-frutas\/\"},\"author\":{\"name\":\"contacto@granvelada.com\",\"@id\":\"https:\/\/granvelada.com\/blog\/#\/schema\/person\/79a0c8033911e0b07bad40e7b4beb5e5\"},\"headline\":\"Gel de ba\u00f1o de frutas\",\"datePublished\":\"2018-07-22T17:02:34+00:00\",\"dateModified\":\"2024-09-05T06:46:01+00:00\",\"mainEntityOfPage\":{\"@id\":\"https:\/\/granvelada.com\/blog\/gel-de-bano-de-frutas\/\"},\"wordCount\":553,\"commentCount\":0,\"publisher\":{\"@id\":\"https:\/\/granvelada.com\/blog\/#organization\"},\"articleSection\":[\"Hacer jabones\",\"Jab\u00f3n l\u00edquido\"],\"inLanguage\":\"es\",\"potentialAction\":[{\"@type\":\"CommentAction\",\"name\":\"Comment\",\"target\":[\"https:\/\/granvelada.com\/blog\/gel-de-bano-de-frutas\/#respond\"]}]},{\"@type\":\"WebPage\",\"@id\":\"https:\/\/granvelada.com\/blog\/gel-de-bano-de-frutas\/\",\"url\":\"https:\/\/granvelada.com\/blog\/gel-de-bano-de-frutas\/\",\"name\":\"Gel de ba\u00f1o de frutas hecho en casa,fresco, dulce y tropical.\",\"isPartOf\":{\"@id\":\"https:\/\/granvelada.com\/blog\/#website\"},\"datePublished\":\"2018-07-22T17:02:34+00:00\",\"dateModified\":\"2024-09-05T06:46:01+00:00\",\"description\":\"Aprende como hacer gel de ba\u00f1o de frutas con propiedades antioxidantes y regeneradoras para la piel. Luce una piel suave y cuidada este verano.\",\"breadcrumb\":{\"@id\":\"https:\/\/granvelada.com\/blog\/gel-de-bano-de-frutas\/#breadcrumb\"},\"inLanguage\":\"es\",\"potentialAction\":[{\"@type\":\"ReadAction\",\"target\":[\"https:\/\/granvelada.com\/blog\/gel-de-bano-de-frutas\/\"]}]},{\"@type\":\"BreadcrumbList\",\"@id\":\"https:\/\/granvelada.com\/blog\/gel-de-bano-de-frutas\/#breadcrumb\",\"itemListElement\":[{\"@type\":\"ListItem\",\"position\":1,\"name\":\"Portada\",\"item\":\"https:\/\/granvelada.com\/blog\/\"},{\"@type\":\"ListItem\",\"position\":2,\"name\":\"Gel de ba\u00f1o de frutas\"}]},{\"@type\":\"WebSite\",\"@id\":\"https:\/\/granvelada.com\/blog\/#website\",\"url\":\"https:\/\/granvelada.com\/blog\/\",\"name\":\"Blog de Gran Velada\",\"description\":\"Recetas y tutoriales para hacer cremas, jabones, velas, detalles y cosm\u00e9tica casera\",\"publisher\":{\"@id\":\"https:\/\/granvelada.com\/blog\/#organization\"},\"potentialAction\":[{\"@type\":\"SearchAction\",\"target\":{\"@type\":\"EntryPoint\",\"urlTemplate\":\"https:\/\/granvelada.com\/blog\/?s={search_term_string}\"},\"query-input\":\"required name=search_term_string\"}],\"inLanguage\":\"es\"},{\"@type\":\"Organization\",\"@id\":\"https:\/\/granvelada.com\/blog\/#organization\",\"name\":\"Granvelada.com\",\"url\":\"https:\/\/granvelada.com\/blog\/\",\"logo\":{\"@type\":\"ImageObject\",\"inLanguage\":\"es\",\"@id\":\"https:\/\/granvelada.com\/blog\/#\/schema\/logo\/image\/\",\"url\":\"https:\/\/granvelada.com\/blog\/wp-content\/uploads\/2015\/06\/hacervelas-granvelada.jpg\",\"contentUrl\":\"https:\/\/granvelada.com\/blog\/wp-content\/uploads\/2015\/06\/hacervelas-granvelada.jpg\",\"width\":851,\"height\":315,\"caption\":\"Granvelada.com\"},\"image\":{\"@id\":\"https:\/\/granvelada.com\/blog\/#\/schema\/logo\/image\/\"},\"sameAs\":[\"https:\/\/www.pinterest.com\/hacerjabon\/\",\"https:\/\/www.youtube.com\/user\/hacerjabones\",\"https:\/\/es-la.facebook.com\/hacerjabon\",\"https:\/\/twitter.com\/granvelada\"]},{\"@type\":\"Person\",\"@id\":\"https:\/\/granvelada.com\/blog\/#\/schema\/person\/79a0c8033911e0b07bad40e7b4beb5e5\",\"name\":\"contacto@granvelada.com\",\"image\":{\"@type\":\"ImageObject\",\"inLanguage\":\"es\",\"@id\":\"https:\/\/granvelada.com\/blog\/#\/schema\/person\/image\/\",\"url\":\"https:\/\/secure.gravatar.com\/avatar\/e958d5c17339949fb4785a9125a88aeee44e33d213fb1dc61944c17f81676f25?s=96&d=mm&r=g\",\"contentUrl\":\"https:\/\/secure.gravatar.com\/avatar\/e958d5c17339949fb4785a9125a88aeee44e33d213fb1dc61944c17f81676f25?s=96&d=mm&r=g\",\"caption\":\"contacto@granvelada.com\"}}]}<\/script>\n<!-- \/ Yoast SEO plugin. -->","yoast_head_json":{"title":"Gel de ba\u00f1o de frutas hecho en casa,fresco, dulce y tropical.","description":"Aprende como hacer gel de ba\u00f1o de frutas con propiedades antioxidantes y regeneradoras para la piel. Luce una piel suave y cuidada este verano.","robots":{"index":"index","follow":"follow","max-snippet":"max-snippet:-1","max-image-preview":"max-image-preview:large","max-video-preview":"max-video-preview:-1"},"canonical":"https:\/\/granvelada.com\/blog\/gel-de-bano-de-frutas\/","og_locale":"es_ES","og_type":"article","og_title":"Gel de ba\u00f1o de frutas hecho en casa,fresco, dulce y tropical.","og_description":"Aprende como hacer gel de ba\u00f1o de frutas con propiedades antioxidantes y regeneradoras para la piel. Luce una piel suave y cuidada este verano.","og_url":"https:\/\/granvelada.com\/blog\/gel-de-bano-de-frutas\/","og_site_name":"Blog de Gran Velada","article_publisher":"https:\/\/es-la.facebook.com\/hacerjabon","article_published_time":"2018-07-22T17:02:34+00:00","article_modified_time":"2024-09-05T06:46:01+00:00","og_image":[{"width":848,"height":477,"url":"https:\/\/granvelada.com\/blog\/wp-content\/uploads\/2018\/07\/como-hacer-gel-de-bano-post.jpg","type":"image\/jpeg"}],"author":"contacto@granvelada.com","twitter_card":"summary_large_image","twitter_title":"Gel de ba\u00f1o de frutas","twitter_description":"Tutorial para hacer gel de ba\u00f1o casero con frutas tropicales#granvelada","twitter_image":"https:\/\/granvelada.com\/blog\/wp-content\/uploads\/2018\/07\/como-hacer-gel-de-bano-post.jpg","twitter_creator":"@granvelada","twitter_site":"@granvelada","twitter_misc":{"Escrito por":"contacto@granvelada.com","Tiempo de lectura":"3 minutos"},"schema":{"@context":"https:\/\/schema.org","@graph":[{"@type":"Article","@id":"https:\/\/granvelada.com\/blog\/gel-de-bano-de-frutas\/#article","isPartOf":{"@id":"https:\/\/granvelada.com\/blog\/gel-de-bano-de-frutas\/"},"author":{"name":"contacto@granvelada.com","@id":"https:\/\/granvelada.com\/blog\/#\/schema\/person\/79a0c8033911e0b07bad40e7b4beb5e5"},"headline":"Gel de ba\u00f1o de frutas","datePublished":"2018-07-22T17:02:34+00:00","dateModified":"2024-09-05T06:46:01+00:00","mainEntityOfPage":{"@id":"https:\/\/granvelada.com\/blog\/gel-de-bano-de-frutas\/"},"wordCount":553,"commentCount":0,"publisher":{"@id":"https:\/\/granvelada.com\/blog\/#organization"},"articleSection":["Hacer jabones","Jab\u00f3n l\u00edquido"],"inLanguage":"es","potentialAction":[{"@type":"CommentAction","name":"Comment","target":["https:\/\/granvelada.com\/blog\/gel-de-bano-de-frutas\/#respond"]}]},{"@type":"WebPage","@id":"https:\/\/granvelada.com\/blog\/gel-de-bano-de-frutas\/","url":"https:\/\/granvelada.com\/blog\/gel-de-bano-de-frutas\/","name":"Gel de ba\u00f1o de frutas hecho en casa,fresco, dulce y tropical.","isPartOf":{"@id":"https:\/\/granvelada.com\/blog\/#website"},"datePublished":"2018-07-22T17:02:34+00:00","dateModified":"2024-09-05T06:46:01+00:00","description":"Aprende como hacer gel de ba\u00f1o de frutas con propiedades antioxidantes y regeneradoras para la piel. Luce una piel suave y cuidada este verano.","breadcrumb":{"@id":"https:\/\/granvelada.com\/blog\/gel-de-bano-de-frutas\/#breadcrumb"},"inLanguage":"es","potentialAction":[{"@type":"ReadAction","target":["https:\/\/granvelada.com\/blog\/gel-de-bano-de-frutas\/"]}]},{"@type":"BreadcrumbList","@id":"https:\/\/granvelada.com\/blog\/gel-de-bano-de-frutas\/#breadcrumb","itemListElement":[{"@type":"ListItem","position":1,"name":"Portada","item":"https:\/\/granvelada.com\/blog\/"},{"@type":"ListItem","position":2,"name":"Gel de ba\u00f1o de frutas"}]},{"@type":"WebSite","@id":"https:\/\/granvelada.com\/blog\/#website","url":"https:\/\/granvelada.com\/blog\/","name":"Blog de Gran Velada","description":"Recetas y tutoriales para hacer cremas, jabones, velas, detalles y cosm\u00e9tica casera","publisher":{"@id":"https:\/\/granvelada.com\/blog\/#organization"},"potentialAction":[{"@type":"SearchAction","target":{"@type":"EntryPoint","urlTemplate":"https:\/\/granvelada.com\/blog\/?s={search_term_string}"},"query-input":"required name=search_term_string"}],"inLanguage":"es"},{"@type":"Organization","@id":"https:\/\/granvelada.com\/blog\/#organization","name":"Granvelada.com","url":"https:\/\/granvelada.com\/blog\/","logo":{"@type":"ImageObject","inLanguage":"es","@id":"https:\/\/granvelada.com\/blog\/#\/schema\/logo\/image\/","url":"https:\/\/granvelada.com\/blog\/wp-content\/uploads\/2015\/06\/hacervelas-granvelada.jpg","contentUrl":"https:\/\/granvelada.com\/blog\/wp-content\/uploads\/2015\/06\/hacervelas-granvelada.jpg","width":851,"height":315,"caption":"Granvelada.com"},"image":{"@id":"https:\/\/granvelada.com\/blog\/#\/schema\/logo\/image\/"},"sameAs":["https:\/\/www.pinterest.com\/hacerjabon\/","https:\/\/www.youtube.com\/user\/hacerjabones","https:\/\/es-la.facebook.com\/hacerjabon","https:\/\/twitter.com\/granvelada"]},{"@type":"Person","@id":"https:\/\/granvelada.com\/blog\/#\/schema\/person\/79a0c8033911e0b07bad40e7b4beb5e5","name":"contacto@granvelada.com","image":{"@type":"ImageObject","inLanguage":"es","@id":"https:\/\/granvelada.com\/blog\/#\/schema\/person\/image\/","url":"https:\/\/secure.gravatar.com\/avatar\/e958d5c17339949fb4785a9125a88aeee44e33d213fb1dc61944c17f81676f25?s=96&d=mm&r=g","contentUrl":"https:\/\/secure.gravatar.com\/avatar\/e958d5c17339949fb4785a9125a88aeee44e33d213fb1dc61944c17f81676f25?s=96&d=mm&r=g","caption":"contacto@granvelada.com"}}]}},"_links":{"self":[{"href":"https:\/\/granvelada.com\/blog\/wp-json\/wp\/v2\/posts\/5939","targetHints":{"allow":["GET"]}}],"collection":[{"href":"https:\/\/granvelada.com\/blog\/wp-json\/wp\/v2\/posts"}],"about":[{"href":"https:\/\/granvelada.com\/blog\/wp-json\/wp\/v2\/types\/post"}],"author":[{"embeddable":true,"href":"https:\/\/granvelada.com\/blog\/wp-json\/wp\/v2\/users\/11"}],"replies":[{"embeddable":true,"href":"https:\/\/granvelada.com\/blog\/wp-json\/wp\/v2\/comments?post=5939"}],"version-history":[{"count":15,"href":"https:\/\/granvelada.com\/blog\/wp-json\/wp\/v2\/posts\/5939\/revisions"}],"predecessor-version":[{"id":22353,"href":"https:\/\/granvelada.com\/blog\/wp-json\/wp\/v2\/posts\/5939\/revisions\/22353"}],"wp:featuredmedia":[{"embeddable":true,"href":"https:\/\/granvelada.com\/blog\/wp-json\/wp\/v2\/media\/5948"}],"wp:attachment":[{"href":"https:\/\/granvelada.com\/blog\/wp-json\/wp\/v2\/media?parent=5939"}],"wp:term":[{"taxonomy":"category","embeddable":true,"href":"https:\/\/granvelada.com\/blog\/wp-json\/wp\/v2\/categories?post=5939"},{"taxonomy":"post_tag","embeddable":true,"href":"https:\/\/granvelada.com\/blog\/wp-json\/wp\/v2\/tags?post=5939"}],"curies":[{"name":"wp","href":"https:\/\/api.w.org\/{rel}","templated":true}]}}