{"id":24754,"date":"2024-11-15T11:55:48","date_gmt":"2024-11-15T10:55:48","guid":{"rendered":"https:\/\/granvelada.com\/blog\/?p=24754"},"modified":"2024-12-05T15:39:57","modified_gmt":"2024-12-05T14:39:57","slug":"como-hacer-portavelas-navidenos-con-el-kit-de-gran-velada","status":"publish","type":"post","link":"https:\/\/granvelada.com\/blog\/como-hacer-portavelas-navidenos-con-el-kit-de-gran-velada\/","title":{"rendered":"C\u00f3mo hacer Portavelas Navide\u00f1os con el Kit de Gran Velada"},"content":{"rendered":"\n<p>La \u00e9poca navide\u00f1a es perfecta para decorar el hogar con detalles personalizados y llenos de encanto. Una de las formas m\u00e1s creativas y acogedoras de a\u00f1adir un toque navide\u00f1o a tu decoraci\u00f3n es utilizando portavelas hechos a mano. <\/p>\n\n\n\n<!--more-->\n\n\n<div class=\"wp-block-image\">\n<figure class=\"aligncenter size-large is-resized\"><img title=\" \"loading=\"lazy\" decoding=\"async\" src=\"https:\/\/granvelada.com\/blog\/wp-content\/uploads\/2024\/11\/kit-portavelas-navideno-3-848x477.jpg\" alt=\" \" class=\"wp-image-24755\" width=\"1151\" height=\"647\" srcset=\"https:\/\/granvelada.com\/blog\/wp-content\/uploads\/2024\/11\/kit-portavelas-navideno-3-848x477.jpg 848w, https:\/\/granvelada.com\/blog\/wp-content\/uploads\/2024\/11\/kit-portavelas-navideno-3-387x218.jpg 387w, https:\/\/granvelada.com\/blog\/wp-content\/uploads\/2024\/11\/kit-portavelas-navideno-3-129x73.jpg 129w, https:\/\/granvelada.com\/blog\/wp-content\/uploads\/2024\/11\/kit-portavelas-navideno-3-768x432.jpg 768w, https:\/\/granvelada.com\/blog\/wp-content\/uploads\/2024\/11\/kit-portavelas-navideno-3-300x169.jpg 300w, https:\/\/granvelada.com\/blog\/wp-content\/uploads\/2024\/11\/kit-portavelas-navideno-3-317x178.jpg 317w, https:\/\/granvelada.com\/blog\/wp-content\/uploads\/2024\/11\/kit-portavelas-navideno-3-424x239.jpg 424w, https:\/\/granvelada.com\/blog\/wp-content\/uploads\/2024\/11\/kit-portavelas-navideno-3.jpg 896w, https:\/\/granvelada.com\/blog\/wp-content\/uploads\/2024\/11\/kit-portavelas-navideno-3-581x327.jpg 581w, https:\/\/granvelada.com\/blog\/wp-content\/uploads\/2024\/11\/kit-portavelas-navideno-3-310x174.jpg 310w, https:\/\/granvelada.com\/blog\/wp-content\/uploads\/2024\/11\/kit-portavelas-navideno-3-232x131.jpg 232w, https:\/\/granvelada.com\/blog\/wp-content\/uploads\/2024\/11\/kit-portavelas-navideno-3-275x155.jpg 275w\" sizes=\"auto, (max-width: 1151px) 100vw, 1151px\" \/><\/figure>\n<\/div>\n\n\n<p>Con el <a href=\"https:\/\/granvelada.com\/es\/kit-manualidades-navidad\/10438-kit-como-hacer-3-portavelas-navideno-materiales-e-instrucciones.html\" target=\"_blank\" rel=\"noreferrer noopener\">kit de portavelas navide\u00f1os de Gran Velada<\/a>, tienes todo lo necesario para crear tres portavelas navide\u00f1os de forma sencilla y entretenida. Si deseas hacer m\u00e1s, puedes adquirir resina al agua adicional, lo que te permitir\u00e1 realizar todos los portavelas que quieras; de hecho, con un kilo extra de resina al agua, puedes fabricar hasta 12 portavelas adicionales. <\/p>\n\n\n\n<p>Puedes personalizarlos a\u00f1adiendo pigmentos de color o, si prefieres un estilo m\u00e1s cl\u00e1sico, dejarlos en blanco. \u00a1El l\u00edmite lo pone tu creatividad!<\/p>\n\n\n<div class=\"wp-block-image\">\n<figure class=\"aligncenter size-large is-resized\"><img title=\" \"loading=\"lazy\" decoding=\"async\" src=\"https:\/\/granvelada.com\/blog\/wp-content\/uploads\/2024\/11\/kit-portavelas-navidad-1-1-848x477.png\" alt=\" \" class=\"wp-image-24765\" width=\"1226\" height=\"688\" srcset=\"https:\/\/granvelada.com\/blog\/wp-content\/uploads\/2024\/11\/kit-portavelas-navidad-1-1-848x477.png 848w, https:\/\/granvelada.com\/blog\/wp-content\/uploads\/2024\/11\/kit-portavelas-navidad-1-1-387x218.png 387w, https:\/\/granvelada.com\/blog\/wp-content\/uploads\/2024\/11\/kit-portavelas-navidad-1-1-129x73.png 129w, https:\/\/granvelada.com\/blog\/wp-content\/uploads\/2024\/11\/kit-portavelas-navidad-1-1-768x432.png 768w, https:\/\/granvelada.com\/blog\/wp-content\/uploads\/2024\/11\/kit-portavelas-navidad-1-1-300x169.png 300w, https:\/\/granvelada.com\/blog\/wp-content\/uploads\/2024\/11\/kit-portavelas-navidad-1-1-317x178.png 317w, https:\/\/granvelada.com\/blog\/wp-content\/uploads\/2024\/11\/kit-portavelas-navidad-1-1-424x239.png 424w, https:\/\/granvelada.com\/blog\/wp-content\/uploads\/2024\/11\/kit-portavelas-navidad-1-1.png 896w, https:\/\/granvelada.com\/blog\/wp-content\/uploads\/2024\/11\/kit-portavelas-navidad-1-1-581x327.png 581w, https:\/\/granvelada.com\/blog\/wp-content\/uploads\/2024\/11\/kit-portavelas-navidad-1-1-310x174.png 310w, https:\/\/granvelada.com\/blog\/wp-content\/uploads\/2024\/11\/kit-portavelas-navidad-1-1-232x131.png 232w, https:\/\/granvelada.com\/blog\/wp-content\/uploads\/2024\/11\/kit-portavelas-navidad-1-1-275x155.png 275w\" sizes=\"auto, (max-width: 1226px) 100vw, 1226px\" \/><figcaption class=\"wp-element-caption\">EL KIT DISPONE DE UN QR QUE TE ENLAZA CON ESTE PASO A PASO, DISPONE DE TODOS LOS MATERIALES NECESARIOS. <\/figcaption><\/figure>\n<\/div>\n\n\n<h3 class=\"wp-block-heading\"><strong>Beneficios de hacer portavelas navide\u00f1os caseros<\/strong><\/h3>\n\n\n\n<p>Crear tus propios portavelas navide\u00f1os tiene m\u00faltiples beneficios. No solo es una actividad divertida que puedes disfrutar en familia o de forma individual, sino que tambi\u00e9n permite personalizar la decoraci\u00f3n de tu hogar seg\u00fan tu estilo. Adem\u00e1s, estos portavelas son una excelente opci\u00f3n para regalar, pues son pr\u00e1cticos y a\u00f1aden un toque decorativo que resaltar\u00e1 en cualquier espacio. Si eres amante de las manualidades, este kit es ideal para expresar tu creatividad y darle un toque especial a tus celebraciones navide\u00f1as.<\/p>\n\n\n\n<figure class=\"wp-block-embed is-type-video is-provider-youtube wp-block-embed-youtube wp-embed-aspect-16-9 wp-has-aspect-ratio\"><div class=\"wp-block-embed__wrapper\">\n<iframe loading=\"lazy\" title=\"Kit co\u0301mo hacer Portavelas naviden\u0303os\" width=\"640\" height=\"360\" src=\"https:\/\/www.youtube.com\/embed\/o9jhjMAzH98?feature=oembed\" frameborder=\"0\" allow=\"accelerometer; autoplay; clipboard-write; encrypted-media; gyroscope; picture-in-picture; web-share\" referrerpolicy=\"strict-origin-when-cross-origin\" allowfullscreen><\/iframe>\n<\/div><figcaption class=\"wp-element-caption\">HEMOS PREPARADO UN VIDEO TUTORIAL CON EL PASO A PASO.<\/figcaption><\/figure>\n\n\n\n<h2 class=\"wp-block-heading\"><strong>\u00bfQu\u00e9 incluye el Kit portavelas navide\u00f1o casero?<\/strong><\/h2>\n\n\n\n<p><br>El kit de portavelas navide\u00f1os de Gran Velada incluye todo lo necesario para que puedas crear tres portavelas con un dise\u00f1o navide\u00f1o \u00fanico. A un precio de 14 \u20ac, este kit cuenta con materiales de calidad y un c\u00f3digo QR que te lleva a un video con instrucciones detalladas para seguir el proceso sin dificultad. <\/p>\n\n\n\n<p>Es perfecto tanto para aquellos que buscan a\u00f1adir un toque personalizado a su hogar como para quienes desean sorprender a alguien con un regalo especial.<\/p>\n\n\n\n<h3 class=\"wp-block-heading\">Materiales incluidos en el kit portavelas navide\u00f1o:<\/h3>\n\n\n\n<ul class=\"wp-block-list\">\n<li>250 g de Resina al Agua<\/li>\n\n\n\n<li>2 cc de Pigmento Verde para cemento y escayola<\/li>\n\n\n\n<li>2 cc de Pigmento Siena para cemento y escayola<\/li>\n\n\n\n<li>Molde con dise\u00f1o de Copo de nieve<\/li>\n\n\n\n<li>3 velitas de T\u00e9<\/li>\n\n\n\n<li>3 bolsas de celof\u00e1n<\/li>\n\n\n\n<li>3 pegatinas<\/li>\n\n\n\n<li>3 esp\u00e1tulas<\/li>\n<\/ul>\n\n\n<div class=\"wp-block-image\">\n<figure class=\"aligncenter size-full is-resized\"><a href=\"https:\/\/granvelada.com\/es\/kit-manualidades-navidad\/10438-kit-como-hacer-3-portavelas-navideno-materiales-e-instrucciones.html\" target=\"_blank\" rel=\"noopener\"><img title=\" \"loading=\"lazy\" decoding=\"async\" src=\"https:\/\/granvelada.com\/blog\/wp-content\/uploads\/2024\/11\/image-6.png\" alt=\" \" class=\"wp-image-24727\" width=\"1217\" height=\"215\" srcset=\"https:\/\/granvelada.com\/blog\/wp-content\/uploads\/2024\/11\/image-6.png 848w, https:\/\/granvelada.com\/blog\/wp-content\/uploads\/2024\/11\/image-6-387x68.png 387w, https:\/\/granvelada.com\/blog\/wp-content\/uploads\/2024\/11\/image-6-768x136.png 768w\" sizes=\"auto, (max-width: 1217px) 100vw, 1217px\" \/><\/a><figcaption class=\"wp-element-caption\">COMPRA EL KIT PINCHANDO EN EL BANNER!<\/figcaption><\/figure>\n<\/div>\n\n\n<p><br>Con estos materiales, tendr\u00e1s todo lo que necesitas para crear tus propios portavelas navide\u00f1os desde la comodidad de tu hogar.<\/p>\n\n\n\n<h2 class=\"wp-block-heading\">Paso a paso: C\u00f3mo hacer Portavelas Navide\u00f1os con el Kit<\/h2>\n\n\n\n<ul class=\"wp-block-list\">\n<li>Preparaci\u00f3n del pigmento: Coloca el pigmento en un mortero y tritura las part\u00edculas para obtener un color uniforme. Mezcla con una peque\u00f1a cantidad de resina en polvo.<\/li>\n\n\n\n<li>A\u00f1adir la resina: A\u00f1ade 83 gramos de resina al pigmento y mezcla bien hasta conseguir una consistencia homog\u00e9nea.<\/li>\n\n\n\n<li>Mezcla con agua: En otro recipiente, pesa 23 gramos de agua y agr\u00e9gala poco a poco a la resina coloreada. Mezcla hasta obtener una masa fina y sin grumos.<\/li>\n\n\n\n<li>Rellenado del molde: Vierte la mezcla en el molde de copo de nieve, asegur\u00e1ndote de eliminar posibles burbujas de aire con un palillo para un acabado perfecto.<\/li>\n<\/ul>\n\n\n<div class=\"wp-block-image\">\n<figure class=\"aligncenter size-large is-resized\"><img title=\" \"loading=\"lazy\" decoding=\"async\" src=\"https:\/\/granvelada.com\/blog\/wp-content\/uploads\/2024\/11\/kit-portavelas-navidad-2-848x477.png\" alt=\" \" class=\"wp-image-24766\" width=\"1058\" height=\"592\" srcset=\"https:\/\/granvelada.com\/blog\/wp-content\/uploads\/2024\/11\/kit-portavelas-navidad-2-387x218.png 387w, https:\/\/granvelada.com\/blog\/wp-content\/uploads\/2024\/11\/kit-portavelas-navidad-2-129x73.png 129w, https:\/\/granvelada.com\/blog\/wp-content\/uploads\/2024\/11\/kit-portavelas-navidad-2-300x169.png 300w, https:\/\/granvelada.com\/blog\/wp-content\/uploads\/2024\/11\/kit-portavelas-navidad-2-317x178.png 317w, https:\/\/granvelada.com\/blog\/wp-content\/uploads\/2024\/11\/kit-portavelas-navidad-2-310x174.png 310w, https:\/\/granvelada.com\/blog\/wp-content\/uploads\/2024\/11\/kit-portavelas-navidad-2-232x131.png 232w, https:\/\/granvelada.com\/blog\/wp-content\/uploads\/2024\/11\/kit-portavelas-navidad-2-275x155.png 275w\" sizes=\"auto, (max-width: 1058px) 100vw, 1058px\" \/><\/figure>\n<\/div>\n\n\n<ul class=\"wp-block-list\">\n<li>Secado: Deja secar por completo antes de desmoldar para evitar que se rompa la figura. El tiempo de secado es esencial para asegurar que los portavelas mantengan su forma y textura.<\/li>\n\n\n\n<li>Colocar la vela: Una vez desmoldado, coloca una de las velitas de t\u00e9 en el portavelas y enci\u00e9ndela para disfrutar de un toque c\u00e1lido y festivo.<\/li>\n\n\n\n<li>Repite el proceso para crear los tres portavelas y col\u00f3calos en diferentes partes de tu hogar para a\u00f1adir un ambiente navide\u00f1o acogedor.<\/li>\n<\/ul>\n\n\n<div class=\"wp-block-image\">\n<figure class=\"aligncenter size-large is-resized\"><img title=\" \"loading=\"lazy\" decoding=\"async\" src=\"https:\/\/granvelada.com\/blog\/wp-content\/uploads\/2024\/11\/kit-velas-navidad-3-848x477.png\" alt=\" \" class=\"wp-image-24767\" width=\"1175\" height=\"661\" srcset=\"https:\/\/granvelada.com\/blog\/wp-content\/uploads\/2024\/11\/kit-velas-navidad-3-848x477.png 848w, https:\/\/granvelada.com\/blog\/wp-content\/uploads\/2024\/11\/kit-velas-navidad-3-387x218.png 387w, https:\/\/granvelada.com\/blog\/wp-content\/uploads\/2024\/11\/kit-velas-navidad-3-129x73.png 129w, https:\/\/granvelada.com\/blog\/wp-content\/uploads\/2024\/11\/kit-velas-navidad-3-768x432.png 768w, https:\/\/granvelada.com\/blog\/wp-content\/uploads\/2024\/11\/kit-velas-navidad-3-300x169.png 300w, https:\/\/granvelada.com\/blog\/wp-content\/uploads\/2024\/11\/kit-velas-navidad-3-317x178.png 317w, https:\/\/granvelada.com\/blog\/wp-content\/uploads\/2024\/11\/kit-velas-navidad-3-424x239.png 424w, https:\/\/granvelada.com\/blog\/wp-content\/uploads\/2024\/11\/kit-velas-navidad-3-581x327.png 581w, https:\/\/granvelada.com\/blog\/wp-content\/uploads\/2024\/11\/kit-velas-navidad-3-310x174.png 310w, https:\/\/granvelada.com\/blog\/wp-content\/uploads\/2024\/11\/kit-velas-navidad-3-232x131.png 232w, https:\/\/granvelada.com\/blog\/wp-content\/uploads\/2024\/11\/kit-velas-navidad-3-275x155.png 275w, https:\/\/granvelada.com\/blog\/wp-content\/uploads\/2024\/11\/kit-velas-navidad-3.png 897w\" sizes=\"auto, (max-width: 1175px) 100vw, 1175px\" \/><\/figure>\n<\/div>\n\n\n<h3 class=\"wp-block-heading\">Ideas de decoraci\u00f3n con Portavelas Navide\u00f1os<\/h3>\n\n\n\n<p>Estos portavelas son vers\u00e1tiles y pueden integrarse f\u00e1cilmente en distintas partes de la decoraci\u00f3n de tu hogar. Puedes colocarlos en la mesa de Navidad para dar un toque festivo y elegante durante tus reuniones familiares, o distribuirlos en otros rincones para crear una atm\u00f3sfera especial durante las fiestas. La suave luz de las velas resalta la decoraci\u00f3n y llena el espacio de un brillo m\u00e1gico que invita a la calma y a la celebraci\u00f3n.<\/p>\n\n\n\n<h3 class=\"wp-block-heading\">Preguntas frecuentes sobre el Kit de Portavelas Navide\u00f1os de Gran Velada<\/h3>\n\n\n\n<ul class=\"wp-block-list\">\n<li><strong>1. \u00bfCu\u00e1nto tiempo toma hacer los portavelas navide\u00f1os con este kit?<\/strong> El proceso de preparaci\u00f3n y secado puede tomar entre 24 y 48 horas en total, dependiendo de las condiciones de humedad y temperatura. El tiempo activo de preparaci\u00f3n es de aproximadamente 30 minutos, pero es importante dejar secar completamente el portavelas antes de desmoldar.<\/li>\n\n\n\n<li><strong>2. \u00bfEs necesario tener experiencia previa en manualidades para usar este kit?<\/strong> No, este kit es adecuado tanto para principiantes como para personas con experiencia en manualidades. Incluye instrucciones detalladas y un c\u00f3digo QR que lleva a un video tutorial paso a paso, lo cual facilita el proceso.<\/li>\n\n\n\n<li><strong>3. \u00bfPuedo personalizar los colores de los portavelas?<\/strong> El kit incluye pigmentos en colores verde y siena, pensados para lograr una est\u00e9tica navide\u00f1a. Si deseas otros colores, puedes a\u00f1adir pigmentos adicionales compatibles con resina al agua, aunque esto no est\u00e1 incluido en el kit.<\/li>\n\n\n\n<li><strong>4. \u00bfCu\u00e1ntos portavelas puedo hacer con un solo kit?<\/strong> Este kit est\u00e1 dise\u00f1ado para crear tres portavelas navide\u00f1os, cada uno con su propio dise\u00f1o en forma de copo de nieve. Todos los materiales est\u00e1n incluidos para completar estas tres piezas.<\/li>\n\n\n\n<li><strong>5. \u00bfEs seguro usar estos portavelas con velas encendidas?<\/strong> S\u00ed, el material de resina al agua es seguro para sostener velas de t\u00e9, ya que la vela no entra en contacto directo con el material de la base. Sin embargo, como con cualquier portavelas, se recomienda no dejar las velas encendidas sin supervisi\u00f3n.<\/li>\n\n\n\n<li><strong>6. \u00bfD\u00f3nde puedo colocar estos portavelas en casa?<\/strong> Estos portavelas son perfectos para la decoraci\u00f3n de la mesa de Navidad, en estantes, repisas o cualquier rinc\u00f3n del hogar donde quieras a\u00f1adir un toque festivo. La luz c\u00e1lida de las velas ayuda a crear una atm\u00f3sfera acogedora en cualquier lugar.<\/li>\n\n\n\n<li><strong>7. \u00bfEl kit incluye herramientas para mezclar y verter los materiales?<\/strong> S\u00ed, el kit incluye esp\u00e1tulas para mezclar los materiales y moldes para crear los portavelas. Tambi\u00e9n incluye bolsas de celof\u00e1n y pegatinas para presentar los portavelas como regalos, si lo deseas.<\/li>\n\n\n\n<li><strong>8. \u00bfPuedo reutilizar el molde despu\u00e9s de hacer los tres portavelas?<\/strong> S\u00ed, el molde puede ser reutilizado siempre que se cuide adecuadamente. Solo aseg\u00farate de limpiarlo bien despu\u00e9s de cada uso para que est\u00e9 en \u00f3ptimas condiciones para futuros proyectos.<\/li>\n\n\n\n<li><strong>9. \u00bfPuedo comprar este kit como regalo y enviarlo directamente a otra persona?<\/strong> Gran Velada ofrece opciones de env\u00edo que te permiten enviar el kit como regalo. Adem\u00e1s, el kit viene presentado de manera atractiva, ideal para sorprender a amigos o familiares que disfrutan de las manualidades.<\/li>\n\n\n\n<li><strong>10. \u00bfHay descuentos o promociones disponibles al comprar el kit?<\/strong><br>Gran Velada ofrece un descuento de 5 \u20ac en la primera compra para pedidos superiores a 45 \u20ac. Adem\u00e1s, puedes suscribirte a sus ofertas y promociones mensuales para recibir notificaciones de descuentos y productos nuevos.<\/li>\n<\/ul>\n\n\n<div class=\"wp-block-image\">\n<figure class=\"aligncenter size-full is-resized\"><a href=\"https:\/\/granvelada.com\/es\/kit-manualidades-navidad\/10438-kit-como-hacer-3-portavelas-navideno-materiales-e-instrucciones.html\" target=\"_blank\" rel=\"noopener\"><img title=\" \"loading=\"lazy\" decoding=\"async\" src=\"https:\/\/granvelada.com\/blog\/wp-content\/uploads\/2024\/11\/image-8.png\" alt=\" \" class=\"wp-image-24758\" width=\"1235\" height=\"218\" srcset=\"https:\/\/granvelada.com\/blog\/wp-content\/uploads\/2024\/11\/image-8.png 848w, https:\/\/granvelada.com\/blog\/wp-content\/uploads\/2024\/11\/image-8-387x68.png 387w, https:\/\/granvelada.com\/blog\/wp-content\/uploads\/2024\/11\/image-8-768x136.png 768w\" sizes=\"auto, (max-width: 1235px) 100vw, 1235px\" \/><\/a><figcaption class=\"wp-element-caption\">PINCHA EN EL BANNER Y ACCEDER\u00c1S AL CARRITO DE GRAN VELADA.<\/figcaption><\/figure>\n<\/div>\n\n\n<h3 class=\"wp-block-heading\">Un regalo ideal para los amantes de las Manualidades<\/h3>\n\n\n\n<p>Si buscas un regalo original y significativo, este kit de portavelas navide\u00f1os es una opci\u00f3n ideal. Es perfecto para aquellos que disfrutan de las manualidades y desean crear una decoraci\u00f3n \u00fanica para la Navidad. Adem\u00e1s, regalar un kit de manualidades no solo significa dar un objeto, sino tambi\u00e9n una experiencia que fomenta la creatividad y permite que la persona cree algo especial.<\/p>\n\n\n<div class=\"wp-block-image\">\n<figure class=\"aligncenter size-large is-resized\"><img title=\" \"loading=\"lazy\" decoding=\"async\" src=\"https:\/\/granvelada.com\/blog\/wp-content\/uploads\/2024\/11\/kit-portavelas-navideno-2-848x477.jpg\" alt=\" \" class=\"wp-image-24759\" width=\"1197\" height=\"673\" srcset=\"https:\/\/granvelada.com\/blog\/wp-content\/uploads\/2024\/11\/kit-portavelas-navideno-2-848x477.jpg 848w, https:\/\/granvelada.com\/blog\/wp-content\/uploads\/2024\/11\/kit-portavelas-navideno-2-387x218.jpg 387w, https:\/\/granvelada.com\/blog\/wp-content\/uploads\/2024\/11\/kit-portavelas-navideno-2-129x73.jpg 129w, https:\/\/granvelada.com\/blog\/wp-content\/uploads\/2024\/11\/kit-portavelas-navideno-2-768x432.jpg 768w, https:\/\/granvelada.com\/blog\/wp-content\/uploads\/2024\/11\/kit-portavelas-navideno-2-300x169.jpg 300w, https:\/\/granvelada.com\/blog\/wp-content\/uploads\/2024\/11\/kit-portavelas-navideno-2-317x178.jpg 317w, https:\/\/granvelada.com\/blog\/wp-content\/uploads\/2024\/11\/kit-portavelas-navideno-2-424x239.jpg 424w, https:\/\/granvelada.com\/blog\/wp-content\/uploads\/2024\/11\/kit-portavelas-navideno-2.jpg 896w, https:\/\/granvelada.com\/blog\/wp-content\/uploads\/2024\/11\/kit-portavelas-navideno-2-581x327.jpg 581w, https:\/\/granvelada.com\/blog\/wp-content\/uploads\/2024\/11\/kit-portavelas-navideno-2-310x174.jpg 310w, https:\/\/granvelada.com\/blog\/wp-content\/uploads\/2024\/11\/kit-portavelas-navideno-2-232x131.jpg 232w, https:\/\/granvelada.com\/blog\/wp-content\/uploads\/2024\/11\/kit-portavelas-navideno-2-275x155.jpg 275w\" sizes=\"auto, (max-width: 1197px) 100vw, 1197px\" \/><\/figure>\n<\/div>\n\n\n<p>Con el <strong>kit de portavelas navide\u00f1os de Gran Velada<\/strong>, tienes la oportunidad de crear una decoraci\u00f3n \u00fanica y acogedora para tu hogar o de sorprender a alguien especial con un regalo hecho a mano. Cada portavelas aporta ese toque c\u00e1lido y festivo que tanto caracteriza a la Navidad, transformando cualquier espacio en un rinc\u00f3n lleno de encanto y luz. Atr\u00e9vete a a\u00f1adir tu toque personal a las celebraciones navide\u00f1as y disfruta de la satisfacci\u00f3n de crear algo propio y significativo. \u00a1Convierte esta Navidad en un momento a\u00fan m\u00e1s especial con tus portavelas personalizados<\/p>\n","protected":false},"excerpt":{"rendered":"<p>La \u00e9poca navide\u00f1a es perfecta para decorar el hogar con detalles personalizados y llenos de encanto. Una de las formas m\u00e1s creativas y acogedoras de a\u00f1adir un toque navide\u00f1o a tu decoraci\u00f3n es utilizando portavelas hechos a mano.<\/p>\n","protected":false},"author":11,"featured_media":24763,"comment_status":"closed","ping_status":"closed","sticky":false,"template":"","format":"standard","meta":{"_acf_changed":false,"_monsterinsights_skip_tracking":false,"_monsterinsights_sitenote_active":false,"_monsterinsights_sitenote_note":"","_monsterinsights_sitenote_category":0,"_uf_show_specific_survey":0,"_uf_disable_surveys":false,"footnotes":""},"categories":[770,789,744,786],"tags":[],"class_list":["post-24754","post","type-post","status-publish","format-standard","has-post-thumbnail","hentry","category-hacer-velas","category-manualidades-navidad","category-post","category-velas-decorativas"],"acf":[],"yoast_head":"<!-- This site is optimized with the Yoast SEO plugin v19.13 - https:\/\/yoast.com\/wordpress\/plugins\/seo\/ -->\n<title>C\u00f3mo hacer portavelas navide\u00f1os con el kit de Gran Velada.<\/title>\n<meta name=\"description\" content=\"Crea portavelas navide\u00f1os personalizados con el kit de Gran Velada. Materiales, instrucciones y decoraci\u00f3n para un toque festivo en tu hogar esta Navidad.\" \/>\n<meta name=\"robots\" content=\"index, follow, max-snippet:-1, max-image-preview:large, max-video-preview:-1\" \/>\n<link rel=\"canonical\" href=\"https:\/\/granvelada.com\/blog\/como-hacer-portavelas-navidenos-con-el-kit-de-gran-velada\/\" \/>\n<meta property=\"og:locale\" content=\"es_ES\" \/>\n<meta property=\"og:type\" content=\"article\" \/>\n<meta property=\"og:title\" content=\"C\u00f3mo hacer portavelas navide\u00f1os con el kit de Gran Velada.\" \/>\n<meta property=\"og:description\" content=\"Crea portavelas navide\u00f1os personalizados con el kit de Gran Velada. Materiales, instrucciones y decoraci\u00f3n para un toque festivo en tu hogar esta Navidad.\" \/>\n<meta property=\"og:url\" content=\"https:\/\/granvelada.com\/blog\/como-hacer-portavelas-navidenos-con-el-kit-de-gran-velada\/\" \/>\n<meta property=\"og:site_name\" content=\"Blog de Gran Velada\" \/>\n<meta property=\"article:publisher\" content=\"https:\/\/es-la.facebook.com\/hacerjabon\" \/>\n<meta property=\"article:published_time\" content=\"2024-11-15T10:55:48+00:00\" \/>\n<meta property=\"article:modified_time\" content=\"2024-12-05T14:39:57+00:00\" \/>\n<meta property=\"og:image\" content=\"https:\/\/granvelada.com\/blog\/wp-content\/uploads\/2024\/11\/kit-como-hacer-portavelas-navideno.jpg\" \/>\n\t<meta property=\"og:image:width\" content=\"1280\" \/>\n\t<meta property=\"og:image:height\" content=\"720\" \/>\n\t<meta property=\"og:image:type\" content=\"image\/jpeg\" \/>\n<meta name=\"author\" content=\"contacto@granvelada.com\" \/>\n<meta name=\"twitter:card\" content=\"summary_large_image\" \/>\n<meta name=\"twitter:creator\" content=\"@granvelada\" \/>\n<meta name=\"twitter:site\" content=\"@granvelada\" \/>\n<meta name=\"twitter:label1\" content=\"Escrito por\" \/>\n\t<meta name=\"twitter:data1\" content=\"contacto@granvelada.com\" \/>\n\t<meta name=\"twitter:label2\" content=\"Tiempo de lectura\" \/>\n\t<meta name=\"twitter:data2\" content=\"8 minutos\" \/>\n<script type=\"application\/ld+json\" class=\"yoast-schema-graph\">{\"@context\":\"https:\/\/schema.org\",\"@graph\":[{\"@type\":\"Article\",\"@id\":\"https:\/\/granvelada.com\/blog\/como-hacer-portavelas-navidenos-con-el-kit-de-gran-velada\/#article\",\"isPartOf\":{\"@id\":\"https:\/\/granvelada.com\/blog\/como-hacer-portavelas-navidenos-con-el-kit-de-gran-velada\/\"},\"author\":{\"name\":\"contacto@granvelada.com\",\"@id\":\"https:\/\/granvelada.com\/blog\/#\/schema\/person\/79a0c8033911e0b07bad40e7b4beb5e5\"},\"headline\":\"C\u00f3mo hacer Portavelas Navide\u00f1os con el Kit de Gran Velada\",\"datePublished\":\"2024-11-15T10:55:48+00:00\",\"dateModified\":\"2024-12-05T14:39:57+00:00\",\"mainEntityOfPage\":{\"@id\":\"https:\/\/granvelada.com\/blog\/como-hacer-portavelas-navidenos-con-el-kit-de-gran-velada\/\"},\"wordCount\":1412,\"publisher\":{\"@id\":\"https:\/\/granvelada.com\/blog\/#organization\"},\"articleSection\":[\"Hacer velas\",\"Manualidades de Navidad\",\"Post\",\"Velas decorativas\"],\"inLanguage\":\"es\"},{\"@type\":\"WebPage\",\"@id\":\"https:\/\/granvelada.com\/blog\/como-hacer-portavelas-navidenos-con-el-kit-de-gran-velada\/\",\"url\":\"https:\/\/granvelada.com\/blog\/como-hacer-portavelas-navidenos-con-el-kit-de-gran-velada\/\",\"name\":\"C\u00f3mo hacer portavelas navide\u00f1os con el kit de Gran Velada.\",\"isPartOf\":{\"@id\":\"https:\/\/granvelada.com\/blog\/#website\"},\"datePublished\":\"2024-11-15T10:55:48+00:00\",\"dateModified\":\"2024-12-05T14:39:57+00:00\",\"description\":\"Crea portavelas navide\u00f1os personalizados con el kit de Gran Velada. Materiales, instrucciones y decoraci\u00f3n para un toque festivo en tu hogar esta Navidad.\",\"breadcrumb\":{\"@id\":\"https:\/\/granvelada.com\/blog\/como-hacer-portavelas-navidenos-con-el-kit-de-gran-velada\/#breadcrumb\"},\"inLanguage\":\"es\",\"potentialAction\":[{\"@type\":\"ReadAction\",\"target\":[\"https:\/\/granvelada.com\/blog\/como-hacer-portavelas-navidenos-con-el-kit-de-gran-velada\/\"]}]},{\"@type\":\"BreadcrumbList\",\"@id\":\"https:\/\/granvelada.com\/blog\/como-hacer-portavelas-navidenos-con-el-kit-de-gran-velada\/#breadcrumb\",\"itemListElement\":[{\"@type\":\"ListItem\",\"position\":1,\"name\":\"Portada\",\"item\":\"https:\/\/granvelada.com\/blog\/\"},{\"@type\":\"ListItem\",\"position\":2,\"name\":\"C\u00f3mo hacer Portavelas Navide\u00f1os con el Kit de Gran Velada\"}]},{\"@type\":\"WebSite\",\"@id\":\"https:\/\/granvelada.com\/blog\/#website\",\"url\":\"https:\/\/granvelada.com\/blog\/\",\"name\":\"Blog de Gran Velada\",\"description\":\"Recetas y tutoriales para hacer cremas, jabones, velas, detalles y cosm\u00e9tica casera\",\"publisher\":{\"@id\":\"https:\/\/granvelada.com\/blog\/#organization\"},\"potentialAction\":[{\"@type\":\"SearchAction\",\"target\":{\"@type\":\"EntryPoint\",\"urlTemplate\":\"https:\/\/granvelada.com\/blog\/?s={search_term_string}\"},\"query-input\":\"required name=search_term_string\"}],\"inLanguage\":\"es\"},{\"@type\":\"Organization\",\"@id\":\"https:\/\/granvelada.com\/blog\/#organization\",\"name\":\"Granvelada.com\",\"url\":\"https:\/\/granvelada.com\/blog\/\",\"logo\":{\"@type\":\"ImageObject\",\"inLanguage\":\"es\",\"@id\":\"https:\/\/granvelada.com\/blog\/#\/schema\/logo\/image\/\",\"url\":\"https:\/\/granvelada.com\/blog\/wp-content\/uploads\/2015\/06\/hacervelas-granvelada.jpg\",\"contentUrl\":\"https:\/\/granvelada.com\/blog\/wp-content\/uploads\/2015\/06\/hacervelas-granvelada.jpg\",\"width\":851,\"height\":315,\"caption\":\"Granvelada.com\"},\"image\":{\"@id\":\"https:\/\/granvelada.com\/blog\/#\/schema\/logo\/image\/\"},\"sameAs\":[\"https:\/\/www.pinterest.com\/hacerjabon\/\",\"https:\/\/www.youtube.com\/user\/hacerjabones\",\"https:\/\/es-la.facebook.com\/hacerjabon\",\"https:\/\/twitter.com\/granvelada\"]},{\"@type\":\"Person\",\"@id\":\"https:\/\/granvelada.com\/blog\/#\/schema\/person\/79a0c8033911e0b07bad40e7b4beb5e5\",\"name\":\"contacto@granvelada.com\",\"image\":{\"@type\":\"ImageObject\",\"inLanguage\":\"es\",\"@id\":\"https:\/\/granvelada.com\/blog\/#\/schema\/person\/image\/\",\"url\":\"https:\/\/secure.gravatar.com\/avatar\/e958d5c17339949fb4785a9125a88aeee44e33d213fb1dc61944c17f81676f25?s=96&d=mm&r=g\",\"contentUrl\":\"https:\/\/secure.gravatar.com\/avatar\/e958d5c17339949fb4785a9125a88aeee44e33d213fb1dc61944c17f81676f25?s=96&d=mm&r=g\",\"caption\":\"contacto@granvelada.com\"}}]}<\/script>\n<!-- \/ Yoast SEO plugin. -->","yoast_head_json":{"title":"C\u00f3mo hacer portavelas navide\u00f1os con el kit de Gran Velada.","description":"Crea portavelas navide\u00f1os personalizados con el kit de Gran Velada. Materiales, instrucciones y decoraci\u00f3n para un toque festivo en tu hogar esta Navidad.","robots":{"index":"index","follow":"follow","max-snippet":"max-snippet:-1","max-image-preview":"max-image-preview:large","max-video-preview":"max-video-preview:-1"},"canonical":"https:\/\/granvelada.com\/blog\/como-hacer-portavelas-navidenos-con-el-kit-de-gran-velada\/","og_locale":"es_ES","og_type":"article","og_title":"C\u00f3mo hacer portavelas navide\u00f1os con el kit de Gran Velada.","og_description":"Crea portavelas navide\u00f1os personalizados con el kit de Gran Velada. Materiales, instrucciones y decoraci\u00f3n para un toque festivo en tu hogar esta Navidad.","og_url":"https:\/\/granvelada.com\/blog\/como-hacer-portavelas-navidenos-con-el-kit-de-gran-velada\/","og_site_name":"Blog de Gran Velada","article_publisher":"https:\/\/es-la.facebook.com\/hacerjabon","article_published_time":"2024-11-15T10:55:48+00:00","article_modified_time":"2024-12-05T14:39:57+00:00","og_image":[{"width":1280,"height":720,"url":"https:\/\/granvelada.com\/blog\/wp-content\/uploads\/2024\/11\/kit-como-hacer-portavelas-navideno.jpg","type":"image\/jpeg"}],"author":"contacto@granvelada.com","twitter_card":"summary_large_image","twitter_creator":"@granvelada","twitter_site":"@granvelada","twitter_misc":{"Escrito por":"contacto@granvelada.com","Tiempo de lectura":"8 minutos"},"schema":{"@context":"https:\/\/schema.org","@graph":[{"@type":"Article","@id":"https:\/\/granvelada.com\/blog\/como-hacer-portavelas-navidenos-con-el-kit-de-gran-velada\/#article","isPartOf":{"@id":"https:\/\/granvelada.com\/blog\/como-hacer-portavelas-navidenos-con-el-kit-de-gran-velada\/"},"author":{"name":"contacto@granvelada.com","@id":"https:\/\/granvelada.com\/blog\/#\/schema\/person\/79a0c8033911e0b07bad40e7b4beb5e5"},"headline":"C\u00f3mo hacer Portavelas Navide\u00f1os con el Kit de Gran Velada","datePublished":"2024-11-15T10:55:48+00:00","dateModified":"2024-12-05T14:39:57+00:00","mainEntityOfPage":{"@id":"https:\/\/granvelada.com\/blog\/como-hacer-portavelas-navidenos-con-el-kit-de-gran-velada\/"},"wordCount":1412,"publisher":{"@id":"https:\/\/granvelada.com\/blog\/#organization"},"articleSection":["Hacer velas","Manualidades de Navidad","Post","Velas decorativas"],"inLanguage":"es"},{"@type":"WebPage","@id":"https:\/\/granvelada.com\/blog\/como-hacer-portavelas-navidenos-con-el-kit-de-gran-velada\/","url":"https:\/\/granvelada.com\/blog\/como-hacer-portavelas-navidenos-con-el-kit-de-gran-velada\/","name":"C\u00f3mo hacer portavelas navide\u00f1os con el kit de Gran Velada.","isPartOf":{"@id":"https:\/\/granvelada.com\/blog\/#website"},"datePublished":"2024-11-15T10:55:48+00:00","dateModified":"2024-12-05T14:39:57+00:00","description":"Crea portavelas navide\u00f1os personalizados con el kit de Gran Velada. Materiales, instrucciones y decoraci\u00f3n para un toque festivo en tu hogar esta Navidad.","breadcrumb":{"@id":"https:\/\/granvelada.com\/blog\/como-hacer-portavelas-navidenos-con-el-kit-de-gran-velada\/#breadcrumb"},"inLanguage":"es","potentialAction":[{"@type":"ReadAction","target":["https:\/\/granvelada.com\/blog\/como-hacer-portavelas-navidenos-con-el-kit-de-gran-velada\/"]}]},{"@type":"BreadcrumbList","@id":"https:\/\/granvelada.com\/blog\/como-hacer-portavelas-navidenos-con-el-kit-de-gran-velada\/#breadcrumb","itemListElement":[{"@type":"ListItem","position":1,"name":"Portada","item":"https:\/\/granvelada.com\/blog\/"},{"@type":"ListItem","position":2,"name":"C\u00f3mo hacer Portavelas Navide\u00f1os con el Kit de Gran Velada"}]},{"@type":"WebSite","@id":"https:\/\/granvelada.com\/blog\/#website","url":"https:\/\/granvelada.com\/blog\/","name":"Blog de Gran Velada","description":"Recetas y tutoriales para hacer cremas, jabones, velas, detalles y cosm\u00e9tica casera","publisher":{"@id":"https:\/\/granvelada.com\/blog\/#organization"},"potentialAction":[{"@type":"SearchAction","target":{"@type":"EntryPoint","urlTemplate":"https:\/\/granvelada.com\/blog\/?s={search_term_string}"},"query-input":"required name=search_term_string"}],"inLanguage":"es"},{"@type":"Organization","@id":"https:\/\/granvelada.com\/blog\/#organization","name":"Granvelada.com","url":"https:\/\/granvelada.com\/blog\/","logo":{"@type":"ImageObject","inLanguage":"es","@id":"https:\/\/granvelada.com\/blog\/#\/schema\/logo\/image\/","url":"https:\/\/granvelada.com\/blog\/wp-content\/uploads\/2015\/06\/hacervelas-granvelada.jpg","contentUrl":"https:\/\/granvelada.com\/blog\/wp-content\/uploads\/2015\/06\/hacervelas-granvelada.jpg","width":851,"height":315,"caption":"Granvelada.com"},"image":{"@id":"https:\/\/granvelada.com\/blog\/#\/schema\/logo\/image\/"},"sameAs":["https:\/\/www.pinterest.com\/hacerjabon\/","https:\/\/www.youtube.com\/user\/hacerjabones","https:\/\/es-la.facebook.com\/hacerjabon","https:\/\/twitter.com\/granvelada"]},{"@type":"Person","@id":"https:\/\/granvelada.com\/blog\/#\/schema\/person\/79a0c8033911e0b07bad40e7b4beb5e5","name":"contacto@granvelada.com","image":{"@type":"ImageObject","inLanguage":"es","@id":"https:\/\/granvelada.com\/blog\/#\/schema\/person\/image\/","url":"https:\/\/secure.gravatar.com\/avatar\/e958d5c17339949fb4785a9125a88aeee44e33d213fb1dc61944c17f81676f25?s=96&d=mm&r=g","contentUrl":"https:\/\/secure.gravatar.com\/avatar\/e958d5c17339949fb4785a9125a88aeee44e33d213fb1dc61944c17f81676f25?s=96&d=mm&r=g","caption":"contacto@granvelada.com"}}]}},"_links":{"self":[{"href":"https:\/\/granvelada.com\/blog\/wp-json\/wp\/v2\/posts\/24754","targetHints":{"allow":["GET"]}}],"collection":[{"href":"https:\/\/granvelada.com\/blog\/wp-json\/wp\/v2\/posts"}],"about":[{"href":"https:\/\/granvelada.com\/blog\/wp-json\/wp\/v2\/types\/post"}],"author":[{"embeddable":true,"href":"https:\/\/granvelada.com\/blog\/wp-json\/wp\/v2\/users\/11"}],"replies":[{"embeddable":true,"href":"https:\/\/granvelada.com\/blog\/wp-json\/wp\/v2\/comments?post=24754"}],"version-history":[{"count":8,"href":"https:\/\/granvelada.com\/blog\/wp-json\/wp\/v2\/posts\/24754\/revisions"}],"predecessor-version":[{"id":24771,"href":"https:\/\/granvelada.com\/blog\/wp-json\/wp\/v2\/posts\/24754\/revisions\/24771"}],"wp:featuredmedia":[{"embeddable":true,"href":"https:\/\/granvelada.com\/blog\/wp-json\/wp\/v2\/media\/24763"}],"wp:attachment":[{"href":"https:\/\/granvelada.com\/blog\/wp-json\/wp\/v2\/media?parent=24754"}],"wp:term":[{"taxonomy":"category","embeddable":true,"href":"https:\/\/granvelada.com\/blog\/wp-json\/wp\/v2\/categories?post=24754"},{"taxonomy":"post_tag","embeddable":true,"href":"https:\/\/granvelada.com\/blog\/wp-json\/wp\/v2\/tags?post=24754"}],"curies":[{"name":"wp","href":"https:\/\/api.w.org\/{rel}","templated":true}]}}