{"id":24434,"date":"2024-10-21T14:39:50","date_gmt":"2024-10-21T12:39:50","guid":{"rendered":"https:\/\/granvelada.com\/blog\/?p=24434"},"modified":"2024-12-05T15:27:24","modified_gmt":"2024-12-05T14:27:24","slug":"nos-emociona-contaros-que-gran-velada-alemania-abre-sus-puertas","status":"publish","type":"post","link":"https:\/\/granvelada.com\/blog\/nos-emociona-contaros-que-gran-velada-alemania-abre-sus-puertas\/","title":{"rendered":"Nos emociona contaros que Gran Velada Alemania abre sus puertas.."},"content":{"rendered":"\n<p>Estamos emocionados de anunciar que \u00a1Gran Velada sigue expandi\u00e9ndose y ahora est\u00e1 disponible en Alemania y Austria! Lo que comenz\u00f3 como un sue\u00f1o, se ha convertido en una emocionante realidad. Ahora, si vives en estos pa\u00edses o en sus alrededores, puedes acceder f\u00e1cilmente a <a href=\"https:\/\/www.granvelada.de\" target=\"_blank\" rel=\"noreferrer noopener\">nuestra tienda online<\/a> y disfrutar de la amplia gama de productos que ofrecemos.<\/p>\n\n\n\n<!--more-->\n\n\n\n<p><br>Nos encontramos en pleno proceso de expansi\u00f3n en Europa Central, abriendo nuevos mercados y acercando Gran Velada a m\u00e1s personas. Esta aventura empresarial nos llena de ilusi\u00f3n y compromiso. <\/p>\n\n\n<div class=\"wp-block-image\">\n<figure class=\"aligncenter size-large is-resized\"><img title=\" \"loading=\"lazy\" decoding=\"async\" src=\"https:\/\/granvelada.com\/blog\/wp-content\/uploads\/2024\/10\/Captura-de-Pantalla-2024-10-21-a-las-14.22.34-848x477.png\" alt=\" \" class=\"wp-image-24438\" width=\"1229\" height=\"691\" srcset=\"https:\/\/granvelada.com\/blog\/wp-content\/uploads\/2024\/10\/Captura-de-Pantalla-2024-10-21-a-las-14.22.34-848x477.png 848w, https:\/\/granvelada.com\/blog\/wp-content\/uploads\/2024\/10\/Captura-de-Pantalla-2024-10-21-a-las-14.22.34-387x218.png 387w, https:\/\/granvelada.com\/blog\/wp-content\/uploads\/2024\/10\/Captura-de-Pantalla-2024-10-21-a-las-14.22.34-129x73.png 129w, https:\/\/granvelada.com\/blog\/wp-content\/uploads\/2024\/10\/Captura-de-Pantalla-2024-10-21-a-las-14.22.34-768x432.png 768w, https:\/\/granvelada.com\/blog\/wp-content\/uploads\/2024\/10\/Captura-de-Pantalla-2024-10-21-a-las-14.22.34-300x169.png 300w, https:\/\/granvelada.com\/blog\/wp-content\/uploads\/2024\/10\/Captura-de-Pantalla-2024-10-21-a-las-14.22.34-317x178.png 317w, https:\/\/granvelada.com\/blog\/wp-content\/uploads\/2024\/10\/Captura-de-Pantalla-2024-10-21-a-las-14.22.34-424x239.png 424w, https:\/\/granvelada.com\/blog\/wp-content\/uploads\/2024\/10\/Captura-de-Pantalla-2024-10-21-a-las-14.22.34-896x504.png 896w, https:\/\/granvelada.com\/blog\/wp-content\/uploads\/2024\/10\/Captura-de-Pantalla-2024-10-21-a-las-14.22.34-581x327.png 581w, https:\/\/granvelada.com\/blog\/wp-content\/uploads\/2024\/10\/Captura-de-Pantalla-2024-10-21-a-las-14.22.34-310x174.png 310w, https:\/\/granvelada.com\/blog\/wp-content\/uploads\/2024\/10\/Captura-de-Pantalla-2024-10-21-a-las-14.22.34-232x131.png 232w, https:\/\/granvelada.com\/blog\/wp-content\/uploads\/2024\/10\/Captura-de-Pantalla-2024-10-21-a-las-14.22.34-275x155.png 275w, https:\/\/granvelada.com\/blog\/wp-content\/uploads\/2024\/10\/Captura-de-Pantalla-2024-10-21-a-las-14.22.34-1543x868.png 1543w, https:\/\/granvelada.com\/blog\/wp-content\/uploads\/2024\/10\/Captura-de-Pantalla-2024-10-21-a-las-14.22.34-1000x563.png 1000w, https:\/\/granvelada.com\/blog\/wp-content\/uploads\/2024\/10\/Captura-de-Pantalla-2024-10-21-a-las-14.22.34-947x533.png 947w\" sizes=\"auto, (max-width: 1229px) 100vw, 1229px\" \/><figcaption class=\"wp-element-caption\"><br>Todos tus materiales para jabones, con envio a Austria y Alemania<\/figcaption><\/figure>\n<\/div>\n\n\n<p><\/p>\n\n\n\n<p>Hemos trabajado arduamente para que nuestros productos, contenidos y servicios est\u00e9n disponibles en Alemania, Austria y pa\u00edses cercanos como Polonia, Letonia, Lituania, Hungr\u00eda, Rep\u00fablica Checa, entre otros. \u00a1Nos entusiasma llevar Gran Velada m\u00e1s all\u00e1 de las fronteras y seguir creciendo!<\/p>\n\n\n\n<p>Abrir nuevos mercados es uno de los objetivos que nos hemos marcado, y lo estamos logrando paso a paso. Despu\u00e9s del exitoso lanzamiento de Gran Velada M\u00e9xico, con env\u00edos a toda Am\u00e9rica Latina y Estados Unidos, ahora nos expandimos por Europa, continuando nuestro proyecto de internacionalizaci\u00f3n con la misma energ\u00eda y entusiasmo.<\/p>\n\n\n\n<p>En Gran Velada Alemania y Austria tambi\u00e9n ofrecemos contenidos educativos y formaci\u00f3n gratuita en alem\u00e1n. A trav\u00e9s de nuestros blogs y manuales descargables, te ayudamos a aprovechar al m\u00e1ximo los materiales que adquieres con nosotros para crear tus propios productos con \u00e9xito. Te invitamos a que accedas al blog con contenidos en Aleman..<\/p>\n\n\n<div class=\"wp-block-image\">\n<figure class=\"aligncenter size-large is-resized\"><a href=\"https:\/\/www.kerzeherstellen.de\/\" target=\"_blank\" rel=\"noopener\"><img title=\" \"loading=\"lazy\" decoding=\"async\" src=\"https:\/\/granvelada.com\/blog\/wp-content\/uploads\/2024\/10\/Captura-de-Pantalla-2024-10-21-a-las-14.34.05-848x477.png\" alt=\" \" class=\"wp-image-24444\" width=\"1185\" height=\"665\" srcset=\"https:\/\/granvelada.com\/blog\/wp-content\/uploads\/2024\/10\/Captura-de-Pantalla-2024-10-21-a-las-14.34.05-848x477.png 848w, https:\/\/granvelada.com\/blog\/wp-content\/uploads\/2024\/10\/Captura-de-Pantalla-2024-10-21-a-las-14.34.05-387x218.png 387w, https:\/\/granvelada.com\/blog\/wp-content\/uploads\/2024\/10\/Captura-de-Pantalla-2024-10-21-a-las-14.34.05-129x73.png 129w, https:\/\/granvelada.com\/blog\/wp-content\/uploads\/2024\/10\/Captura-de-Pantalla-2024-10-21-a-las-14.34.05-768x432.png 768w, https:\/\/granvelada.com\/blog\/wp-content\/uploads\/2024\/10\/Captura-de-Pantalla-2024-10-21-a-las-14.34.05-300x169.png 300w, https:\/\/granvelada.com\/blog\/wp-content\/uploads\/2024\/10\/Captura-de-Pantalla-2024-10-21-a-las-14.34.05-317x178.png 317w, https:\/\/granvelada.com\/blog\/wp-content\/uploads\/2024\/10\/Captura-de-Pantalla-2024-10-21-a-las-14.34.05-424x239.png 424w, https:\/\/granvelada.com\/blog\/wp-content\/uploads\/2024\/10\/Captura-de-Pantalla-2024-10-21-a-las-14.34.05-896x504.png 896w, https:\/\/granvelada.com\/blog\/wp-content\/uploads\/2024\/10\/Captura-de-Pantalla-2024-10-21-a-las-14.34.05-581x327.png 581w, https:\/\/granvelada.com\/blog\/wp-content\/uploads\/2024\/10\/Captura-de-Pantalla-2024-10-21-a-las-14.34.05-310x174.png 310w, https:\/\/granvelada.com\/blog\/wp-content\/uploads\/2024\/10\/Captura-de-Pantalla-2024-10-21-a-las-14.34.05-232x131.png 232w, https:\/\/granvelada.com\/blog\/wp-content\/uploads\/2024\/10\/Captura-de-Pantalla-2024-10-21-a-las-14.34.05-275x155.png 275w\" sizes=\"auto, (max-width: 1185px) 100vw, 1185px\" \/><\/a><figcaption class=\"wp-element-caption\">Todos tus contenidos de recetas y Manuales, tambien en Aleman.<\/figcaption><\/figure>\n<\/div>\n\n\n<p><strong>Gran Velada Alemania y Austria<\/strong><br>Sabemos que no es tarea f\u00e1cil abrir nuevas sedes, especialmente en un contexto econ\u00f3mico tan incierto, pero el esp\u00edritu emprendedor y nuestras ganas de llevar Gran Velada a m\u00e1s hogares nos mantienen enfocados en nuestras metas. \u00a1Y lo hemos logrado!<\/p>\n\n\n\n<p>Con la apertura de Gran Velada Alemania y Austria, queremos cubrir la demanda de productos DIY (hazlo t\u00fa mismo) en toda la regi\u00f3n centroeuropea, al tiempo que seguimos trabajando con la misma pasi\u00f3n en Espa\u00f1a, Portugal, Francia y M\u00e9xico. <\/p>\n\n\n<div class=\"wp-block-image\">\n<figure class=\"aligncenter size-large is-resized\"><img title=\" \"loading=\"lazy\" decoding=\"async\" src=\"https:\/\/granvelada.com\/blog\/wp-content\/uploads\/2024\/10\/Captura-de-Pantalla-2024-10-21-a-las-14.22.45-848x477.png\" alt=\" \" class=\"wp-image-24439\" width=\"1214\" height=\"680\" srcset=\"https:\/\/granvelada.com\/blog\/wp-content\/uploads\/2024\/10\/Captura-de-Pantalla-2024-10-21-a-las-14.22.45-387x218.png 387w, https:\/\/granvelada.com\/blog\/wp-content\/uploads\/2024\/10\/Captura-de-Pantalla-2024-10-21-a-las-14.22.45-129x73.png 129w, https:\/\/granvelada.com\/blog\/wp-content\/uploads\/2024\/10\/Captura-de-Pantalla-2024-10-21-a-las-14.22.45-300x169.png 300w, https:\/\/granvelada.com\/blog\/wp-content\/uploads\/2024\/10\/Captura-de-Pantalla-2024-10-21-a-las-14.22.45-317x178.png 317w, https:\/\/granvelada.com\/blog\/wp-content\/uploads\/2024\/10\/Captura-de-Pantalla-2024-10-21-a-las-14.22.45-310x174.png 310w, https:\/\/granvelada.com\/blog\/wp-content\/uploads\/2024\/10\/Captura-de-Pantalla-2024-10-21-a-las-14.22.45-232x131.png 232w, https:\/\/granvelada.com\/blog\/wp-content\/uploads\/2024\/10\/Captura-de-Pantalla-2024-10-21-a-las-14.22.45-275x155.png 275w\" sizes=\"auto, (max-width: 1214px) 100vw, 1214px\" \/><figcaption class=\"wp-element-caption\">Todos tus materiales para velas, con envio a Austria y Alemania<\/figcaption><\/figure>\n<\/div>\n\n\n<p><strong>\u00a1Simplemente hemos sumado m\u00e1s miembros a la familia Gran Velada y estamos encantados de darles la bienvenida!<\/strong><\/p>\n\n\n\n<p>Nuestro compromiso sigue siendo ofrecerte materias primas de calidad, a precios competitivos y con un excelente servicio, sin importar d\u00f3nde vivas. Nos esforzamos para que m\u00e1s personas puedan disfrutar de la experiencia DIY con productos de calidad y un proceso de compra f\u00e1cil y seguro.<\/p>\n\n\n\n<p>En Gran Velada Alemania y Austria tambi\u00e9n ofrecemos contenidos educativos y formaci\u00f3n gratuita en alem\u00e1n. A trav\u00e9s de nuestros blogs y manuales descargables, te ayudamos a aprovechar al m\u00e1ximo los materiales que adquieres con nosotros para crear tus propios productos con \u00e9xito.<\/p>\n\n\n\n<p><\/p>\n\n\n<div class=\"wp-block-image\">\n<figure class=\"aligncenter size-large is-resized\"><img title=\" \"loading=\"lazy\" decoding=\"async\" src=\"https:\/\/granvelada.com\/blog\/wp-content\/uploads\/2024\/10\/gran-velada-eslovaquia-blogs-848x477.jpg\" alt=\" \" class=\"wp-image-24436\" width=\"1208\" height=\"680\" srcset=\"https:\/\/granvelada.com\/blog\/wp-content\/uploads\/2024\/10\/gran-velada-eslovaquia-blogs-848x477.jpg 848w, https:\/\/granvelada.com\/blog\/wp-content\/uploads\/2024\/10\/gran-velada-eslovaquia-blogs-387x218.jpg 387w, https:\/\/granvelada.com\/blog\/wp-content\/uploads\/2024\/10\/gran-velada-eslovaquia-blogs-129x73.jpg 129w, https:\/\/granvelada.com\/blog\/wp-content\/uploads\/2024\/10\/gran-velada-eslovaquia-blogs-768x432.jpg 768w, https:\/\/granvelada.com\/blog\/wp-content\/uploads\/2024\/10\/gran-velada-eslovaquia-blogs-300x169.jpg 300w, https:\/\/granvelada.com\/blog\/wp-content\/uploads\/2024\/10\/gran-velada-eslovaquia-blogs-317x178.jpg 317w, https:\/\/granvelada.com\/blog\/wp-content\/uploads\/2024\/10\/gran-velada-eslovaquia-blogs-424x239.jpg 424w, https:\/\/granvelada.com\/blog\/wp-content\/uploads\/2024\/10\/gran-velada-eslovaquia-blogs.jpg 896w, https:\/\/granvelada.com\/blog\/wp-content\/uploads\/2024\/10\/gran-velada-eslovaquia-blogs-581x327.jpg 581w, https:\/\/granvelada.com\/blog\/wp-content\/uploads\/2024\/10\/gran-velada-eslovaquia-blogs-310x174.jpg 310w, https:\/\/granvelada.com\/blog\/wp-content\/uploads\/2024\/10\/gran-velada-eslovaquia-blogs-232x131.jpg 232w, https:\/\/granvelada.com\/blog\/wp-content\/uploads\/2024\/10\/gran-velada-eslovaquia-blogs-275x155.jpg 275w\" sizes=\"auto, (max-width: 1208px) 100vw, 1208px\" \/><\/figure>\n<\/div>\n\n\n<p><strong>Comprar en Gran Velada Alemania y Austria<\/strong><br>Realizar tus compras en nuestra tienda online es muy sencillo, r\u00e1pido y, por supuesto, seguro. Solo necesitas registrarte como cliente, a\u00f1adir tus productos favoritos al carrito y finalizar la compra. En pocos d\u00edas, recibir\u00e1s tu pedido en la puerta de tu casa, no solo en Alemania y Austria, sino tambi\u00e9n en los pa\u00edses vecinos como Polonia, Rep\u00fablica Checa, y m\u00e1s. Si tienes alguna duda o necesitas ayuda durante el proceso de compra, nuestro equipo est\u00e1 a tu disposici\u00f3n a trav\u00e9s del correo electr\u00f3nico.<\/p>\n\n\n\n<p>\u00bfQu\u00e9 puedes encontrar en Gran Velada Alemania y Austria?<\/p>\n\n\n\n<p>Al igual que en todas nuestras tiendas, disponemos de una gran variedad de productos para la fabricaci\u00f3n casera de jabones, cremas, velas, perfumes, ambientadores y mucho m\u00e1s. Adem\u00e1s, tendr\u00e1s acceso a tutoriales e ideas creativas para que puedas sacar el m\u00e1ximo partido a todo lo que compres. \u00a1Queremos que tengas todo lo necesario para hacer realidad tus proyectos creativos!<\/p>\n\n\n\n<p>Llevamos meses trabajando para garantizarte la mejor experiencia de compra y un servicio de atenci\u00f3n al cliente cercano. \u00a1Estamos seguros de que disfrutar\u00e1s de Gran Velada Alemania y Austria tanto como nosotros disfrutamos haciendo realidad este proyecto!<\/p>\n\n\n\n<figure class=\"wp-block-embed is-type-video is-provider-youtube wp-block-embed-youtube wp-embed-aspect-16-9 wp-has-aspect-ratio\"><div class=\"wp-block-embed__wrapper\">\n<iframe loading=\"lazy\" title=\"Gran Velada\" width=\"640\" height=\"360\" src=\"https:\/\/www.youtube.com\/embed\/_C1FZcxOmx4?feature=oembed\" frameborder=\"0\" allow=\"accelerometer; autoplay; clipboard-write; encrypted-media; gyroscope; picture-in-picture; web-share\" referrerpolicy=\"strict-origin-when-cross-origin\" allowfullscreen><\/iframe>\n<\/div><\/figure>\n\n\n\n<p><strong>Gran Velada es&#8230;<\/strong><br>Gran Velada es el resultado de una historia de emprendimiento y superaci\u00f3n que comenz\u00f3 con una peque\u00f1a tienda en 2004. Desde entonces, no hemos dejado de crecer y consolidarnos como una de las compa\u00f1\u00edas l\u00edderes en el sector DIY en Espa\u00f1a.<\/p>\n\n\n\n<p>Nuestra filosof\u00eda \u00abHazlo t\u00fa mismo\u00bb se basa en ofrecer materiales que impulsen la creatividad de nuestros clientes, con miles de productos para elaborar manualidades \u00fanicas. <\/p>\n\n\n\n<p>En https:\/\/www.granvelada.de , encontrar\u00e1s todo lo que necesitas para dar rienda suelta a tu imaginaci\u00f3n y crear productos originales. Adem\u00e1s, proporcionamos gratuitamente ideas, consejos y tutoriales para que puedas realizar tus propios productos de belleza, decoraci\u00f3n, higiene y m\u00e1s, con las \u00faltimas tendencias en dise\u00f1o y t\u00e9cnicas.<\/p>\n\n\n\n<p>\u00a1Gracias por ser parte de este emocionante viaje!<\/p>\n","protected":false},"excerpt":{"rendered":"<p>Estamos emocionados de anunciar que \u00a1Gran Velada sigue expandi\u00e9ndose y ahora est\u00e1 disponible en Alemania y Austria! Lo que comenz\u00f3 como un sue\u00f1o, se ha convertido en una emocionante realidad. Ahora, si vives en estos pa\u00edses o en sus alrededores, puedes acceder f\u00e1cilmente a nuestra tienda online y disfrutar de la amplia gama de productos&#8230;<\/p>\n","protected":false},"author":11,"featured_media":24441,"comment_status":"closed","ping_status":"closed","sticky":false,"template":"","format":"standard","meta":{"_acf_changed":false,"_monsterinsights_skip_tracking":false,"_monsterinsights_sitenote_active":false,"_monsterinsights_sitenote_note":"","_monsterinsights_sitenote_category":0,"_uf_show_specific_survey":0,"_uf_disable_surveys":false,"footnotes":""},"categories":[317,751,744],"tags":[],"class_list":["post-24434","post","type-post","status-publish","format-standard","has-post-thumbnail","hentry","category-blogs-gran-velada","category-destacados","category-post"],"acf":[],"yoast_head":"<!-- This site is optimized with the Yoast SEO plugin v19.13 - https:\/\/yoast.com\/wordpress\/plugins\/seo\/ -->\n<title>GranVelada Alemania: \u00a1Producto para Crear Jabones, Velas y m\u00e1s!<\/title>\n<meta name=\"description\" content=\"Gran Velada llega a Alemania con materiales DIY para hacer jabones, velas y m\u00e1s. Env\u00edos r\u00e1pidos a Alemania, Austria y pa\u00edses cercanos. \u00a1Desc\u00fabrelo!\" \/>\n<meta name=\"robots\" content=\"index, follow, max-snippet:-1, max-image-preview:large, max-video-preview:-1\" \/>\n<link rel=\"canonical\" href=\"https:\/\/granvelada.com\/blog\/nos-emociona-contaros-que-gran-velada-alemania-abre-sus-puertas\/\" \/>\n<meta property=\"og:locale\" content=\"es_ES\" \/>\n<meta property=\"og:type\" content=\"article\" \/>\n<meta property=\"og:title\" content=\"GranVelada Alemania: \u00a1Producto para Crear Jabones, Velas y m\u00e1s!\" \/>\n<meta property=\"og:description\" content=\"Gran Velada llega a Alemania con materiales DIY para hacer jabones, velas y m\u00e1s. Env\u00edos r\u00e1pidos a Alemania, Austria y pa\u00edses cercanos. \u00a1Desc\u00fabrelo!\" \/>\n<meta property=\"og:url\" content=\"https:\/\/granvelada.com\/blog\/nos-emociona-contaros-que-gran-velada-alemania-abre-sus-puertas\/\" \/>\n<meta property=\"og:site_name\" content=\"Blog de Gran Velada\" \/>\n<meta property=\"article:publisher\" content=\"https:\/\/es-la.facebook.com\/hacerjabon\" \/>\n<meta property=\"article:published_time\" content=\"2024-10-21T12:39:50+00:00\" \/>\n<meta property=\"article:modified_time\" content=\"2024-12-05T14:27:24+00:00\" \/>\n<meta property=\"og:image\" content=\"https:\/\/granvelada.com\/blog\/wp-content\/uploads\/2024\/10\/ya-estamos-en-alemania-blog-gran-velada-.jpg\" \/>\n\t<meta property=\"og:image:width\" content=\"896\" \/>\n\t<meta property=\"og:image:height\" content=\"504\" \/>\n\t<meta property=\"og:image:type\" content=\"image\/jpeg\" \/>\n<meta name=\"author\" content=\"contacto@granvelada.com\" \/>\n<meta name=\"twitter:card\" content=\"summary_large_image\" \/>\n<meta name=\"twitter:creator\" content=\"@granvelada\" \/>\n<meta name=\"twitter:site\" content=\"@granvelada\" \/>\n<meta name=\"twitter:label1\" content=\"Escrito por\" \/>\n\t<meta name=\"twitter:data1\" content=\"contacto@granvelada.com\" \/>\n\t<meta name=\"twitter:label2\" content=\"Tiempo de lectura\" \/>\n\t<meta name=\"twitter:data2\" content=\"5 minutos\" \/>\n<script type=\"application\/ld+json\" class=\"yoast-schema-graph\">{\"@context\":\"https:\/\/schema.org\",\"@graph\":[{\"@type\":\"Article\",\"@id\":\"https:\/\/granvelada.com\/blog\/nos-emociona-contaros-que-gran-velada-alemania-abre-sus-puertas\/#article\",\"isPartOf\":{\"@id\":\"https:\/\/granvelada.com\/blog\/nos-emociona-contaros-que-gran-velada-alemania-abre-sus-puertas\/\"},\"author\":{\"name\":\"contacto@granvelada.com\",\"@id\":\"https:\/\/granvelada.com\/blog\/#\/schema\/person\/79a0c8033911e0b07bad40e7b4beb5e5\"},\"headline\":\"Nos emociona contaros que Gran Velada Alemania abre sus puertas..\",\"datePublished\":\"2024-10-21T12:39:50+00:00\",\"dateModified\":\"2024-12-05T14:27:24+00:00\",\"mainEntityOfPage\":{\"@id\":\"https:\/\/granvelada.com\/blog\/nos-emociona-contaros-que-gran-velada-alemania-abre-sus-puertas\/\"},\"wordCount\":859,\"publisher\":{\"@id\":\"https:\/\/granvelada.com\/blog\/#organization\"},\"articleSection\":[\"Blogs de Gran Velada\",\"Destacados\",\"Post\"],\"inLanguage\":\"es\"},{\"@type\":\"WebPage\",\"@id\":\"https:\/\/granvelada.com\/blog\/nos-emociona-contaros-que-gran-velada-alemania-abre-sus-puertas\/\",\"url\":\"https:\/\/granvelada.com\/blog\/nos-emociona-contaros-que-gran-velada-alemania-abre-sus-puertas\/\",\"name\":\"GranVelada Alemania: \u00a1Producto para Crear Jabones, Velas y m\u00e1s!\",\"isPartOf\":{\"@id\":\"https:\/\/granvelada.com\/blog\/#website\"},\"datePublished\":\"2024-10-21T12:39:50+00:00\",\"dateModified\":\"2024-12-05T14:27:24+00:00\",\"description\":\"Gran Velada llega a Alemania con materiales DIY para hacer jabones, velas y m\u00e1s. Env\u00edos r\u00e1pidos a Alemania, Austria y pa\u00edses cercanos. \u00a1Desc\u00fabrelo!\",\"breadcrumb\":{\"@id\":\"https:\/\/granvelada.com\/blog\/nos-emociona-contaros-que-gran-velada-alemania-abre-sus-puertas\/#breadcrumb\"},\"inLanguage\":\"es\",\"potentialAction\":[{\"@type\":\"ReadAction\",\"target\":[\"https:\/\/granvelada.com\/blog\/nos-emociona-contaros-que-gran-velada-alemania-abre-sus-puertas\/\"]}]},{\"@type\":\"BreadcrumbList\",\"@id\":\"https:\/\/granvelada.com\/blog\/nos-emociona-contaros-que-gran-velada-alemania-abre-sus-puertas\/#breadcrumb\",\"itemListElement\":[{\"@type\":\"ListItem\",\"position\":1,\"name\":\"Portada\",\"item\":\"https:\/\/granvelada.com\/blog\/\"},{\"@type\":\"ListItem\",\"position\":2,\"name\":\"Nos emociona contaros que Gran Velada Alemania abre sus puertas..\"}]},{\"@type\":\"WebSite\",\"@id\":\"https:\/\/granvelada.com\/blog\/#website\",\"url\":\"https:\/\/granvelada.com\/blog\/\",\"name\":\"Blog de Gran Velada\",\"description\":\"Recetas y tutoriales para hacer cremas, jabones, velas, detalles y cosm\u00e9tica casera\",\"publisher\":{\"@id\":\"https:\/\/granvelada.com\/blog\/#organization\"},\"potentialAction\":[{\"@type\":\"SearchAction\",\"target\":{\"@type\":\"EntryPoint\",\"urlTemplate\":\"https:\/\/granvelada.com\/blog\/?s={search_term_string}\"},\"query-input\":\"required name=search_term_string\"}],\"inLanguage\":\"es\"},{\"@type\":\"Organization\",\"@id\":\"https:\/\/granvelada.com\/blog\/#organization\",\"name\":\"Granvelada.com\",\"url\":\"https:\/\/granvelada.com\/blog\/\",\"logo\":{\"@type\":\"ImageObject\",\"inLanguage\":\"es\",\"@id\":\"https:\/\/granvelada.com\/blog\/#\/schema\/logo\/image\/\",\"url\":\"https:\/\/granvelada.com\/blog\/wp-content\/uploads\/2015\/06\/hacervelas-granvelada.jpg\",\"contentUrl\":\"https:\/\/granvelada.com\/blog\/wp-content\/uploads\/2015\/06\/hacervelas-granvelada.jpg\",\"width\":851,\"height\":315,\"caption\":\"Granvelada.com\"},\"image\":{\"@id\":\"https:\/\/granvelada.com\/blog\/#\/schema\/logo\/image\/\"},\"sameAs\":[\"https:\/\/www.pinterest.com\/hacerjabon\/\",\"https:\/\/www.youtube.com\/user\/hacerjabones\",\"https:\/\/es-la.facebook.com\/hacerjabon\",\"https:\/\/twitter.com\/granvelada\"]},{\"@type\":\"Person\",\"@id\":\"https:\/\/granvelada.com\/blog\/#\/schema\/person\/79a0c8033911e0b07bad40e7b4beb5e5\",\"name\":\"contacto@granvelada.com\",\"image\":{\"@type\":\"ImageObject\",\"inLanguage\":\"es\",\"@id\":\"https:\/\/granvelada.com\/blog\/#\/schema\/person\/image\/\",\"url\":\"https:\/\/secure.gravatar.com\/avatar\/e958d5c17339949fb4785a9125a88aeee44e33d213fb1dc61944c17f81676f25?s=96&d=mm&r=g\",\"contentUrl\":\"https:\/\/secure.gravatar.com\/avatar\/e958d5c17339949fb4785a9125a88aeee44e33d213fb1dc61944c17f81676f25?s=96&d=mm&r=g\",\"caption\":\"contacto@granvelada.com\"}}]}<\/script>\n<!-- \/ Yoast SEO plugin. -->","yoast_head_json":{"title":"GranVelada Alemania: \u00a1Producto para Crear Jabones, Velas y m\u00e1s!","description":"Gran Velada llega a Alemania con materiales DIY para hacer jabones, velas y m\u00e1s. Env\u00edos r\u00e1pidos a Alemania, Austria y pa\u00edses cercanos. \u00a1Desc\u00fabrelo!","robots":{"index":"index","follow":"follow","max-snippet":"max-snippet:-1","max-image-preview":"max-image-preview:large","max-video-preview":"max-video-preview:-1"},"canonical":"https:\/\/granvelada.com\/blog\/nos-emociona-contaros-que-gran-velada-alemania-abre-sus-puertas\/","og_locale":"es_ES","og_type":"article","og_title":"GranVelada Alemania: \u00a1Producto para Crear Jabones, Velas y m\u00e1s!","og_description":"Gran Velada llega a Alemania con materiales DIY para hacer jabones, velas y m\u00e1s. Env\u00edos r\u00e1pidos a Alemania, Austria y pa\u00edses cercanos. \u00a1Desc\u00fabrelo!","og_url":"https:\/\/granvelada.com\/blog\/nos-emociona-contaros-que-gran-velada-alemania-abre-sus-puertas\/","og_site_name":"Blog de Gran Velada","article_publisher":"https:\/\/es-la.facebook.com\/hacerjabon","article_published_time":"2024-10-21T12:39:50+00:00","article_modified_time":"2024-12-05T14:27:24+00:00","og_image":[{"width":896,"height":504,"url":"https:\/\/granvelada.com\/blog\/wp-content\/uploads\/2024\/10\/ya-estamos-en-alemania-blog-gran-velada-.jpg","type":"image\/jpeg"}],"author":"contacto@granvelada.com","twitter_card":"summary_large_image","twitter_creator":"@granvelada","twitter_site":"@granvelada","twitter_misc":{"Escrito por":"contacto@granvelada.com","Tiempo de lectura":"5 minutos"},"schema":{"@context":"https:\/\/schema.org","@graph":[{"@type":"Article","@id":"https:\/\/granvelada.com\/blog\/nos-emociona-contaros-que-gran-velada-alemania-abre-sus-puertas\/#article","isPartOf":{"@id":"https:\/\/granvelada.com\/blog\/nos-emociona-contaros-que-gran-velada-alemania-abre-sus-puertas\/"},"author":{"name":"contacto@granvelada.com","@id":"https:\/\/granvelada.com\/blog\/#\/schema\/person\/79a0c8033911e0b07bad40e7b4beb5e5"},"headline":"Nos emociona contaros que Gran Velada Alemania abre sus puertas..","datePublished":"2024-10-21T12:39:50+00:00","dateModified":"2024-12-05T14:27:24+00:00","mainEntityOfPage":{"@id":"https:\/\/granvelada.com\/blog\/nos-emociona-contaros-que-gran-velada-alemania-abre-sus-puertas\/"},"wordCount":859,"publisher":{"@id":"https:\/\/granvelada.com\/blog\/#organization"},"articleSection":["Blogs de Gran Velada","Destacados","Post"],"inLanguage":"es"},{"@type":"WebPage","@id":"https:\/\/granvelada.com\/blog\/nos-emociona-contaros-que-gran-velada-alemania-abre-sus-puertas\/","url":"https:\/\/granvelada.com\/blog\/nos-emociona-contaros-que-gran-velada-alemania-abre-sus-puertas\/","name":"GranVelada Alemania: \u00a1Producto para Crear Jabones, Velas y m\u00e1s!","isPartOf":{"@id":"https:\/\/granvelada.com\/blog\/#website"},"datePublished":"2024-10-21T12:39:50+00:00","dateModified":"2024-12-05T14:27:24+00:00","description":"Gran Velada llega a Alemania con materiales DIY para hacer jabones, velas y m\u00e1s. Env\u00edos r\u00e1pidos a Alemania, Austria y pa\u00edses cercanos. \u00a1Desc\u00fabrelo!","breadcrumb":{"@id":"https:\/\/granvelada.com\/blog\/nos-emociona-contaros-que-gran-velada-alemania-abre-sus-puertas\/#breadcrumb"},"inLanguage":"es","potentialAction":[{"@type":"ReadAction","target":["https:\/\/granvelada.com\/blog\/nos-emociona-contaros-que-gran-velada-alemania-abre-sus-puertas\/"]}]},{"@type":"BreadcrumbList","@id":"https:\/\/granvelada.com\/blog\/nos-emociona-contaros-que-gran-velada-alemania-abre-sus-puertas\/#breadcrumb","itemListElement":[{"@type":"ListItem","position":1,"name":"Portada","item":"https:\/\/granvelada.com\/blog\/"},{"@type":"ListItem","position":2,"name":"Nos emociona contaros que Gran Velada Alemania abre sus puertas.."}]},{"@type":"WebSite","@id":"https:\/\/granvelada.com\/blog\/#website","url":"https:\/\/granvelada.com\/blog\/","name":"Blog de Gran Velada","description":"Recetas y tutoriales para hacer cremas, jabones, velas, detalles y cosm\u00e9tica casera","publisher":{"@id":"https:\/\/granvelada.com\/blog\/#organization"},"potentialAction":[{"@type":"SearchAction","target":{"@type":"EntryPoint","urlTemplate":"https:\/\/granvelada.com\/blog\/?s={search_term_string}"},"query-input":"required name=search_term_string"}],"inLanguage":"es"},{"@type":"Organization","@id":"https:\/\/granvelada.com\/blog\/#organization","name":"Granvelada.com","url":"https:\/\/granvelada.com\/blog\/","logo":{"@type":"ImageObject","inLanguage":"es","@id":"https:\/\/granvelada.com\/blog\/#\/schema\/logo\/image\/","url":"https:\/\/granvelada.com\/blog\/wp-content\/uploads\/2015\/06\/hacervelas-granvelada.jpg","contentUrl":"https:\/\/granvelada.com\/blog\/wp-content\/uploads\/2015\/06\/hacervelas-granvelada.jpg","width":851,"height":315,"caption":"Granvelada.com"},"image":{"@id":"https:\/\/granvelada.com\/blog\/#\/schema\/logo\/image\/"},"sameAs":["https:\/\/www.pinterest.com\/hacerjabon\/","https:\/\/www.youtube.com\/user\/hacerjabones","https:\/\/es-la.facebook.com\/hacerjabon","https:\/\/twitter.com\/granvelada"]},{"@type":"Person","@id":"https:\/\/granvelada.com\/blog\/#\/schema\/person\/79a0c8033911e0b07bad40e7b4beb5e5","name":"contacto@granvelada.com","image":{"@type":"ImageObject","inLanguage":"es","@id":"https:\/\/granvelada.com\/blog\/#\/schema\/person\/image\/","url":"https:\/\/secure.gravatar.com\/avatar\/e958d5c17339949fb4785a9125a88aeee44e33d213fb1dc61944c17f81676f25?s=96&d=mm&r=g","contentUrl":"https:\/\/secure.gravatar.com\/avatar\/e958d5c17339949fb4785a9125a88aeee44e33d213fb1dc61944c17f81676f25?s=96&d=mm&r=g","caption":"contacto@granvelada.com"}}]}},"_links":{"self":[{"href":"https:\/\/granvelada.com\/blog\/wp-json\/wp\/v2\/posts\/24434","targetHints":{"allow":["GET"]}}],"collection":[{"href":"https:\/\/granvelada.com\/blog\/wp-json\/wp\/v2\/posts"}],"about":[{"href":"https:\/\/granvelada.com\/blog\/wp-json\/wp\/v2\/types\/post"}],"author":[{"embeddable":true,"href":"https:\/\/granvelada.com\/blog\/wp-json\/wp\/v2\/users\/11"}],"replies":[{"embeddable":true,"href":"https:\/\/granvelada.com\/blog\/wp-json\/wp\/v2\/comments?post=24434"}],"version-history":[{"count":4,"href":"https:\/\/granvelada.com\/blog\/wp-json\/wp\/v2\/posts\/24434\/revisions"}],"predecessor-version":[{"id":24445,"href":"https:\/\/granvelada.com\/blog\/wp-json\/wp\/v2\/posts\/24434\/revisions\/24445"}],"wp:featuredmedia":[{"embeddable":true,"href":"https:\/\/granvelada.com\/blog\/wp-json\/wp\/v2\/media\/24441"}],"wp:attachment":[{"href":"https:\/\/granvelada.com\/blog\/wp-json\/wp\/v2\/media?parent=24434"}],"wp:term":[{"taxonomy":"category","embeddable":true,"href":"https:\/\/granvelada.com\/blog\/wp-json\/wp\/v2\/categories?post=24434"},{"taxonomy":"post_tag","embeddable":true,"href":"https:\/\/granvelada.com\/blog\/wp-json\/wp\/v2\/tags?post=24434"}],"curies":[{"name":"wp","href":"https:\/\/api.w.org\/{rel}","templated":true}]}}