{"id":24383,"date":"2024-11-05T09:05:00","date_gmt":"2024-11-05T08:05:00","guid":{"rendered":"https:\/\/granvelada.com\/blog\/?p=24383"},"modified":"2024-12-05T15:30:35","modified_gmt":"2024-12-05T14:30:35","slug":"crea-tus-propias-velas-de-abeto-navideno-con-nuestro-kit","status":"publish","type":"post","link":"https:\/\/granvelada.com\/blog\/crea-tus-propias-velas-de-abeto-navideno-con-nuestro-kit\/","title":{"rendered":"\u00a1Crea tus propias velas de abeto navide\u00f1o con nuestro kit!"},"content":{"rendered":"\n<p>\u00bfTe gustar\u00eda disfrutar de una manualidad navide\u00f1a creativa y f\u00e1cil? Con nuestro <strong><a href=\"https:\/\/granvelada.com\/es\/kit-manualidades-navidad\/10332-kit-como-hacer-2-velas-de-arbol-de-navidad-grande-materiales-e-instrucciones.html\" target=\"_blank\" rel=\"noreferrer noopener\">Kit para hacer velas de abeto de Navidad peque\u00f1o<\/a><\/strong>, tendr\u00e1s todo lo que necesitas para crear dos preciosas velas desde cero. Incluso si nunca has hecho velas antes, \u00a1no te preocupes! <\/p>\n\n\n\n<p>Este kit incluye todos los materiales y las instrucciones paso a paso para que no tengas que preocuparte por ning\u00fan detalle. \u00a1El proceso es sencillo y el resultado es espectacular!<\/p>\n\n\n\n<!--more-->\n\n\n\n<p>Por solo 15 \u20ac (IVA incluido), puedes disfrutar de una tarde s\u00faper navide\u00f1a creando velas con tus amigos, hijos o sobrinos, \u00a1una actividad perfecta para compartir momentos especiales y creativos en familia o con tus seres queridos!<\/p>\n\n\n<div class=\"wp-block-image\">\n<figure class=\"aligncenter size-large is-resized\"><img title=\" \"loading=\"lazy\" decoding=\"async\" src=\"https:\/\/granvelada.com\/blog\/wp-content\/uploads\/2024\/10\/kit-abeto-navidad-grande-2-848x477.jpg\" alt=\" \" class=\"wp-image-24384\" width=\"1223\" height=\"688\" srcset=\"https:\/\/granvelada.com\/blog\/wp-content\/uploads\/2024\/10\/kit-abeto-navidad-grande-2-848x477.jpg 848w, https:\/\/granvelada.com\/blog\/wp-content\/uploads\/2024\/10\/kit-abeto-navidad-grande-2-387x218.jpg 387w, https:\/\/granvelada.com\/blog\/wp-content\/uploads\/2024\/10\/kit-abeto-navidad-grande-2-129x73.jpg 129w, https:\/\/granvelada.com\/blog\/wp-content\/uploads\/2024\/10\/kit-abeto-navidad-grande-2-768x432.jpg 768w, https:\/\/granvelada.com\/blog\/wp-content\/uploads\/2024\/10\/kit-abeto-navidad-grande-2-300x169.jpg 300w, https:\/\/granvelada.com\/blog\/wp-content\/uploads\/2024\/10\/kit-abeto-navidad-grande-2-317x178.jpg 317w, https:\/\/granvelada.com\/blog\/wp-content\/uploads\/2024\/10\/kit-abeto-navidad-grande-2-424x239.jpg 424w, https:\/\/granvelada.com\/blog\/wp-content\/uploads\/2024\/10\/kit-abeto-navidad-grande-2.jpg 896w, https:\/\/granvelada.com\/blog\/wp-content\/uploads\/2024\/10\/kit-abeto-navidad-grande-2-581x327.jpg 581w, https:\/\/granvelada.com\/blog\/wp-content\/uploads\/2024\/10\/kit-abeto-navidad-grande-2-310x174.jpg 310w, https:\/\/granvelada.com\/blog\/wp-content\/uploads\/2024\/10\/kit-abeto-navidad-grande-2-232x131.jpg 232w, https:\/\/granvelada.com\/blog\/wp-content\/uploads\/2024\/10\/kit-abeto-navidad-grande-2-275x155.jpg 275w\" sizes=\"auto, (max-width: 1223px) 100vw, 1223px\" \/><figcaption class=\"wp-element-caption\">Velas de Abeto navide\u00f1o terminadas.<\/figcaption><\/figure>\n<\/div>\n\n\n<p>Las velas en forma de abeto son perfectas para decorar cualquier rinc\u00f3n de tu hogar durante las fiestas, aportando un toque acogedor y navide\u00f1o. Adem\u00e1s, son una opci\u00f3n maravillosa para regalar a amigos y familiares que disfrutan de las manualidades y el DIY. El molde reutilizable incluido en el kit te permitir\u00e1 seguir creando tantas velas como desees una vez hayas hecho las primeras, as\u00ed que puedes repetir el proceso siempre que quieras.<\/p>\n\n\n\n<figure class=\"wp-block-gallery has-nested-images columns-default is-cropped wp-block-gallery-1 is-layout-flex wp-block-gallery-is-layout-flex\">\n<figure class=\"wp-block-image size-large\"><a href=\"https:\/\/granvelada.com\/es\/kit-manualidades-navidad\/10331-kit-como-hacer-2-velas-de-arbol-de-navidad-pequeno-materiales-e-instrucciones.html\" target=\"_blank\" rel=\"noopener\"><img title=\" \"loading=\"lazy\" decoding=\"async\" width=\"477\" height=\"477\" data-id=\"24425\" src=\"https:\/\/granvelada.com\/blog\/wp-content\/uploads\/2024\/10\/kit-como-hacer-2-velas-de-arbol-de-navidad-pequeno-materiales-e-instrucciones-477x477.jpg\" alt=\" \" class=\"wp-image-24425\" srcset=\"https:\/\/granvelada.com\/blog\/wp-content\/uploads\/2024\/10\/kit-como-hacer-2-velas-de-arbol-de-navidad-pequeno-materiales-e-instrucciones-477x477.jpg 477w, https:\/\/granvelada.com\/blog\/wp-content\/uploads\/2024\/10\/kit-como-hacer-2-velas-de-arbol-de-navidad-pequeno-materiales-e-instrucciones-218x218.jpg 218w, https:\/\/granvelada.com\/blog\/wp-content\/uploads\/2024\/10\/kit-como-hacer-2-velas-de-arbol-de-navidad-pequeno-materiales-e-instrucciones-768x768.jpg 768w, https:\/\/granvelada.com\/blog\/wp-content\/uploads\/2024\/10\/kit-como-hacer-2-velas-de-arbol-de-navidad-pequeno-materiales-e-instrucciones-150x150.jpg 150w, https:\/\/granvelada.com\/blog\/wp-content\/uploads\/2024\/10\/kit-como-hacer-2-velas-de-arbol-de-navidad-pequeno-materiales-e-instrucciones-250x250.jpg 250w, https:\/\/granvelada.com\/blog\/wp-content\/uploads\/2024\/10\/kit-como-hacer-2-velas-de-arbol-de-navidad-pequeno-materiales-e-instrucciones-868x868.jpg 868w, https:\/\/granvelada.com\/blog\/wp-content\/uploads\/2024\/10\/kit-como-hacer-2-velas-de-arbol-de-navidad-pequeno-materiales-e-instrucciones.jpg 1000w, https:\/\/granvelada.com\/blog\/wp-content\/uploads\/2024\/10\/kit-como-hacer-2-velas-de-arbol-de-navidad-pequeno-materiales-e-instrucciones-947x947.jpg 947w, https:\/\/granvelada.com\/blog\/wp-content\/uploads\/2024\/10\/kit-como-hacer-2-velas-de-arbol-de-navidad-pequeno-materiales-e-instrucciones-100x100.jpg 100w\" sizes=\"auto, (max-width: 477px) 100vw, 477px\" \/><\/a><figcaption class=\"wp-element-caption\">Kit para hacer Velas Abeto navide\u00f1o<\/figcaption><\/figure>\n\n\n\n<figure class=\"wp-block-image size-large\"><a href=\"https:\/\/granvelada.com\/es\/kit-manualidades-navidad\/10331-kit-como-hacer-2-velas-de-arbol-de-navidad-pequeno-materiales-e-instrucciones.html\" target=\"_blank\" rel=\"noopener\"><img title=\" \"loading=\"lazy\" decoding=\"async\" width=\"477\" height=\"477\" data-id=\"24426\" src=\"https:\/\/granvelada.com\/blog\/wp-content\/uploads\/2024\/10\/kit-como-hacer-2-velas-de-arbol-de-navidad-pequeno-materiales-e-instrucciones-1-477x477.jpg\" alt=\" \" class=\"wp-image-24426\" srcset=\"https:\/\/granvelada.com\/blog\/wp-content\/uploads\/2024\/10\/kit-como-hacer-2-velas-de-arbol-de-navidad-pequeno-materiales-e-instrucciones-1-477x477.jpg 477w, https:\/\/granvelada.com\/blog\/wp-content\/uploads\/2024\/10\/kit-como-hacer-2-velas-de-arbol-de-navidad-pequeno-materiales-e-instrucciones-1-218x218.jpg 218w, https:\/\/granvelada.com\/blog\/wp-content\/uploads\/2024\/10\/kit-como-hacer-2-velas-de-arbol-de-navidad-pequeno-materiales-e-instrucciones-1-768x768.jpg 768w, https:\/\/granvelada.com\/blog\/wp-content\/uploads\/2024\/10\/kit-como-hacer-2-velas-de-arbol-de-navidad-pequeno-materiales-e-instrucciones-1-150x150.jpg 150w, https:\/\/granvelada.com\/blog\/wp-content\/uploads\/2024\/10\/kit-como-hacer-2-velas-de-arbol-de-navidad-pequeno-materiales-e-instrucciones-1-250x250.jpg 250w, https:\/\/granvelada.com\/blog\/wp-content\/uploads\/2024\/10\/kit-como-hacer-2-velas-de-arbol-de-navidad-pequeno-materiales-e-instrucciones-1-868x868.jpg 868w, https:\/\/granvelada.com\/blog\/wp-content\/uploads\/2024\/10\/kit-como-hacer-2-velas-de-arbol-de-navidad-pequeno-materiales-e-instrucciones-1.jpg 1000w, https:\/\/granvelada.com\/blog\/wp-content\/uploads\/2024\/10\/kit-como-hacer-2-velas-de-arbol-de-navidad-pequeno-materiales-e-instrucciones-1-947x947.jpg 947w, https:\/\/granvelada.com\/blog\/wp-content\/uploads\/2024\/10\/kit-como-hacer-2-velas-de-arbol-de-navidad-pequeno-materiales-e-instrucciones-1-100x100.jpg 100w\" sizes=\"auto, (max-width: 477px) 100vw, 477px\" \/><\/a><figcaption class=\"wp-element-caption\">Materiales del kit Velas navide\u00f1as<\/figcaption><\/figure>\n<\/figure>\n\n\n\n<p>Lo mejor de todo es que <strong>no necesitas ninguna experiencia previa<\/strong> para hacer estas velas. El kit incluye todos los materiales y las instrucciones detalladas para que cualquiera, incluso si es su primera vez haciendo velas, pueda crear estas preciosas piezas sin dificultad. <\/p>\n\n\n\n<figure class=\"wp-block-gallery has-nested-images columns-default is-cropped wp-block-gallery-2 is-layout-flex wp-block-gallery-is-layout-flex\">\n<figure class=\"wp-block-image size-large\"><img title=\" \"loading=\"lazy\" decoding=\"async\" width=\"848\" height=\"477\" data-id=\"24421\" src=\"https:\/\/granvelada.com\/blog\/wp-content\/uploads\/2024\/10\/paso6-11-848x477.jpg\" alt=\" \" class=\"wp-image-24421\" srcset=\"https:\/\/granvelada.com\/blog\/wp-content\/uploads\/2024\/10\/paso6-11-848x477.jpg 848w, https:\/\/granvelada.com\/blog\/wp-content\/uploads\/2024\/10\/paso6-11-387x218.jpg 387w, https:\/\/granvelada.com\/blog\/wp-content\/uploads\/2024\/10\/paso6-11-129x73.jpg 129w, https:\/\/granvelada.com\/blog\/wp-content\/uploads\/2024\/10\/paso6-11-768x432.jpg 768w, https:\/\/granvelada.com\/blog\/wp-content\/uploads\/2024\/10\/paso6-11-300x169.jpg 300w, https:\/\/granvelada.com\/blog\/wp-content\/uploads\/2024\/10\/paso6-11-317x178.jpg 317w, https:\/\/granvelada.com\/blog\/wp-content\/uploads\/2024\/10\/paso6-11-424x239.jpg 424w, https:\/\/granvelada.com\/blog\/wp-content\/uploads\/2024\/10\/paso6-11-896x504.jpg 896w, https:\/\/granvelada.com\/blog\/wp-content\/uploads\/2024\/10\/paso6-11-581x327.jpg 581w, https:\/\/granvelada.com\/blog\/wp-content\/uploads\/2024\/10\/paso6-11-310x174.jpg 310w, https:\/\/granvelada.com\/blog\/wp-content\/uploads\/2024\/10\/paso6-11-232x131.jpg 232w, https:\/\/granvelada.com\/blog\/wp-content\/uploads\/2024\/10\/paso6-11-275x155.jpg 275w, https:\/\/granvelada.com\/blog\/wp-content\/uploads\/2024\/10\/paso6-11-1000x563.jpg 1000w, https:\/\/granvelada.com\/blog\/wp-content\/uploads\/2024\/10\/paso6-11-947x533.jpg 947w, https:\/\/granvelada.com\/blog\/wp-content\/uploads\/2024\/10\/paso6-11.jpg 1280w\" sizes=\"auto, (max-width: 848px) 100vw, 848px\" \/><\/figure>\n\n\n\n<figure class=\"wp-block-image size-large\"><img title=\" \"loading=\"lazy\" decoding=\"async\" width=\"848\" height=\"477\" data-id=\"24423\" src=\"https:\/\/granvelada.com\/blog\/wp-content\/uploads\/2024\/10\/paso10-8-848x477.jpg\" alt=\" \" class=\"wp-image-24423\" srcset=\"https:\/\/granvelada.com\/blog\/wp-content\/uploads\/2024\/10\/paso10-8-848x477.jpg 848w, https:\/\/granvelada.com\/blog\/wp-content\/uploads\/2024\/10\/paso10-8-387x218.jpg 387w, https:\/\/granvelada.com\/blog\/wp-content\/uploads\/2024\/10\/paso10-8-129x73.jpg 129w, https:\/\/granvelada.com\/blog\/wp-content\/uploads\/2024\/10\/paso10-8-768x432.jpg 768w, https:\/\/granvelada.com\/blog\/wp-content\/uploads\/2024\/10\/paso10-8-300x169.jpg 300w, https:\/\/granvelada.com\/blog\/wp-content\/uploads\/2024\/10\/paso10-8-317x178.jpg 317w, https:\/\/granvelada.com\/blog\/wp-content\/uploads\/2024\/10\/paso10-8-424x239.jpg 424w, https:\/\/granvelada.com\/blog\/wp-content\/uploads\/2024\/10\/paso10-8-896x504.jpg 896w, https:\/\/granvelada.com\/blog\/wp-content\/uploads\/2024\/10\/paso10-8-581x327.jpg 581w, https:\/\/granvelada.com\/blog\/wp-content\/uploads\/2024\/10\/paso10-8-310x174.jpg 310w, https:\/\/granvelada.com\/blog\/wp-content\/uploads\/2024\/10\/paso10-8-232x131.jpg 232w, https:\/\/granvelada.com\/blog\/wp-content\/uploads\/2024\/10\/paso10-8-275x155.jpg 275w, https:\/\/granvelada.com\/blog\/wp-content\/uploads\/2024\/10\/paso10-8-1000x563.jpg 1000w, https:\/\/granvelada.com\/blog\/wp-content\/uploads\/2024\/10\/paso10-8-947x533.jpg 947w, https:\/\/granvelada.com\/blog\/wp-content\/uploads\/2024\/10\/paso10-8.jpg 1280w\" sizes=\"auto, (max-width: 848px) 100vw, 848px\" \/><\/figure>\n\n\n\n<figure class=\"wp-block-image size-large\"><img title=\" \"loading=\"lazy\" decoding=\"async\" width=\"848\" height=\"477\" data-id=\"24424\" src=\"https:\/\/granvelada.com\/blog\/wp-content\/uploads\/2024\/10\/paso12-9-848x477.jpg\" alt=\" \" class=\"wp-image-24424\" srcset=\"https:\/\/granvelada.com\/blog\/wp-content\/uploads\/2024\/10\/paso12-9-848x477.jpg 848w, https:\/\/granvelada.com\/blog\/wp-content\/uploads\/2024\/10\/paso12-9-387x218.jpg 387w, https:\/\/granvelada.com\/blog\/wp-content\/uploads\/2024\/10\/paso12-9-129x73.jpg 129w, https:\/\/granvelada.com\/blog\/wp-content\/uploads\/2024\/10\/paso12-9-768x432.jpg 768w, https:\/\/granvelada.com\/blog\/wp-content\/uploads\/2024\/10\/paso12-9-300x169.jpg 300w, https:\/\/granvelada.com\/blog\/wp-content\/uploads\/2024\/10\/paso12-9-317x178.jpg 317w, https:\/\/granvelada.com\/blog\/wp-content\/uploads\/2024\/10\/paso12-9-424x239.jpg 424w, https:\/\/granvelada.com\/blog\/wp-content\/uploads\/2024\/10\/paso12-9-896x504.jpg 896w, https:\/\/granvelada.com\/blog\/wp-content\/uploads\/2024\/10\/paso12-9-581x327.jpg 581w, https:\/\/granvelada.com\/blog\/wp-content\/uploads\/2024\/10\/paso12-9-310x174.jpg 310w, https:\/\/granvelada.com\/blog\/wp-content\/uploads\/2024\/10\/paso12-9-232x131.jpg 232w, https:\/\/granvelada.com\/blog\/wp-content\/uploads\/2024\/10\/paso12-9-275x155.jpg 275w, https:\/\/granvelada.com\/blog\/wp-content\/uploads\/2024\/10\/paso12-9-1000x563.jpg 1000w, https:\/\/granvelada.com\/blog\/wp-content\/uploads\/2024\/10\/paso12-9-947x533.jpg 947w, https:\/\/granvelada.com\/blog\/wp-content\/uploads\/2024\/10\/paso12-9.jpg 1280w\" sizes=\"auto, (max-width: 848px) 100vw, 848px\" \/><\/figure>\n\n\n\n<figure class=\"wp-block-image size-large\"><img title=\" \"loading=\"lazy\" decoding=\"async\" width=\"848\" height=\"477\" data-id=\"24420\" src=\"https:\/\/granvelada.com\/blog\/wp-content\/uploads\/2024\/10\/paso18-7-848x477.jpg\" alt=\" \" class=\"wp-image-24420\" srcset=\"https:\/\/granvelada.com\/blog\/wp-content\/uploads\/2024\/10\/paso18-7-848x477.jpg 848w, https:\/\/granvelada.com\/blog\/wp-content\/uploads\/2024\/10\/paso18-7-387x218.jpg 387w, https:\/\/granvelada.com\/blog\/wp-content\/uploads\/2024\/10\/paso18-7-129x73.jpg 129w, https:\/\/granvelada.com\/blog\/wp-content\/uploads\/2024\/10\/paso18-7-768x432.jpg 768w, https:\/\/granvelada.com\/blog\/wp-content\/uploads\/2024\/10\/paso18-7-300x169.jpg 300w, https:\/\/granvelada.com\/blog\/wp-content\/uploads\/2024\/10\/paso18-7-317x178.jpg 317w, https:\/\/granvelada.com\/blog\/wp-content\/uploads\/2024\/10\/paso18-7-424x239.jpg 424w, https:\/\/granvelada.com\/blog\/wp-content\/uploads\/2024\/10\/paso18-7-896x504.jpg 896w, https:\/\/granvelada.com\/blog\/wp-content\/uploads\/2024\/10\/paso18-7-581x327.jpg 581w, https:\/\/granvelada.com\/blog\/wp-content\/uploads\/2024\/10\/paso18-7-310x174.jpg 310w, https:\/\/granvelada.com\/blog\/wp-content\/uploads\/2024\/10\/paso18-7-232x131.jpg 232w, https:\/\/granvelada.com\/blog\/wp-content\/uploads\/2024\/10\/paso18-7-275x155.jpg 275w, https:\/\/granvelada.com\/blog\/wp-content\/uploads\/2024\/10\/paso18-7-1000x563.jpg 1000w, https:\/\/granvelada.com\/blog\/wp-content\/uploads\/2024\/10\/paso18-7-947x533.jpg 947w, https:\/\/granvelada.com\/blog\/wp-content\/uploads\/2024\/10\/paso18-7.jpg 1280w\" sizes=\"auto, (max-width: 848px) 100vw, 848px\" \/><\/figure>\n\n\n\n<figure class=\"wp-block-image size-large\"><img title=\" \"loading=\"lazy\" decoding=\"async\" width=\"848\" height=\"477\" data-id=\"24419\" src=\"https:\/\/granvelada.com\/blog\/wp-content\/uploads\/2024\/10\/paso19-5-848x477.jpg\" alt=\" \" class=\"wp-image-24419\" srcset=\"https:\/\/granvelada.com\/blog\/wp-content\/uploads\/2024\/10\/paso19-5-848x477.jpg 848w, https:\/\/granvelada.com\/blog\/wp-content\/uploads\/2024\/10\/paso19-5-387x218.jpg 387w, https:\/\/granvelada.com\/blog\/wp-content\/uploads\/2024\/10\/paso19-5-129x73.jpg 129w, https:\/\/granvelada.com\/blog\/wp-content\/uploads\/2024\/10\/paso19-5-768x432.jpg 768w, https:\/\/granvelada.com\/blog\/wp-content\/uploads\/2024\/10\/paso19-5-300x169.jpg 300w, https:\/\/granvelada.com\/blog\/wp-content\/uploads\/2024\/10\/paso19-5-317x178.jpg 317w, https:\/\/granvelada.com\/blog\/wp-content\/uploads\/2024\/10\/paso19-5-424x239.jpg 424w, https:\/\/granvelada.com\/blog\/wp-content\/uploads\/2024\/10\/paso19-5-896x504.jpg 896w, https:\/\/granvelada.com\/blog\/wp-content\/uploads\/2024\/10\/paso19-5-581x327.jpg 581w, https:\/\/granvelada.com\/blog\/wp-content\/uploads\/2024\/10\/paso19-5-310x174.jpg 310w, https:\/\/granvelada.com\/blog\/wp-content\/uploads\/2024\/10\/paso19-5-232x131.jpg 232w, https:\/\/granvelada.com\/blog\/wp-content\/uploads\/2024\/10\/paso19-5-275x155.jpg 275w, https:\/\/granvelada.com\/blog\/wp-content\/uploads\/2024\/10\/paso19-5-1000x563.jpg 1000w, https:\/\/granvelada.com\/blog\/wp-content\/uploads\/2024\/10\/paso19-5-947x533.jpg 947w, https:\/\/granvelada.com\/blog\/wp-content\/uploads\/2024\/10\/paso19-5.jpg 1280w\" sizes=\"auto, (max-width: 848px) 100vw, 848px\" \/><\/figure>\n\n\n\n<figure class=\"wp-block-image size-large\"><img title=\" \"loading=\"lazy\" decoding=\"async\" width=\"848\" height=\"477\" data-id=\"24422\" src=\"https:\/\/granvelada.com\/blog\/wp-content\/uploads\/2024\/10\/paso21-5-848x477.jpg\" alt=\" \" class=\"wp-image-24422\" srcset=\"https:\/\/granvelada.com\/blog\/wp-content\/uploads\/2024\/10\/paso21-5-848x477.jpg 848w, https:\/\/granvelada.com\/blog\/wp-content\/uploads\/2024\/10\/paso21-5-387x218.jpg 387w, https:\/\/granvelada.com\/blog\/wp-content\/uploads\/2024\/10\/paso21-5-129x73.jpg 129w, https:\/\/granvelada.com\/blog\/wp-content\/uploads\/2024\/10\/paso21-5-768x432.jpg 768w, https:\/\/granvelada.com\/blog\/wp-content\/uploads\/2024\/10\/paso21-5-300x169.jpg 300w, https:\/\/granvelada.com\/blog\/wp-content\/uploads\/2024\/10\/paso21-5-317x178.jpg 317w, https:\/\/granvelada.com\/blog\/wp-content\/uploads\/2024\/10\/paso21-5-424x239.jpg 424w, https:\/\/granvelada.com\/blog\/wp-content\/uploads\/2024\/10\/paso21-5-896x504.jpg 896w, https:\/\/granvelada.com\/blog\/wp-content\/uploads\/2024\/10\/paso21-5-581x327.jpg 581w, https:\/\/granvelada.com\/blog\/wp-content\/uploads\/2024\/10\/paso21-5-310x174.jpg 310w, https:\/\/granvelada.com\/blog\/wp-content\/uploads\/2024\/10\/paso21-5-232x131.jpg 232w, https:\/\/granvelada.com\/blog\/wp-content\/uploads\/2024\/10\/paso21-5-275x155.jpg 275w, https:\/\/granvelada.com\/blog\/wp-content\/uploads\/2024\/10\/paso21-5-1000x563.jpg 1000w, https:\/\/granvelada.com\/blog\/wp-content\/uploads\/2024\/10\/paso21-5-947x533.jpg 947w, https:\/\/granvelada.com\/blog\/wp-content\/uploads\/2024\/10\/paso21-5.jpg 1280w\" sizes=\"auto, (max-width: 848px) 100vw, 848px\" \/><\/figure>\n<\/figure>\n\n\n\n<p><strong>El proceso es sencillo y accesible<\/strong>, por lo que no hay necesidad de preocuparse por tener conocimientos t\u00e9cnicos. \u00a1Solo sigue los pasos y ver\u00e1s lo f\u00e1cil y divertido que es convertir la cera en una encantadora vela navide\u00f1a!<\/p>\n\n\n\n<figure class=\"wp-block-embed is-type-video is-provider-youtube wp-block-embed-youtube wp-embed-aspect-16-9 wp-has-aspect-ratio\"><div class=\"wp-block-embed__wrapper\">\n<iframe loading=\"lazy\" title=\"A\u0301RBOL GRANDE\" width=\"640\" height=\"360\" src=\"https:\/\/www.youtube.com\/embed\/gdn4oLkl3Dg?feature=oembed\" frameborder=\"0\" allow=\"accelerometer; autoplay; clipboard-write; encrypted-media; gyroscope; picture-in-picture; web-share\" referrerpolicy=\"strict-origin-when-cross-origin\" allowfullscreen><\/iframe>\n<\/div><\/figure>\n\n\n\n<h2 class=\"wp-block-heading\">\u00bfQue materiales vienen incluidos en el Kit?<\/h2>\n\n\n\n<p>Este kit viene con todo lo necesario para que puedas hacer dos velas de abeto navide\u00f1o en casa:<\/p>\n\n\n\n<ul class=\"wp-block-list\">\n<li><strong>250 g de Cera de soja moldeabl<a href=\"https:\/\/granvelada.com\/es\/ceras-y-parafinas-para-velas-y-cosmetica\/7455-cera-de-soja-moldeable.html\">e<\/a><\/strong>: F\u00e1cil de trabajar y con un acabado suave.<\/li>\n\n\n\n<li><strong>50 cm de mecha encerada<\/strong>: La longitud justa para tus dos velas.<\/li>\n\n\n\n<li><strong>Esencia arom\u00e1tica de Abeto Navide\u00f1o<\/strong>: Llena tu hogar de ese caracter\u00edstico y acogedor aroma a Navidad.<\/li>\n\n\n\n<li><strong>Molde de abeto navide\u00f1o<\/strong>: Reutilizable para que puedas seguir creando m\u00e1s velas.<\/li>\n\n\n\n<li><strong>Colorante verde helecho para velas<\/strong>: Dale un toque realista a tus velas con este colorante.<\/li>\n\n\n\n<li><strong>Soporte de madera para mechas<\/strong>: Para asegurar que la mecha se mantenga en su lugar mientras la cera se enfr\u00eda.<\/li>\n\n\n\n<li><strong>Palito de brocheta<\/strong>: Herramienta \u00fatil para enhebrar la mecha a trav\u00e9s del molde.<\/li>\n\n\n\n<li><strong>Esp\u00e1tula para remover<\/strong>: Para mezclar bien la cera y la esencia de forma homog\u00e9nea.<\/li>\n<\/ul>\n\n\n<div class=\"wp-block-image\">\n<figure class=\"aligncenter size-large is-resized\"><a href=\"https:\/\/granvelada.com\/es\/kit-manualidades-navidad\/10331-kit-como-hacer-2-velas-de-arbol-de-navidad-pequeno-materiales-e-instrucciones.html\" target=\"_blank\" rel=\"noopener\"><img title=\" \"loading=\"lazy\" decoding=\"async\" src=\"https:\/\/granvelada.com\/blog\/wp-content\/uploads\/2022\/05\/banner-kits-marzo-2022-848x150.jpg\" alt=\" \" class=\"wp-image-16640\" width=\"1201\" height=\"212\" srcset=\"https:\/\/granvelada.com\/blog\/wp-content\/uploads\/2022\/05\/banner-kits-marzo-2022-848x150.jpg 848w, https:\/\/granvelada.com\/blog\/wp-content\/uploads\/2022\/05\/banner-kits-marzo-2022-387x69.jpg 387w, https:\/\/granvelada.com\/blog\/wp-content\/uploads\/2022\/05\/banner-kits-marzo-2022-768x136.jpg 768w, https:\/\/granvelada.com\/blog\/wp-content\/uploads\/2022\/05\/banner-kits-marzo-2022.jpg 896w\" sizes=\"auto, (max-width: 1201px) 100vw, 1201px\" \/><\/a><figcaption class=\"wp-element-caption\">Pincha en el banner para comprar el kit.<\/figcaption><\/figure>\n<\/div>\n\n<div class=\"wp-block-image\">\n<figure class=\"aligncenter size-large is-resized\"><img title=\" \"loading=\"lazy\" decoding=\"async\" src=\"https:\/\/granvelada.com\/blog\/wp-content\/uploads\/2024\/10\/kit-abeto-navidad-grande-3-848x477.jpg\" alt=\" \" class=\"wp-image-24386\" width=\"1205\" height=\"678\" srcset=\"https:\/\/granvelada.com\/blog\/wp-content\/uploads\/2024\/10\/kit-abeto-navidad-grande-3-848x477.jpg 848w, https:\/\/granvelada.com\/blog\/wp-content\/uploads\/2024\/10\/kit-abeto-navidad-grande-3-387x218.jpg 387w, https:\/\/granvelada.com\/blog\/wp-content\/uploads\/2024\/10\/kit-abeto-navidad-grande-3-129x73.jpg 129w, https:\/\/granvelada.com\/blog\/wp-content\/uploads\/2024\/10\/kit-abeto-navidad-grande-3-768x432.jpg 768w, https:\/\/granvelada.com\/blog\/wp-content\/uploads\/2024\/10\/kit-abeto-navidad-grande-3-300x169.jpg 300w, https:\/\/granvelada.com\/blog\/wp-content\/uploads\/2024\/10\/kit-abeto-navidad-grande-3-317x178.jpg 317w, https:\/\/granvelada.com\/blog\/wp-content\/uploads\/2024\/10\/kit-abeto-navidad-grande-3-424x239.jpg 424w, https:\/\/granvelada.com\/blog\/wp-content\/uploads\/2024\/10\/kit-abeto-navidad-grande-3.jpg 896w, https:\/\/granvelada.com\/blog\/wp-content\/uploads\/2024\/10\/kit-abeto-navidad-grande-3-581x327.jpg 581w, https:\/\/granvelada.com\/blog\/wp-content\/uploads\/2024\/10\/kit-abeto-navidad-grande-3-310x174.jpg 310w, https:\/\/granvelada.com\/blog\/wp-content\/uploads\/2024\/10\/kit-abeto-navidad-grande-3-232x131.jpg 232w, https:\/\/granvelada.com\/blog\/wp-content\/uploads\/2024\/10\/kit-abeto-navidad-grande-3-275x155.jpg 275w\" sizes=\"auto, (max-width: 1205px) 100vw, 1205px\" \/><figcaption class=\"wp-element-caption\">Velas navide\u00f1as DIy encendidas.<\/figcaption><\/figure>\n<\/div>\n\n\n<h2 class=\"wp-block-heading\">Paso a paso para hacer las velas Abeto navide\u00f1o del Kit<\/h2>\n\n\n\n<p>Aunque nunca hayas hecho velas antes, \u00a1es muy f\u00e1cil! Solo necesitas seguir los pasos que vienen en el kit:<\/p>\n\n\n\n<ol class=\"wp-block-list\">\n<li><strong>Funde 120 g de cera de soja moldeable<\/strong> en un recipiente resistente al calor.<\/li>\n\n\n\n<li>A\u00f1ade <strong>5 ml de esencia arom\u00e1tica de abeto navide\u00f1o<\/strong> (la mitad del frasco) a la cera fundida y remueve bien.<\/li>\n\n\n\n<li>Utiliza el palito de brocheta para <strong>hacer un peque\u00f1o agujero en la parte superior del molde<\/strong>.<\/li>\n\n\n\n<li><strong>Corta la mecha<\/strong> a la medida del molde y p\u00e1sala por el agujero. Suj\u00e9tala con el soporte de madera.<\/li>\n\n\n\n<li>Vierte la cera fundida en el molde y aseg\u00farate de golpear suavemente para que la cera llene bien todos los detalles del molde.<\/li>\n\n\n\n<li>Deja enfriar la cera por completo.<\/li>\n\n\n\n<li><strong>Desmolda con cuidado<\/strong>. Un truco para facilitar este paso es meter el molde en el frigor\u00edfico durante una hora antes de desmoldar.<\/li>\n<\/ol>\n\n\n\n<p><strong>Repite el proceso<\/strong> para la segunda vela, a\u00f1adiendo unas gotas de colorante verde helecho a la cera fundida hasta conseguir el tono deseado.<\/p>\n\n\n\n<figure class=\"wp-block-gallery has-nested-images columns-default is-cropped wp-block-gallery-3 is-layout-flex wp-block-gallery-is-layout-flex\">\n<figure class=\"wp-block-image size-large\"><img title=\" \"loading=\"lazy\" decoding=\"async\" width=\"848\" height=\"477\" data-id=\"24405\" src=\"https:\/\/granvelada.com\/blog\/wp-content\/uploads\/2024\/10\/paso3-6-848x477.jpg\" alt=\" \" class=\"wp-image-24405\" srcset=\"https:\/\/granvelada.com\/blog\/wp-content\/uploads\/2024\/10\/paso3-6-848x477.jpg 848w, https:\/\/granvelada.com\/blog\/wp-content\/uploads\/2024\/10\/paso3-6-387x218.jpg 387w, https:\/\/granvelada.com\/blog\/wp-content\/uploads\/2024\/10\/paso3-6-129x73.jpg 129w, https:\/\/granvelada.com\/blog\/wp-content\/uploads\/2024\/10\/paso3-6-768x432.jpg 768w, https:\/\/granvelada.com\/blog\/wp-content\/uploads\/2024\/10\/paso3-6-300x169.jpg 300w, https:\/\/granvelada.com\/blog\/wp-content\/uploads\/2024\/10\/paso3-6-317x178.jpg 317w, https:\/\/granvelada.com\/blog\/wp-content\/uploads\/2024\/10\/paso3-6-424x239.jpg 424w, https:\/\/granvelada.com\/blog\/wp-content\/uploads\/2024\/10\/paso3-6-896x504.jpg 896w, https:\/\/granvelada.com\/blog\/wp-content\/uploads\/2024\/10\/paso3-6-581x327.jpg 581w, https:\/\/granvelada.com\/blog\/wp-content\/uploads\/2024\/10\/paso3-6-310x174.jpg 310w, https:\/\/granvelada.com\/blog\/wp-content\/uploads\/2024\/10\/paso3-6-232x131.jpg 232w, https:\/\/granvelada.com\/blog\/wp-content\/uploads\/2024\/10\/paso3-6-275x155.jpg 275w, https:\/\/granvelada.com\/blog\/wp-content\/uploads\/2024\/10\/paso3-6-1000x563.jpg 1000w, https:\/\/granvelada.com\/blog\/wp-content\/uploads\/2024\/10\/paso3-6-947x533.jpg 947w, https:\/\/granvelada.com\/blog\/wp-content\/uploads\/2024\/10\/paso3-6.jpg 1280w\" sizes=\"auto, (max-width: 848px) 100vw, 848px\" \/><\/figure>\n\n\n\n<figure class=\"wp-block-image size-large\"><img title=\" \"loading=\"lazy\" decoding=\"async\" width=\"848\" height=\"477\" data-id=\"24393\" src=\"https:\/\/granvelada.com\/blog\/wp-content\/uploads\/2024\/10\/paso5-5-848x477.jpg\" alt=\" \" class=\"wp-image-24393\" srcset=\"https:\/\/granvelada.com\/blog\/wp-content\/uploads\/2024\/10\/paso5-5-848x477.jpg 848w, https:\/\/granvelada.com\/blog\/wp-content\/uploads\/2024\/10\/paso5-5-387x218.jpg 387w, https:\/\/granvelada.com\/blog\/wp-content\/uploads\/2024\/10\/paso5-5-129x73.jpg 129w, https:\/\/granvelada.com\/blog\/wp-content\/uploads\/2024\/10\/paso5-5-768x432.jpg 768w, https:\/\/granvelada.com\/blog\/wp-content\/uploads\/2024\/10\/paso5-5-300x169.jpg 300w, https:\/\/granvelada.com\/blog\/wp-content\/uploads\/2024\/10\/paso5-5-317x178.jpg 317w, https:\/\/granvelada.com\/blog\/wp-content\/uploads\/2024\/10\/paso5-5-424x239.jpg 424w, https:\/\/granvelada.com\/blog\/wp-content\/uploads\/2024\/10\/paso5-5-896x504.jpg 896w, https:\/\/granvelada.com\/blog\/wp-content\/uploads\/2024\/10\/paso5-5-581x327.jpg 581w, https:\/\/granvelada.com\/blog\/wp-content\/uploads\/2024\/10\/paso5-5-310x174.jpg 310w, https:\/\/granvelada.com\/blog\/wp-content\/uploads\/2024\/10\/paso5-5-232x131.jpg 232w, https:\/\/granvelada.com\/blog\/wp-content\/uploads\/2024\/10\/paso5-5-275x155.jpg 275w, https:\/\/granvelada.com\/blog\/wp-content\/uploads\/2024\/10\/paso5-5-1000x563.jpg 1000w, https:\/\/granvelada.com\/blog\/wp-content\/uploads\/2024\/10\/paso5-5-947x533.jpg 947w, https:\/\/granvelada.com\/blog\/wp-content\/uploads\/2024\/10\/paso5-5.jpg 1280w\" sizes=\"auto, (max-width: 848px) 100vw, 848px\" \/><\/figure>\n\n\n\n<figure class=\"wp-block-image size-large\"><img title=\" \"loading=\"lazy\" decoding=\"async\" width=\"848\" height=\"477\" data-id=\"24411\" src=\"https:\/\/granvelada.com\/blog\/wp-content\/uploads\/2024\/10\/paso6-10-848x477.jpg\" alt=\" \" class=\"wp-image-24411\" srcset=\"https:\/\/granvelada.com\/blog\/wp-content\/uploads\/2024\/10\/paso6-10-848x477.jpg 848w, https:\/\/granvelada.com\/blog\/wp-content\/uploads\/2024\/10\/paso6-10-387x218.jpg 387w, https:\/\/granvelada.com\/blog\/wp-content\/uploads\/2024\/10\/paso6-10-129x73.jpg 129w, https:\/\/granvelada.com\/blog\/wp-content\/uploads\/2024\/10\/paso6-10-768x432.jpg 768w, https:\/\/granvelada.com\/blog\/wp-content\/uploads\/2024\/10\/paso6-10-300x169.jpg 300w, https:\/\/granvelada.com\/blog\/wp-content\/uploads\/2024\/10\/paso6-10-317x178.jpg 317w, https:\/\/granvelada.com\/blog\/wp-content\/uploads\/2024\/10\/paso6-10-424x239.jpg 424w, https:\/\/granvelada.com\/blog\/wp-content\/uploads\/2024\/10\/paso6-10-896x504.jpg 896w, https:\/\/granvelada.com\/blog\/wp-content\/uploads\/2024\/10\/paso6-10-581x327.jpg 581w, https:\/\/granvelada.com\/blog\/wp-content\/uploads\/2024\/10\/paso6-10-310x174.jpg 310w, https:\/\/granvelada.com\/blog\/wp-content\/uploads\/2024\/10\/paso6-10-232x131.jpg 232w, https:\/\/granvelada.com\/blog\/wp-content\/uploads\/2024\/10\/paso6-10-275x155.jpg 275w, https:\/\/granvelada.com\/blog\/wp-content\/uploads\/2024\/10\/paso6-10-1000x563.jpg 1000w, https:\/\/granvelada.com\/blog\/wp-content\/uploads\/2024\/10\/paso6-10-947x533.jpg 947w, https:\/\/granvelada.com\/blog\/wp-content\/uploads\/2024\/10\/paso6-10.jpg 1280w\" sizes=\"auto, (max-width: 848px) 100vw, 848px\" \/><\/figure>\n\n\n\n<figure class=\"wp-block-image size-large\"><img title=\" \"loading=\"lazy\" decoding=\"async\" width=\"848\" height=\"477\" data-id=\"24414\" src=\"https:\/\/granvelada.com\/blog\/wp-content\/uploads\/2024\/10\/pas07-848x477.jpg\" alt=\" \" class=\"wp-image-24414\" srcset=\"https:\/\/granvelada.com\/blog\/wp-content\/uploads\/2024\/10\/pas07-848x477.jpg 848w, https:\/\/granvelada.com\/blog\/wp-content\/uploads\/2024\/10\/pas07-387x218.jpg 387w, https:\/\/granvelada.com\/blog\/wp-content\/uploads\/2024\/10\/pas07-129x73.jpg 129w, https:\/\/granvelada.com\/blog\/wp-content\/uploads\/2024\/10\/pas07-768x432.jpg 768w, https:\/\/granvelada.com\/blog\/wp-content\/uploads\/2024\/10\/pas07-300x169.jpg 300w, https:\/\/granvelada.com\/blog\/wp-content\/uploads\/2024\/10\/pas07-317x178.jpg 317w, https:\/\/granvelada.com\/blog\/wp-content\/uploads\/2024\/10\/pas07-424x239.jpg 424w, https:\/\/granvelada.com\/blog\/wp-content\/uploads\/2024\/10\/pas07-896x504.jpg 896w, https:\/\/granvelada.com\/blog\/wp-content\/uploads\/2024\/10\/pas07-581x327.jpg 581w, https:\/\/granvelada.com\/blog\/wp-content\/uploads\/2024\/10\/pas07-310x174.jpg 310w, https:\/\/granvelada.com\/blog\/wp-content\/uploads\/2024\/10\/pas07-232x131.jpg 232w, https:\/\/granvelada.com\/blog\/wp-content\/uploads\/2024\/10\/pas07-275x155.jpg 275w, https:\/\/granvelada.com\/blog\/wp-content\/uploads\/2024\/10\/pas07-1000x563.jpg 1000w, https:\/\/granvelada.com\/blog\/wp-content\/uploads\/2024\/10\/pas07-947x533.jpg 947w, https:\/\/granvelada.com\/blog\/wp-content\/uploads\/2024\/10\/pas07.jpg 1280w\" sizes=\"auto, (max-width: 848px) 100vw, 848px\" \/><\/figure>\n\n\n\n<figure class=\"wp-block-image size-large\"><img title=\" \"loading=\"lazy\" decoding=\"async\" width=\"848\" height=\"477\" data-id=\"24407\" src=\"https:\/\/granvelada.com\/blog\/wp-content\/uploads\/2024\/10\/paso8-7-848x477.jpg\" alt=\" \" class=\"wp-image-24407\" srcset=\"https:\/\/granvelada.com\/blog\/wp-content\/uploads\/2024\/10\/paso8-7-848x477.jpg 848w, https:\/\/granvelada.com\/blog\/wp-content\/uploads\/2024\/10\/paso8-7-387x218.jpg 387w, https:\/\/granvelada.com\/blog\/wp-content\/uploads\/2024\/10\/paso8-7-129x73.jpg 129w, https:\/\/granvelada.com\/blog\/wp-content\/uploads\/2024\/10\/paso8-7-768x432.jpg 768w, https:\/\/granvelada.com\/blog\/wp-content\/uploads\/2024\/10\/paso8-7-300x169.jpg 300w, https:\/\/granvelada.com\/blog\/wp-content\/uploads\/2024\/10\/paso8-7-317x178.jpg 317w, https:\/\/granvelada.com\/blog\/wp-content\/uploads\/2024\/10\/paso8-7-424x239.jpg 424w, https:\/\/granvelada.com\/blog\/wp-content\/uploads\/2024\/10\/paso8-7-896x504.jpg 896w, https:\/\/granvelada.com\/blog\/wp-content\/uploads\/2024\/10\/paso8-7-581x327.jpg 581w, https:\/\/granvelada.com\/blog\/wp-content\/uploads\/2024\/10\/paso8-7-310x174.jpg 310w, https:\/\/granvelada.com\/blog\/wp-content\/uploads\/2024\/10\/paso8-7-232x131.jpg 232w, https:\/\/granvelada.com\/blog\/wp-content\/uploads\/2024\/10\/paso8-7-275x155.jpg 275w, https:\/\/granvelada.com\/blog\/wp-content\/uploads\/2024\/10\/paso8-7-1000x563.jpg 1000w, https:\/\/granvelada.com\/blog\/wp-content\/uploads\/2024\/10\/paso8-7-947x533.jpg 947w, https:\/\/granvelada.com\/blog\/wp-content\/uploads\/2024\/10\/paso8-7.jpg 1280w\" sizes=\"auto, (max-width: 848px) 100vw, 848px\" \/><\/figure>\n\n\n\n<figure class=\"wp-block-image size-large\"><img title=\" \"loading=\"lazy\" decoding=\"async\" width=\"848\" height=\"477\" data-id=\"24403\" src=\"https:\/\/granvelada.com\/blog\/wp-content\/uploads\/2024\/10\/paso9-7-848x477.jpg\" alt=\" \" class=\"wp-image-24403\" srcset=\"https:\/\/granvelada.com\/blog\/wp-content\/uploads\/2024\/10\/paso9-7-848x477.jpg 848w, https:\/\/granvelada.com\/blog\/wp-content\/uploads\/2024\/10\/paso9-7-387x218.jpg 387w, https:\/\/granvelada.com\/blog\/wp-content\/uploads\/2024\/10\/paso9-7-129x73.jpg 129w, https:\/\/granvelada.com\/blog\/wp-content\/uploads\/2024\/10\/paso9-7-768x432.jpg 768w, https:\/\/granvelada.com\/blog\/wp-content\/uploads\/2024\/10\/paso9-7-300x169.jpg 300w, https:\/\/granvelada.com\/blog\/wp-content\/uploads\/2024\/10\/paso9-7-317x178.jpg 317w, https:\/\/granvelada.com\/blog\/wp-content\/uploads\/2024\/10\/paso9-7-424x239.jpg 424w, https:\/\/granvelada.com\/blog\/wp-content\/uploads\/2024\/10\/paso9-7-896x504.jpg 896w, https:\/\/granvelada.com\/blog\/wp-content\/uploads\/2024\/10\/paso9-7-581x327.jpg 581w, https:\/\/granvelada.com\/blog\/wp-content\/uploads\/2024\/10\/paso9-7-310x174.jpg 310w, https:\/\/granvelada.com\/blog\/wp-content\/uploads\/2024\/10\/paso9-7-232x131.jpg 232w, https:\/\/granvelada.com\/blog\/wp-content\/uploads\/2024\/10\/paso9-7-275x155.jpg 275w, https:\/\/granvelada.com\/blog\/wp-content\/uploads\/2024\/10\/paso9-7-1000x563.jpg 1000w, https:\/\/granvelada.com\/blog\/wp-content\/uploads\/2024\/10\/paso9-7-947x533.jpg 947w, https:\/\/granvelada.com\/blog\/wp-content\/uploads\/2024\/10\/paso9-7.jpg 1280w\" sizes=\"auto, (max-width: 848px) 100vw, 848px\" \/><\/figure>\n\n\n\n<figure class=\"wp-block-image size-large\"><img title=\" \"loading=\"lazy\" decoding=\"async\" width=\"848\" height=\"477\" data-id=\"24395\" src=\"https:\/\/granvelada.com\/blog\/wp-content\/uploads\/2024\/10\/paso10-7-848x477.jpg\" alt=\" \" class=\"wp-image-24395\" srcset=\"https:\/\/granvelada.com\/blog\/wp-content\/uploads\/2024\/10\/paso10-7-848x477.jpg 848w, https:\/\/granvelada.com\/blog\/wp-content\/uploads\/2024\/10\/paso10-7-387x218.jpg 387w, https:\/\/granvelada.com\/blog\/wp-content\/uploads\/2024\/10\/paso10-7-129x73.jpg 129w, https:\/\/granvelada.com\/blog\/wp-content\/uploads\/2024\/10\/paso10-7-768x432.jpg 768w, https:\/\/granvelada.com\/blog\/wp-content\/uploads\/2024\/10\/paso10-7-300x169.jpg 300w, https:\/\/granvelada.com\/blog\/wp-content\/uploads\/2024\/10\/paso10-7-317x178.jpg 317w, https:\/\/granvelada.com\/blog\/wp-content\/uploads\/2024\/10\/paso10-7-424x239.jpg 424w, https:\/\/granvelada.com\/blog\/wp-content\/uploads\/2024\/10\/paso10-7-896x504.jpg 896w, https:\/\/granvelada.com\/blog\/wp-content\/uploads\/2024\/10\/paso10-7-581x327.jpg 581w, https:\/\/granvelada.com\/blog\/wp-content\/uploads\/2024\/10\/paso10-7-310x174.jpg 310w, https:\/\/granvelada.com\/blog\/wp-content\/uploads\/2024\/10\/paso10-7-232x131.jpg 232w, https:\/\/granvelada.com\/blog\/wp-content\/uploads\/2024\/10\/paso10-7-275x155.jpg 275w, https:\/\/granvelada.com\/blog\/wp-content\/uploads\/2024\/10\/paso10-7-1000x563.jpg 1000w, https:\/\/granvelada.com\/blog\/wp-content\/uploads\/2024\/10\/paso10-7-947x533.jpg 947w, https:\/\/granvelada.com\/blog\/wp-content\/uploads\/2024\/10\/paso10-7.jpg 1280w\" sizes=\"auto, (max-width: 848px) 100vw, 848px\" \/><\/figure>\n\n\n\n<figure class=\"wp-block-image size-large\"><img title=\" \"loading=\"lazy\" decoding=\"async\" width=\"848\" height=\"477\" data-id=\"24396\" src=\"https:\/\/granvelada.com\/blog\/wp-content\/uploads\/2024\/10\/paso11-8-848x477.jpg\" alt=\" \" class=\"wp-image-24396\" srcset=\"https:\/\/granvelada.com\/blog\/wp-content\/uploads\/2024\/10\/paso11-8-848x477.jpg 848w, https:\/\/granvelada.com\/blog\/wp-content\/uploads\/2024\/10\/paso11-8-387x218.jpg 387w, https:\/\/granvelada.com\/blog\/wp-content\/uploads\/2024\/10\/paso11-8-129x73.jpg 129w, https:\/\/granvelada.com\/blog\/wp-content\/uploads\/2024\/10\/paso11-8-768x432.jpg 768w, https:\/\/granvelada.com\/blog\/wp-content\/uploads\/2024\/10\/paso11-8-300x169.jpg 300w, https:\/\/granvelada.com\/blog\/wp-content\/uploads\/2024\/10\/paso11-8-317x178.jpg 317w, https:\/\/granvelada.com\/blog\/wp-content\/uploads\/2024\/10\/paso11-8-424x239.jpg 424w, https:\/\/granvelada.com\/blog\/wp-content\/uploads\/2024\/10\/paso11-8-896x504.jpg 896w, https:\/\/granvelada.com\/blog\/wp-content\/uploads\/2024\/10\/paso11-8-581x327.jpg 581w, https:\/\/granvelada.com\/blog\/wp-content\/uploads\/2024\/10\/paso11-8-310x174.jpg 310w, https:\/\/granvelada.com\/blog\/wp-content\/uploads\/2024\/10\/paso11-8-232x131.jpg 232w, https:\/\/granvelada.com\/blog\/wp-content\/uploads\/2024\/10\/paso11-8-275x155.jpg 275w, https:\/\/granvelada.com\/blog\/wp-content\/uploads\/2024\/10\/paso11-8-1000x563.jpg 1000w, https:\/\/granvelada.com\/blog\/wp-content\/uploads\/2024\/10\/paso11-8-947x533.jpg 947w, https:\/\/granvelada.com\/blog\/wp-content\/uploads\/2024\/10\/paso11-8.jpg 1280w\" sizes=\"auto, (max-width: 848px) 100vw, 848px\" \/><\/figure>\n\n\n\n<figure class=\"wp-block-image size-large\"><img title=\" \"loading=\"lazy\" decoding=\"async\" width=\"848\" height=\"477\" data-id=\"24412\" src=\"https:\/\/granvelada.com\/blog\/wp-content\/uploads\/2024\/10\/paso12-8-848x477.jpg\" alt=\" \" class=\"wp-image-24412\" srcset=\"https:\/\/granvelada.com\/blog\/wp-content\/uploads\/2024\/10\/paso12-8-848x477.jpg 848w, https:\/\/granvelada.com\/blog\/wp-content\/uploads\/2024\/10\/paso12-8-387x218.jpg 387w, https:\/\/granvelada.com\/blog\/wp-content\/uploads\/2024\/10\/paso12-8-129x73.jpg 129w, https:\/\/granvelada.com\/blog\/wp-content\/uploads\/2024\/10\/paso12-8-768x432.jpg 768w, https:\/\/granvelada.com\/blog\/wp-content\/uploads\/2024\/10\/paso12-8-300x169.jpg 300w, https:\/\/granvelada.com\/blog\/wp-content\/uploads\/2024\/10\/paso12-8-317x178.jpg 317w, https:\/\/granvelada.com\/blog\/wp-content\/uploads\/2024\/10\/paso12-8-424x239.jpg 424w, https:\/\/granvelada.com\/blog\/wp-content\/uploads\/2024\/10\/paso12-8-896x504.jpg 896w, https:\/\/granvelada.com\/blog\/wp-content\/uploads\/2024\/10\/paso12-8-581x327.jpg 581w, https:\/\/granvelada.com\/blog\/wp-content\/uploads\/2024\/10\/paso12-8-310x174.jpg 310w, https:\/\/granvelada.com\/blog\/wp-content\/uploads\/2024\/10\/paso12-8-232x131.jpg 232w, https:\/\/granvelada.com\/blog\/wp-content\/uploads\/2024\/10\/paso12-8-275x155.jpg 275w, https:\/\/granvelada.com\/blog\/wp-content\/uploads\/2024\/10\/paso12-8-1000x563.jpg 1000w, https:\/\/granvelada.com\/blog\/wp-content\/uploads\/2024\/10\/paso12-8-947x533.jpg 947w, https:\/\/granvelada.com\/blog\/wp-content\/uploads\/2024\/10\/paso12-8.jpg 1280w\" sizes=\"auto, (max-width: 848px) 100vw, 848px\" \/><\/figure>\n\n\n\n<figure class=\"wp-block-image size-large\"><img title=\" \"loading=\"lazy\" decoding=\"async\" width=\"848\" height=\"477\" data-id=\"24397\" src=\"https:\/\/granvelada.com\/blog\/wp-content\/uploads\/2024\/10\/paso13-7-848x477.jpg\" alt=\" \" class=\"wp-image-24397\" srcset=\"https:\/\/granvelada.com\/blog\/wp-content\/uploads\/2024\/10\/paso13-7-848x477.jpg 848w, https:\/\/granvelada.com\/blog\/wp-content\/uploads\/2024\/10\/paso13-7-387x218.jpg 387w, https:\/\/granvelada.com\/blog\/wp-content\/uploads\/2024\/10\/paso13-7-129x73.jpg 129w, https:\/\/granvelada.com\/blog\/wp-content\/uploads\/2024\/10\/paso13-7-768x432.jpg 768w, https:\/\/granvelada.com\/blog\/wp-content\/uploads\/2024\/10\/paso13-7-300x169.jpg 300w, https:\/\/granvelada.com\/blog\/wp-content\/uploads\/2024\/10\/paso13-7-317x178.jpg 317w, https:\/\/granvelada.com\/blog\/wp-content\/uploads\/2024\/10\/paso13-7-424x239.jpg 424w, https:\/\/granvelada.com\/blog\/wp-content\/uploads\/2024\/10\/paso13-7-896x504.jpg 896w, https:\/\/granvelada.com\/blog\/wp-content\/uploads\/2024\/10\/paso13-7-581x327.jpg 581w, https:\/\/granvelada.com\/blog\/wp-content\/uploads\/2024\/10\/paso13-7-310x174.jpg 310w, https:\/\/granvelada.com\/blog\/wp-content\/uploads\/2024\/10\/paso13-7-232x131.jpg 232w, https:\/\/granvelada.com\/blog\/wp-content\/uploads\/2024\/10\/paso13-7-275x155.jpg 275w, https:\/\/granvelada.com\/blog\/wp-content\/uploads\/2024\/10\/paso13-7-1000x563.jpg 1000w, https:\/\/granvelada.com\/blog\/wp-content\/uploads\/2024\/10\/paso13-7-947x533.jpg 947w, https:\/\/granvelada.com\/blog\/wp-content\/uploads\/2024\/10\/paso13-7.jpg 1280w\" sizes=\"auto, (max-width: 848px) 100vw, 848px\" \/><\/figure>\n\n\n\n<figure class=\"wp-block-image size-large\"><img title=\" \"loading=\"lazy\" decoding=\"async\" width=\"848\" height=\"477\" data-id=\"24394\" src=\"https:\/\/granvelada.com\/blog\/wp-content\/uploads\/2024\/10\/paso14-8-848x477.jpg\" alt=\" \" class=\"wp-image-24394\" srcset=\"https:\/\/granvelada.com\/blog\/wp-content\/uploads\/2024\/10\/paso14-8-848x477.jpg 848w, https:\/\/granvelada.com\/blog\/wp-content\/uploads\/2024\/10\/paso14-8-387x218.jpg 387w, https:\/\/granvelada.com\/blog\/wp-content\/uploads\/2024\/10\/paso14-8-129x73.jpg 129w, https:\/\/granvelada.com\/blog\/wp-content\/uploads\/2024\/10\/paso14-8-768x432.jpg 768w, https:\/\/granvelada.com\/blog\/wp-content\/uploads\/2024\/10\/paso14-8-300x169.jpg 300w, https:\/\/granvelada.com\/blog\/wp-content\/uploads\/2024\/10\/paso14-8-317x178.jpg 317w, https:\/\/granvelada.com\/blog\/wp-content\/uploads\/2024\/10\/paso14-8-424x239.jpg 424w, https:\/\/granvelada.com\/blog\/wp-content\/uploads\/2024\/10\/paso14-8-896x504.jpg 896w, https:\/\/granvelada.com\/blog\/wp-content\/uploads\/2024\/10\/paso14-8-581x327.jpg 581w, https:\/\/granvelada.com\/blog\/wp-content\/uploads\/2024\/10\/paso14-8-310x174.jpg 310w, https:\/\/granvelada.com\/blog\/wp-content\/uploads\/2024\/10\/paso14-8-232x131.jpg 232w, https:\/\/granvelada.com\/blog\/wp-content\/uploads\/2024\/10\/paso14-8-275x155.jpg 275w, https:\/\/granvelada.com\/blog\/wp-content\/uploads\/2024\/10\/paso14-8-1000x563.jpg 1000w, https:\/\/granvelada.com\/blog\/wp-content\/uploads\/2024\/10\/paso14-8-947x533.jpg 947w, https:\/\/granvelada.com\/blog\/wp-content\/uploads\/2024\/10\/paso14-8.jpg 1280w\" sizes=\"auto, (max-width: 848px) 100vw, 848px\" \/><\/figure>\n\n\n\n<figure class=\"wp-block-image size-large\"><img title=\" \"loading=\"lazy\" decoding=\"async\" width=\"848\" height=\"477\" data-id=\"24398\" src=\"https:\/\/granvelada.com\/blog\/wp-content\/uploads\/2024\/10\/paso15-5-848x477.jpg\" alt=\" \" class=\"wp-image-24398\" srcset=\"https:\/\/granvelada.com\/blog\/wp-content\/uploads\/2024\/10\/paso15-5-848x477.jpg 848w, https:\/\/granvelada.com\/blog\/wp-content\/uploads\/2024\/10\/paso15-5-387x218.jpg 387w, https:\/\/granvelada.com\/blog\/wp-content\/uploads\/2024\/10\/paso15-5-129x73.jpg 129w, https:\/\/granvelada.com\/blog\/wp-content\/uploads\/2024\/10\/paso15-5-768x432.jpg 768w, https:\/\/granvelada.com\/blog\/wp-content\/uploads\/2024\/10\/paso15-5-300x169.jpg 300w, https:\/\/granvelada.com\/blog\/wp-content\/uploads\/2024\/10\/paso15-5-317x178.jpg 317w, https:\/\/granvelada.com\/blog\/wp-content\/uploads\/2024\/10\/paso15-5-424x239.jpg 424w, https:\/\/granvelada.com\/blog\/wp-content\/uploads\/2024\/10\/paso15-5-896x504.jpg 896w, https:\/\/granvelada.com\/blog\/wp-content\/uploads\/2024\/10\/paso15-5-581x327.jpg 581w, https:\/\/granvelada.com\/blog\/wp-content\/uploads\/2024\/10\/paso15-5-310x174.jpg 310w, https:\/\/granvelada.com\/blog\/wp-content\/uploads\/2024\/10\/paso15-5-232x131.jpg 232w, https:\/\/granvelada.com\/blog\/wp-content\/uploads\/2024\/10\/paso15-5-275x155.jpg 275w, https:\/\/granvelada.com\/blog\/wp-content\/uploads\/2024\/10\/paso15-5-1000x563.jpg 1000w, https:\/\/granvelada.com\/blog\/wp-content\/uploads\/2024\/10\/paso15-5-947x533.jpg 947w, https:\/\/granvelada.com\/blog\/wp-content\/uploads\/2024\/10\/paso15-5.jpg 1280w\" sizes=\"auto, (max-width: 848px) 100vw, 848px\" \/><\/figure>\n\n\n\n<figure class=\"wp-block-image size-large\"><img title=\" \"loading=\"lazy\" decoding=\"async\" width=\"848\" height=\"477\" data-id=\"24399\" src=\"https:\/\/granvelada.com\/blog\/wp-content\/uploads\/2024\/10\/paso16-7-848x477.jpg\" alt=\" \" class=\"wp-image-24399\" srcset=\"https:\/\/granvelada.com\/blog\/wp-content\/uploads\/2024\/10\/paso16-7-848x477.jpg 848w, https:\/\/granvelada.com\/blog\/wp-content\/uploads\/2024\/10\/paso16-7-387x218.jpg 387w, https:\/\/granvelada.com\/blog\/wp-content\/uploads\/2024\/10\/paso16-7-129x73.jpg 129w, https:\/\/granvelada.com\/blog\/wp-content\/uploads\/2024\/10\/paso16-7-768x432.jpg 768w, https:\/\/granvelada.com\/blog\/wp-content\/uploads\/2024\/10\/paso16-7-300x169.jpg 300w, https:\/\/granvelada.com\/blog\/wp-content\/uploads\/2024\/10\/paso16-7-317x178.jpg 317w, https:\/\/granvelada.com\/blog\/wp-content\/uploads\/2024\/10\/paso16-7-424x239.jpg 424w, https:\/\/granvelada.com\/blog\/wp-content\/uploads\/2024\/10\/paso16-7-896x504.jpg 896w, https:\/\/granvelada.com\/blog\/wp-content\/uploads\/2024\/10\/paso16-7-581x327.jpg 581w, https:\/\/granvelada.com\/blog\/wp-content\/uploads\/2024\/10\/paso16-7-310x174.jpg 310w, https:\/\/granvelada.com\/blog\/wp-content\/uploads\/2024\/10\/paso16-7-232x131.jpg 232w, https:\/\/granvelada.com\/blog\/wp-content\/uploads\/2024\/10\/paso16-7-275x155.jpg 275w, https:\/\/granvelada.com\/blog\/wp-content\/uploads\/2024\/10\/paso16-7-1000x563.jpg 1000w, https:\/\/granvelada.com\/blog\/wp-content\/uploads\/2024\/10\/paso16-7-947x533.jpg 947w, https:\/\/granvelada.com\/blog\/wp-content\/uploads\/2024\/10\/paso16-7.jpg 1280w\" sizes=\"auto, (max-width: 848px) 100vw, 848px\" \/><\/figure>\n\n\n\n<figure class=\"wp-block-image size-large\"><img title=\" \"loading=\"lazy\" decoding=\"async\" width=\"848\" height=\"477\" data-id=\"24404\" src=\"https:\/\/granvelada.com\/blog\/wp-content\/uploads\/2024\/10\/paso17-4-848x477.jpg\" alt=\" \" class=\"wp-image-24404\" srcset=\"https:\/\/granvelada.com\/blog\/wp-content\/uploads\/2024\/10\/paso17-4-848x477.jpg 848w, https:\/\/granvelada.com\/blog\/wp-content\/uploads\/2024\/10\/paso17-4-387x218.jpg 387w, https:\/\/granvelada.com\/blog\/wp-content\/uploads\/2024\/10\/paso17-4-129x73.jpg 129w, https:\/\/granvelada.com\/blog\/wp-content\/uploads\/2024\/10\/paso17-4-768x432.jpg 768w, https:\/\/granvelada.com\/blog\/wp-content\/uploads\/2024\/10\/paso17-4-300x169.jpg 300w, https:\/\/granvelada.com\/blog\/wp-content\/uploads\/2024\/10\/paso17-4-317x178.jpg 317w, https:\/\/granvelada.com\/blog\/wp-content\/uploads\/2024\/10\/paso17-4-424x239.jpg 424w, https:\/\/granvelada.com\/blog\/wp-content\/uploads\/2024\/10\/paso17-4-896x504.jpg 896w, https:\/\/granvelada.com\/blog\/wp-content\/uploads\/2024\/10\/paso17-4-581x327.jpg 581w, https:\/\/granvelada.com\/blog\/wp-content\/uploads\/2024\/10\/paso17-4-310x174.jpg 310w, https:\/\/granvelada.com\/blog\/wp-content\/uploads\/2024\/10\/paso17-4-232x131.jpg 232w, https:\/\/granvelada.com\/blog\/wp-content\/uploads\/2024\/10\/paso17-4-275x155.jpg 275w, https:\/\/granvelada.com\/blog\/wp-content\/uploads\/2024\/10\/paso17-4-1000x563.jpg 1000w, https:\/\/granvelada.com\/blog\/wp-content\/uploads\/2024\/10\/paso17-4-947x533.jpg 947w, https:\/\/granvelada.com\/blog\/wp-content\/uploads\/2024\/10\/paso17-4.jpg 1280w\" sizes=\"auto, (max-width: 848px) 100vw, 848px\" \/><\/figure>\n\n\n\n<figure class=\"wp-block-image size-large\"><img title=\" \"loading=\"lazy\" decoding=\"async\" width=\"848\" height=\"477\" data-id=\"24416\" src=\"https:\/\/granvelada.com\/blog\/wp-content\/uploads\/2024\/10\/paso18-6-848x477.jpg\" alt=\" \" class=\"wp-image-24416\" srcset=\"https:\/\/granvelada.com\/blog\/wp-content\/uploads\/2024\/10\/paso18-6-848x477.jpg 848w, https:\/\/granvelada.com\/blog\/wp-content\/uploads\/2024\/10\/paso18-6-387x218.jpg 387w, https:\/\/granvelada.com\/blog\/wp-content\/uploads\/2024\/10\/paso18-6-129x73.jpg 129w, https:\/\/granvelada.com\/blog\/wp-content\/uploads\/2024\/10\/paso18-6-768x432.jpg 768w, https:\/\/granvelada.com\/blog\/wp-content\/uploads\/2024\/10\/paso18-6-300x169.jpg 300w, https:\/\/granvelada.com\/blog\/wp-content\/uploads\/2024\/10\/paso18-6-317x178.jpg 317w, https:\/\/granvelada.com\/blog\/wp-content\/uploads\/2024\/10\/paso18-6-424x239.jpg 424w, https:\/\/granvelada.com\/blog\/wp-content\/uploads\/2024\/10\/paso18-6-896x504.jpg 896w, https:\/\/granvelada.com\/blog\/wp-content\/uploads\/2024\/10\/paso18-6-581x327.jpg 581w, https:\/\/granvelada.com\/blog\/wp-content\/uploads\/2024\/10\/paso18-6-310x174.jpg 310w, https:\/\/granvelada.com\/blog\/wp-content\/uploads\/2024\/10\/paso18-6-232x131.jpg 232w, https:\/\/granvelada.com\/blog\/wp-content\/uploads\/2024\/10\/paso18-6-275x155.jpg 275w, https:\/\/granvelada.com\/blog\/wp-content\/uploads\/2024\/10\/paso18-6-1000x563.jpg 1000w, https:\/\/granvelada.com\/blog\/wp-content\/uploads\/2024\/10\/paso18-6-947x533.jpg 947w, https:\/\/granvelada.com\/blog\/wp-content\/uploads\/2024\/10\/paso18-6.jpg 1280w\" sizes=\"auto, (max-width: 848px) 100vw, 848px\" \/><\/figure>\n\n\n\n<figure class=\"wp-block-image size-large\"><img title=\" \"loading=\"lazy\" decoding=\"async\" width=\"848\" height=\"477\" data-id=\"24409\" src=\"https:\/\/granvelada.com\/blog\/wp-content\/uploads\/2024\/10\/paso19-4-848x477.jpg\" alt=\" \" class=\"wp-image-24409\" srcset=\"https:\/\/granvelada.com\/blog\/wp-content\/uploads\/2024\/10\/paso19-4-848x477.jpg 848w, https:\/\/granvelada.com\/blog\/wp-content\/uploads\/2024\/10\/paso19-4-387x218.jpg 387w, https:\/\/granvelada.com\/blog\/wp-content\/uploads\/2024\/10\/paso19-4-129x73.jpg 129w, https:\/\/granvelada.com\/blog\/wp-content\/uploads\/2024\/10\/paso19-4-768x432.jpg 768w, https:\/\/granvelada.com\/blog\/wp-content\/uploads\/2024\/10\/paso19-4-300x169.jpg 300w, https:\/\/granvelada.com\/blog\/wp-content\/uploads\/2024\/10\/paso19-4-317x178.jpg 317w, https:\/\/granvelada.com\/blog\/wp-content\/uploads\/2024\/10\/paso19-4-424x239.jpg 424w, https:\/\/granvelada.com\/blog\/wp-content\/uploads\/2024\/10\/paso19-4-896x504.jpg 896w, https:\/\/granvelada.com\/blog\/wp-content\/uploads\/2024\/10\/paso19-4-581x327.jpg 581w, https:\/\/granvelada.com\/blog\/wp-content\/uploads\/2024\/10\/paso19-4-310x174.jpg 310w, https:\/\/granvelada.com\/blog\/wp-content\/uploads\/2024\/10\/paso19-4-232x131.jpg 232w, https:\/\/granvelada.com\/blog\/wp-content\/uploads\/2024\/10\/paso19-4-275x155.jpg 275w, https:\/\/granvelada.com\/blog\/wp-content\/uploads\/2024\/10\/paso19-4-1000x563.jpg 1000w, https:\/\/granvelada.com\/blog\/wp-content\/uploads\/2024\/10\/paso19-4-947x533.jpg 947w, https:\/\/granvelada.com\/blog\/wp-content\/uploads\/2024\/10\/paso19-4.jpg 1280w\" sizes=\"auto, (max-width: 848px) 100vw, 848px\" \/><\/figure>\n\n\n\n<figure class=\"wp-block-image size-large\"><img title=\" \"loading=\"lazy\" decoding=\"async\" width=\"848\" height=\"477\" data-id=\"24413\" src=\"https:\/\/granvelada.com\/blog\/wp-content\/uploads\/2024\/10\/paso20-6-848x477.jpg\" alt=\" \" class=\"wp-image-24413\" srcset=\"https:\/\/granvelada.com\/blog\/wp-content\/uploads\/2024\/10\/paso20-6-848x477.jpg 848w, https:\/\/granvelada.com\/blog\/wp-content\/uploads\/2024\/10\/paso20-6-387x218.jpg 387w, https:\/\/granvelada.com\/blog\/wp-content\/uploads\/2024\/10\/paso20-6-129x73.jpg 129w, https:\/\/granvelada.com\/blog\/wp-content\/uploads\/2024\/10\/paso20-6-768x432.jpg 768w, https:\/\/granvelada.com\/blog\/wp-content\/uploads\/2024\/10\/paso20-6-300x169.jpg 300w, https:\/\/granvelada.com\/blog\/wp-content\/uploads\/2024\/10\/paso20-6-317x178.jpg 317w, https:\/\/granvelada.com\/blog\/wp-content\/uploads\/2024\/10\/paso20-6-424x239.jpg 424w, https:\/\/granvelada.com\/blog\/wp-content\/uploads\/2024\/10\/paso20-6-896x504.jpg 896w, https:\/\/granvelada.com\/blog\/wp-content\/uploads\/2024\/10\/paso20-6-581x327.jpg 581w, https:\/\/granvelada.com\/blog\/wp-content\/uploads\/2024\/10\/paso20-6-310x174.jpg 310w, https:\/\/granvelada.com\/blog\/wp-content\/uploads\/2024\/10\/paso20-6-232x131.jpg 232w, https:\/\/granvelada.com\/blog\/wp-content\/uploads\/2024\/10\/paso20-6-275x155.jpg 275w, https:\/\/granvelada.com\/blog\/wp-content\/uploads\/2024\/10\/paso20-6-1000x563.jpg 1000w, https:\/\/granvelada.com\/blog\/wp-content\/uploads\/2024\/10\/paso20-6-947x533.jpg 947w, https:\/\/granvelada.com\/blog\/wp-content\/uploads\/2024\/10\/paso20-6.jpg 1280w\" sizes=\"auto, (max-width: 848px) 100vw, 848px\" \/><\/figure>\n\n\n\n<figure class=\"wp-block-image size-large\"><img title=\" \"loading=\"lazy\" decoding=\"async\" width=\"848\" height=\"477\" data-id=\"24408\" src=\"https:\/\/granvelada.com\/blog\/wp-content\/uploads\/2024\/10\/paso21-4-848x477.jpg\" alt=\" \" class=\"wp-image-24408\" srcset=\"https:\/\/granvelada.com\/blog\/wp-content\/uploads\/2024\/10\/paso21-4-848x477.jpg 848w, https:\/\/granvelada.com\/blog\/wp-content\/uploads\/2024\/10\/paso21-4-387x218.jpg 387w, https:\/\/granvelada.com\/blog\/wp-content\/uploads\/2024\/10\/paso21-4-129x73.jpg 129w, https:\/\/granvelada.com\/blog\/wp-content\/uploads\/2024\/10\/paso21-4-768x432.jpg 768w, https:\/\/granvelada.com\/blog\/wp-content\/uploads\/2024\/10\/paso21-4-300x169.jpg 300w, https:\/\/granvelada.com\/blog\/wp-content\/uploads\/2024\/10\/paso21-4-317x178.jpg 317w, https:\/\/granvelada.com\/blog\/wp-content\/uploads\/2024\/10\/paso21-4-424x239.jpg 424w, https:\/\/granvelada.com\/blog\/wp-content\/uploads\/2024\/10\/paso21-4-896x504.jpg 896w, https:\/\/granvelada.com\/blog\/wp-content\/uploads\/2024\/10\/paso21-4-581x327.jpg 581w, https:\/\/granvelada.com\/blog\/wp-content\/uploads\/2024\/10\/paso21-4-310x174.jpg 310w, https:\/\/granvelada.com\/blog\/wp-content\/uploads\/2024\/10\/paso21-4-232x131.jpg 232w, https:\/\/granvelada.com\/blog\/wp-content\/uploads\/2024\/10\/paso21-4-275x155.jpg 275w, https:\/\/granvelada.com\/blog\/wp-content\/uploads\/2024\/10\/paso21-4-1000x563.jpg 1000w, https:\/\/granvelada.com\/blog\/wp-content\/uploads\/2024\/10\/paso21-4-947x533.jpg 947w, https:\/\/granvelada.com\/blog\/wp-content\/uploads\/2024\/10\/paso21-4.jpg 1280w\" sizes=\"auto, (max-width: 848px) 100vw, 848px\" \/><\/figure>\n\n\n\n<figure class=\"wp-block-image size-large\"><img title=\" \"loading=\"lazy\" decoding=\"async\" width=\"848\" height=\"477\" data-id=\"24417\" src=\"https:\/\/granvelada.com\/blog\/wp-content\/uploads\/2024\/10\/paso22-8-848x477.jpg\" alt=\" \" class=\"wp-image-24417\" srcset=\"https:\/\/granvelada.com\/blog\/wp-content\/uploads\/2024\/10\/paso22-8-848x477.jpg 848w, https:\/\/granvelada.com\/blog\/wp-content\/uploads\/2024\/10\/paso22-8-387x218.jpg 387w, https:\/\/granvelada.com\/blog\/wp-content\/uploads\/2024\/10\/paso22-8-129x73.jpg 129w, https:\/\/granvelada.com\/blog\/wp-content\/uploads\/2024\/10\/paso22-8-768x432.jpg 768w, https:\/\/granvelada.com\/blog\/wp-content\/uploads\/2024\/10\/paso22-8-300x169.jpg 300w, https:\/\/granvelada.com\/blog\/wp-content\/uploads\/2024\/10\/paso22-8-317x178.jpg 317w, https:\/\/granvelada.com\/blog\/wp-content\/uploads\/2024\/10\/paso22-8-424x239.jpg 424w, https:\/\/granvelada.com\/blog\/wp-content\/uploads\/2024\/10\/paso22-8-896x504.jpg 896w, https:\/\/granvelada.com\/blog\/wp-content\/uploads\/2024\/10\/paso22-8-581x327.jpg 581w, https:\/\/granvelada.com\/blog\/wp-content\/uploads\/2024\/10\/paso22-8-310x174.jpg 310w, https:\/\/granvelada.com\/blog\/wp-content\/uploads\/2024\/10\/paso22-8-232x131.jpg 232w, https:\/\/granvelada.com\/blog\/wp-content\/uploads\/2024\/10\/paso22-8-275x155.jpg 275w, https:\/\/granvelada.com\/blog\/wp-content\/uploads\/2024\/10\/paso22-8-1000x563.jpg 1000w, https:\/\/granvelada.com\/blog\/wp-content\/uploads\/2024\/10\/paso22-8-947x533.jpg 947w, https:\/\/granvelada.com\/blog\/wp-content\/uploads\/2024\/10\/paso22-8.jpg 1280w\" sizes=\"auto, (max-width: 848px) 100vw, 848px\" \/><\/figure>\n\n\n\n<figure class=\"wp-block-image size-large\"><img title=\" \"loading=\"lazy\" decoding=\"async\" width=\"848\" height=\"477\" data-id=\"24406\" src=\"https:\/\/granvelada.com\/blog\/wp-content\/uploads\/2024\/10\/paso23-5-848x477.jpg\" alt=\" \" class=\"wp-image-24406\" srcset=\"https:\/\/granvelada.com\/blog\/wp-content\/uploads\/2024\/10\/paso23-5-848x477.jpg 848w, https:\/\/granvelada.com\/blog\/wp-content\/uploads\/2024\/10\/paso23-5-387x218.jpg 387w, https:\/\/granvelada.com\/blog\/wp-content\/uploads\/2024\/10\/paso23-5-129x73.jpg 129w, https:\/\/granvelada.com\/blog\/wp-content\/uploads\/2024\/10\/paso23-5-768x432.jpg 768w, https:\/\/granvelada.com\/blog\/wp-content\/uploads\/2024\/10\/paso23-5-300x169.jpg 300w, https:\/\/granvelada.com\/blog\/wp-content\/uploads\/2024\/10\/paso23-5-317x178.jpg 317w, https:\/\/granvelada.com\/blog\/wp-content\/uploads\/2024\/10\/paso23-5-424x239.jpg 424w, https:\/\/granvelada.com\/blog\/wp-content\/uploads\/2024\/10\/paso23-5-896x504.jpg 896w, https:\/\/granvelada.com\/blog\/wp-content\/uploads\/2024\/10\/paso23-5-581x327.jpg 581w, https:\/\/granvelada.com\/blog\/wp-content\/uploads\/2024\/10\/paso23-5-310x174.jpg 310w, https:\/\/granvelada.com\/blog\/wp-content\/uploads\/2024\/10\/paso23-5-232x131.jpg 232w, https:\/\/granvelada.com\/blog\/wp-content\/uploads\/2024\/10\/paso23-5-275x155.jpg 275w, https:\/\/granvelada.com\/blog\/wp-content\/uploads\/2024\/10\/paso23-5-1000x563.jpg 1000w, https:\/\/granvelada.com\/blog\/wp-content\/uploads\/2024\/10\/paso23-5-947x533.jpg 947w, https:\/\/granvelada.com\/blog\/wp-content\/uploads\/2024\/10\/paso23-5.jpg 1280w\" sizes=\"auto, (max-width: 848px) 100vw, 848px\" \/><\/figure>\n\n\n\n<figure class=\"wp-block-image size-large\"><img title=\" \"loading=\"lazy\" decoding=\"async\" width=\"848\" height=\"477\" data-id=\"24401\" src=\"https:\/\/granvelada.com\/blog\/wp-content\/uploads\/2024\/10\/paso24-5-848x477.jpg\" alt=\" \" class=\"wp-image-24401\" srcset=\"https:\/\/granvelada.com\/blog\/wp-content\/uploads\/2024\/10\/paso24-5-848x477.jpg 848w, https:\/\/granvelada.com\/blog\/wp-content\/uploads\/2024\/10\/paso24-5-387x218.jpg 387w, https:\/\/granvelada.com\/blog\/wp-content\/uploads\/2024\/10\/paso24-5-129x73.jpg 129w, https:\/\/granvelada.com\/blog\/wp-content\/uploads\/2024\/10\/paso24-5-768x432.jpg 768w, https:\/\/granvelada.com\/blog\/wp-content\/uploads\/2024\/10\/paso24-5-300x169.jpg 300w, https:\/\/granvelada.com\/blog\/wp-content\/uploads\/2024\/10\/paso24-5-317x178.jpg 317w, https:\/\/granvelada.com\/blog\/wp-content\/uploads\/2024\/10\/paso24-5-424x239.jpg 424w, https:\/\/granvelada.com\/blog\/wp-content\/uploads\/2024\/10\/paso24-5-896x504.jpg 896w, https:\/\/granvelada.com\/blog\/wp-content\/uploads\/2024\/10\/paso24-5-581x327.jpg 581w, https:\/\/granvelada.com\/blog\/wp-content\/uploads\/2024\/10\/paso24-5-310x174.jpg 310w, https:\/\/granvelada.com\/blog\/wp-content\/uploads\/2024\/10\/paso24-5-232x131.jpg 232w, https:\/\/granvelada.com\/blog\/wp-content\/uploads\/2024\/10\/paso24-5-275x155.jpg 275w, https:\/\/granvelada.com\/blog\/wp-content\/uploads\/2024\/10\/paso24-5-1000x563.jpg 1000w, https:\/\/granvelada.com\/blog\/wp-content\/uploads\/2024\/10\/paso24-5-947x533.jpg 947w, https:\/\/granvelada.com\/blog\/wp-content\/uploads\/2024\/10\/paso24-5.jpg 1280w\" sizes=\"auto, (max-width: 848px) 100vw, 848px\" \/><\/figure>\n\n\n\n<figure class=\"wp-block-image size-large\"><img title=\" \"loading=\"lazy\" decoding=\"async\" width=\"848\" height=\"477\" data-id=\"24402\" src=\"https:\/\/granvelada.com\/blog\/wp-content\/uploads\/2024\/10\/paso25-9-848x477.jpg\" alt=\" \" class=\"wp-image-24402\" srcset=\"https:\/\/granvelada.com\/blog\/wp-content\/uploads\/2024\/10\/paso25-9-848x477.jpg 848w, https:\/\/granvelada.com\/blog\/wp-content\/uploads\/2024\/10\/paso25-9-387x218.jpg 387w, https:\/\/granvelada.com\/blog\/wp-content\/uploads\/2024\/10\/paso25-9-129x73.jpg 129w, https:\/\/granvelada.com\/blog\/wp-content\/uploads\/2024\/10\/paso25-9-768x432.jpg 768w, https:\/\/granvelada.com\/blog\/wp-content\/uploads\/2024\/10\/paso25-9-300x169.jpg 300w, https:\/\/granvelada.com\/blog\/wp-content\/uploads\/2024\/10\/paso25-9-317x178.jpg 317w, https:\/\/granvelada.com\/blog\/wp-content\/uploads\/2024\/10\/paso25-9-424x239.jpg 424w, https:\/\/granvelada.com\/blog\/wp-content\/uploads\/2024\/10\/paso25-9-896x504.jpg 896w, https:\/\/granvelada.com\/blog\/wp-content\/uploads\/2024\/10\/paso25-9-581x327.jpg 581w, https:\/\/granvelada.com\/blog\/wp-content\/uploads\/2024\/10\/paso25-9-310x174.jpg 310w, https:\/\/granvelada.com\/blog\/wp-content\/uploads\/2024\/10\/paso25-9-232x131.jpg 232w, https:\/\/granvelada.com\/blog\/wp-content\/uploads\/2024\/10\/paso25-9-275x155.jpg 275w, https:\/\/granvelada.com\/blog\/wp-content\/uploads\/2024\/10\/paso25-9-1000x563.jpg 1000w, https:\/\/granvelada.com\/blog\/wp-content\/uploads\/2024\/10\/paso25-9-947x533.jpg 947w, https:\/\/granvelada.com\/blog\/wp-content\/uploads\/2024\/10\/paso25-9.jpg 1280w\" sizes=\"auto, (max-width: 848px) 100vw, 848px\" \/><\/figure>\n\n\n\n<figure class=\"wp-block-image size-large\"><img title=\" \"loading=\"lazy\" decoding=\"async\" width=\"848\" height=\"477\" data-id=\"24400\" src=\"https:\/\/granvelada.com\/blog\/wp-content\/uploads\/2024\/10\/paso26-5-848x477.jpg\" alt=\" \" class=\"wp-image-24400\" srcset=\"https:\/\/granvelada.com\/blog\/wp-content\/uploads\/2024\/10\/paso26-5-848x477.jpg 848w, https:\/\/granvelada.com\/blog\/wp-content\/uploads\/2024\/10\/paso26-5-387x218.jpg 387w, https:\/\/granvelada.com\/blog\/wp-content\/uploads\/2024\/10\/paso26-5-129x73.jpg 129w, https:\/\/granvelada.com\/blog\/wp-content\/uploads\/2024\/10\/paso26-5-768x432.jpg 768w, https:\/\/granvelada.com\/blog\/wp-content\/uploads\/2024\/10\/paso26-5-300x169.jpg 300w, https:\/\/granvelada.com\/blog\/wp-content\/uploads\/2024\/10\/paso26-5-317x178.jpg 317w, https:\/\/granvelada.com\/blog\/wp-content\/uploads\/2024\/10\/paso26-5-424x239.jpg 424w, https:\/\/granvelada.com\/blog\/wp-content\/uploads\/2024\/10\/paso26-5-896x504.jpg 896w, https:\/\/granvelada.com\/blog\/wp-content\/uploads\/2024\/10\/paso26-5-581x327.jpg 581w, https:\/\/granvelada.com\/blog\/wp-content\/uploads\/2024\/10\/paso26-5-310x174.jpg 310w, https:\/\/granvelada.com\/blog\/wp-content\/uploads\/2024\/10\/paso26-5-232x131.jpg 232w, https:\/\/granvelada.com\/blog\/wp-content\/uploads\/2024\/10\/paso26-5-275x155.jpg 275w, https:\/\/granvelada.com\/blog\/wp-content\/uploads\/2024\/10\/paso26-5-1000x563.jpg 1000w, https:\/\/granvelada.com\/blog\/wp-content\/uploads\/2024\/10\/paso26-5-947x533.jpg 947w, https:\/\/granvelada.com\/blog\/wp-content\/uploads\/2024\/10\/paso26-5.jpg 1280w\" sizes=\"auto, (max-width: 848px) 100vw, 848px\" \/><\/figure>\n\n\n\n<figure class=\"wp-block-image size-large\"><img title=\" \"loading=\"lazy\" decoding=\"async\" width=\"848\" height=\"477\" data-id=\"24410\" src=\"https:\/\/granvelada.com\/blog\/wp-content\/uploads\/2024\/10\/paso27-7-848x477.jpg\" alt=\" \" class=\"wp-image-24410\" srcset=\"https:\/\/granvelada.com\/blog\/wp-content\/uploads\/2024\/10\/paso27-7-848x477.jpg 848w, https:\/\/granvelada.com\/blog\/wp-content\/uploads\/2024\/10\/paso27-7-387x218.jpg 387w, https:\/\/granvelada.com\/blog\/wp-content\/uploads\/2024\/10\/paso27-7-129x73.jpg 129w, https:\/\/granvelada.com\/blog\/wp-content\/uploads\/2024\/10\/paso27-7-768x432.jpg 768w, https:\/\/granvelada.com\/blog\/wp-content\/uploads\/2024\/10\/paso27-7-300x169.jpg 300w, https:\/\/granvelada.com\/blog\/wp-content\/uploads\/2024\/10\/paso27-7-317x178.jpg 317w, https:\/\/granvelada.com\/blog\/wp-content\/uploads\/2024\/10\/paso27-7-424x239.jpg 424w, https:\/\/granvelada.com\/blog\/wp-content\/uploads\/2024\/10\/paso27-7-896x504.jpg 896w, https:\/\/granvelada.com\/blog\/wp-content\/uploads\/2024\/10\/paso27-7-581x327.jpg 581w, https:\/\/granvelada.com\/blog\/wp-content\/uploads\/2024\/10\/paso27-7-310x174.jpg 310w, https:\/\/granvelada.com\/blog\/wp-content\/uploads\/2024\/10\/paso27-7-232x131.jpg 232w, https:\/\/granvelada.com\/blog\/wp-content\/uploads\/2024\/10\/paso27-7-275x155.jpg 275w, https:\/\/granvelada.com\/blog\/wp-content\/uploads\/2024\/10\/paso27-7-1000x563.jpg 1000w, https:\/\/granvelada.com\/blog\/wp-content\/uploads\/2024\/10\/paso27-7-947x533.jpg 947w, https:\/\/granvelada.com\/blog\/wp-content\/uploads\/2024\/10\/paso27-7.jpg 1280w\" sizes=\"auto, (max-width: 848px) 100vw, 848px\" \/><\/figure>\n\n\n\n<figure class=\"wp-block-image size-large\"><img title=\" \"loading=\"lazy\" decoding=\"async\" width=\"848\" height=\"477\" data-id=\"24415\" src=\"https:\/\/granvelada.com\/blog\/wp-content\/uploads\/2024\/10\/paso28-4-848x477.jpg\" alt=\" \" class=\"wp-image-24415\" srcset=\"https:\/\/granvelada.com\/blog\/wp-content\/uploads\/2024\/10\/paso28-4-848x477.jpg 848w, https:\/\/granvelada.com\/blog\/wp-content\/uploads\/2024\/10\/paso28-4-387x218.jpg 387w, https:\/\/granvelada.com\/blog\/wp-content\/uploads\/2024\/10\/paso28-4-129x73.jpg 129w, https:\/\/granvelada.com\/blog\/wp-content\/uploads\/2024\/10\/paso28-4-768x432.jpg 768w, https:\/\/granvelada.com\/blog\/wp-content\/uploads\/2024\/10\/paso28-4-300x169.jpg 300w, https:\/\/granvelada.com\/blog\/wp-content\/uploads\/2024\/10\/paso28-4-317x178.jpg 317w, https:\/\/granvelada.com\/blog\/wp-content\/uploads\/2024\/10\/paso28-4-424x239.jpg 424w, https:\/\/granvelada.com\/blog\/wp-content\/uploads\/2024\/10\/paso28-4-896x504.jpg 896w, https:\/\/granvelada.com\/blog\/wp-content\/uploads\/2024\/10\/paso28-4-581x327.jpg 581w, https:\/\/granvelada.com\/blog\/wp-content\/uploads\/2024\/10\/paso28-4-310x174.jpg 310w, https:\/\/granvelada.com\/blog\/wp-content\/uploads\/2024\/10\/paso28-4-232x131.jpg 232w, https:\/\/granvelada.com\/blog\/wp-content\/uploads\/2024\/10\/paso28-4-275x155.jpg 275w, https:\/\/granvelada.com\/blog\/wp-content\/uploads\/2024\/10\/paso28-4-1000x563.jpg 1000w, https:\/\/granvelada.com\/blog\/wp-content\/uploads\/2024\/10\/paso28-4-947x533.jpg 947w, https:\/\/granvelada.com\/blog\/wp-content\/uploads\/2024\/10\/paso28-4.jpg 1280w\" sizes=\"auto, (max-width: 848px) 100vw, 848px\" \/><\/figure>\n<figcaption class=\"blocks-gallery-caption wp-element-caption\">PASO A PASO DEL KIT DE VELAS NAVIDE\u00d1AS.<\/figcaption><\/figure>\n\n\n<div class=\"wp-block-image\">\n<figure class=\"aligncenter size-full is-resized\"><a href=\"https:\/\/granvelada.com\/es\/kit-manualidades-navidad\/10331-kit-como-hacer-2-velas-de-arbol-de-navidad-pequeno-materiales-e-instrucciones.html\" target=\"_blank\" rel=\"noopener\"><img title=\" \"loading=\"lazy\" decoding=\"async\" src=\"https:\/\/granvelada.com\/blog\/wp-content\/uploads\/2024\/10\/image-10.png\" alt=\" \" class=\"wp-image-24385\" width=\"1234\" height=\"218\" srcset=\"https:\/\/granvelada.com\/blog\/wp-content\/uploads\/2024\/10\/image-10.png 848w, https:\/\/granvelada.com\/blog\/wp-content\/uploads\/2024\/10\/image-10-387x68.png 387w, https:\/\/granvelada.com\/blog\/wp-content\/uploads\/2024\/10\/image-10-768x136.png 768w\" sizes=\"auto, (max-width: 1234px) 100vw, 1234px\" \/><\/a><figcaption class=\"wp-element-caption\">PINCHA EN EL BANNER PARA COMPRAR EL KIT..<\/figcaption><\/figure>\n<\/div>\n\n\n<h3 class=\"wp-block-heading\">Preguntas frecuentes (FAQs) sobre el kit de Velas Navide\u00f1as:<\/h3>\n\n\n\n<ul class=\"wp-block-list\">\n<li><strong>\u00bfNecesito experiencia previa para usar este kit?<\/strong> No, este kit est\u00e1 dise\u00f1ado para que cualquier persona, sin importar su nivel de experiencia, pueda crear sus propias velas de manera f\u00e1cil y r\u00e1pida. Las instrucciones paso a paso te guiar\u00e1n durante todo el proceso.<\/li>\n\n\n\n<li><strong>\u00bfCu\u00e1ntas velas puedo hacer con este kit?<\/strong> Con los materiales incluidos, puedes hacer dos velas en forma de abeto. El molde es reutilizable, por lo que podr\u00e1s hacer m\u00e1s velas en el futuro adquiriendo solo la cera y los ingredientes adicionales.<\/li>\n\n\n\n<li><strong>\u00bfQu\u00e9 tipo de cera se incluye en el kit?<\/strong> Este kit incluye 250 g de cera de soja moldeable, una opci\u00f3n ecol\u00f3gica, f\u00e1cil de trabajar y con un acabado suave.<\/li>\n\n\n\n<li><strong>\u00bfEl molde es reutilizable?<\/strong> S\u00ed, el molde en forma de abeto es reutilizable. Despu\u00e9s de hacer las dos primeras velas, podr\u00e1s seguir us\u00e1ndolo para crear tantas velas como desees.<\/li>\n\n\n\n<li><strong>\u00bfPuedo personalizar el color de las velas?<\/strong> Por supuesto! El kit incluye colorante verde helecho, pero puedes controlar la cantidad que a\u00f1ades a la cera para conseguir el tono que m\u00e1s te guste.<\/li>\n\n\n\n<li><strong>\u00bfPuedo comprar m\u00e1s materiales para hacer m\u00e1s velas?<\/strong> S\u00ed, una vez que termines las primeras velas, puedes adquirir m\u00e1s cera, esencia arom\u00e1tica y mechas en nuestra tienda online. Solo necesitar\u00e1s el molde, que ya tienes, para seguir creando.<\/li>\n\n\n\n<li><strong>\u00bfCu\u00e1nto tiempo tarda en solidificarse la vela?<\/strong> El tiempo de solidificaci\u00f3n puede variar, pero generalmente se recomienda dejar enfriar las velas durante varias horas para asegurar un buen resultado. Un truco es meter el molde en el frigor\u00edfico durante una hora antes de desmoldar para facilitar el proceso.<\/li>\n\n\n\n<li><strong>\u00bfEs segura la vela cuando est\u00e1 encendida?<\/strong> S\u00ed, las velas hechas con cera de soja son seguras siempre y cuando sigas las precauciones b\u00e1sicas, como no dejar la vela encendida sin supervisi\u00f3n y mantenerla alejada de objetos inflamables.<\/li>\n<\/ul>\n\n\n<div class=\"wp-block-image\">\n<figure class=\"aligncenter size-large is-resized\"><img title=\" \"loading=\"lazy\" decoding=\"async\" src=\"https:\/\/granvelada.com\/blog\/wp-content\/uploads\/2024\/10\/kit-abeto-navidad-grande-post-848x477.jpg\" alt=\" \" class=\"wp-image-24387\" width=\"1214\" height=\"683\" srcset=\"https:\/\/granvelada.com\/blog\/wp-content\/uploads\/2024\/10\/kit-abeto-navidad-grande-post-848x477.jpg 848w, https:\/\/granvelada.com\/blog\/wp-content\/uploads\/2024\/10\/kit-abeto-navidad-grande-post-387x218.jpg 387w, https:\/\/granvelada.com\/blog\/wp-content\/uploads\/2024\/10\/kit-abeto-navidad-grande-post-129x73.jpg 129w, https:\/\/granvelada.com\/blog\/wp-content\/uploads\/2024\/10\/kit-abeto-navidad-grande-post-768x432.jpg 768w, https:\/\/granvelada.com\/blog\/wp-content\/uploads\/2024\/10\/kit-abeto-navidad-grande-post-300x169.jpg 300w, https:\/\/granvelada.com\/blog\/wp-content\/uploads\/2024\/10\/kit-abeto-navidad-grande-post-317x178.jpg 317w, https:\/\/granvelada.com\/blog\/wp-content\/uploads\/2024\/10\/kit-abeto-navidad-grande-post-424x239.jpg 424w, https:\/\/granvelada.com\/blog\/wp-content\/uploads\/2024\/10\/kit-abeto-navidad-grande-post.jpg 896w, https:\/\/granvelada.com\/blog\/wp-content\/uploads\/2024\/10\/kit-abeto-navidad-grande-post-581x327.jpg 581w, https:\/\/granvelada.com\/blog\/wp-content\/uploads\/2024\/10\/kit-abeto-navidad-grande-post-310x174.jpg 310w, https:\/\/granvelada.com\/blog\/wp-content\/uploads\/2024\/10\/kit-abeto-navidad-grande-post-232x131.jpg 232w, https:\/\/granvelada.com\/blog\/wp-content\/uploads\/2024\/10\/kit-abeto-navidad-grande-post-275x155.jpg 275w\" sizes=\"auto, (max-width: 1214px) 100vw, 1214px\" \/><figcaption class=\"wp-element-caption\">kit de Velas navide\u00f1as DIY.<\/figcaption><\/figure>\n<\/div>\n\n\n<p>Con este <a href=\"https:\/\/granvelada.com\/es\/kit-manualidades-navidad\/10332-kit-como-hacer-2-velas-de-arbol-de-navidad-grande-materiales-e-instrucciones.html\" target=\"_blank\" rel=\"noreferrer noopener\">kit de Abeto navide\u00f1o grande<\/a>, no solo aprender\u00e1s a hacer velas, sino que tambi\u00e9n disfrutar\u00e1s del placer de crear algo \u00fanico y personal para estas fiestas. \u00a1Atr\u00e9vete a probarlo y a sorprender a todos con tus velas hechas a mano!<\/p>\n","protected":false},"excerpt":{"rendered":"<p>\u00bfTe gustar\u00eda disfrutar de una manualidad navide\u00f1a creativa y f\u00e1cil? Con nuestro Kit para hacer velas de abeto de Navidad peque\u00f1o, tendr\u00e1s todo lo que necesitas para crear dos preciosas velas desde cero. Incluso si nunca has hecho velas antes, \u00a1no te preocupes! Este kit incluye todos los materiales y las instrucciones paso a paso&#8230;<\/p>\n","protected":false},"author":11,"featured_media":24390,"comment_status":"closed","ping_status":"closed","sticky":false,"template":"","format":"standard","meta":{"_acf_changed":false,"_monsterinsights_skip_tracking":false,"_monsterinsights_sitenote_active":false,"_monsterinsights_sitenote_note":"","_monsterinsights_sitenote_category":0,"_uf_show_specific_survey":0,"_uf_disable_surveys":false,"footnotes":""},"categories":[770,789,744,786],"tags":[],"class_list":["post-24383","post","type-post","status-publish","format-standard","has-post-thumbnail","hentry","category-hacer-velas","category-manualidades-navidad","category-post","category-velas-decorativas"],"acf":[],"yoast_head":"<!-- This site is optimized with the Yoast SEO plugin v19.13 - https:\/\/yoast.com\/wordpress\/plugins\/seo\/ -->\n<title>Crea velas de abeto navide\u00f1o f\u00e1cilmente con nuestro kit.<\/title>\n<meta name=\"description\" content=\"Haz tus velas de abeto navide\u00f1o con nuestro kit por solo 15 \u20ac. F\u00e1cil, sin experiencia previa, ideal para una tarde creativa con amigos, hijos o sobrinos.\" \/>\n<meta name=\"robots\" content=\"index, follow, max-snippet:-1, max-image-preview:large, max-video-preview:-1\" \/>\n<link rel=\"canonical\" href=\"https:\/\/granvelada.com\/blog\/crea-tus-propias-velas-de-abeto-navideno-con-nuestro-kit\/\" \/>\n<meta property=\"og:locale\" content=\"es_ES\" \/>\n<meta property=\"og:type\" content=\"article\" \/>\n<meta property=\"og:title\" content=\"Crea velas de abeto navide\u00f1o f\u00e1cilmente con nuestro kit.\" \/>\n<meta property=\"og:description\" content=\"Haz tus velas de abeto navide\u00f1o con nuestro kit por solo 15 \u20ac. F\u00e1cil, sin experiencia previa, ideal para una tarde creativa con amigos, hijos o sobrinos.\" \/>\n<meta property=\"og:url\" content=\"https:\/\/granvelada.com\/blog\/crea-tus-propias-velas-de-abeto-navideno-con-nuestro-kit\/\" \/>\n<meta property=\"og:site_name\" content=\"Blog de Gran Velada\" \/>\n<meta property=\"article:publisher\" content=\"https:\/\/es-la.facebook.com\/hacerjabon\" \/>\n<meta property=\"article:published_time\" content=\"2024-11-05T08:05:00+00:00\" \/>\n<meta property=\"article:modified_time\" content=\"2024-12-05T14:30:35+00:00\" \/>\n<meta property=\"og:image\" content=\"https:\/\/granvelada.com\/blog\/wp-content\/uploads\/2024\/10\/kit-como-hacer-2-velas-abeto-navidad-grande.jpg\" \/>\n\t<meta property=\"og:image:width\" content=\"1280\" \/>\n\t<meta property=\"og:image:height\" content=\"720\" \/>\n\t<meta property=\"og:image:type\" content=\"image\/jpeg\" \/>\n<meta name=\"author\" content=\"contacto@granvelada.com\" \/>\n<meta name=\"twitter:card\" content=\"summary_large_image\" \/>\n<meta name=\"twitter:creator\" content=\"@granvelada\" \/>\n<meta name=\"twitter:site\" content=\"@granvelada\" \/>\n<meta name=\"twitter:label1\" content=\"Escrito por\" \/>\n\t<meta name=\"twitter:data1\" content=\"contacto@granvelada.com\" \/>\n\t<meta name=\"twitter:label2\" content=\"Tiempo de lectura\" \/>\n\t<meta name=\"twitter:data2\" content=\"13 minutos\" \/>\n<script type=\"application\/ld+json\" class=\"yoast-schema-graph\">{\"@context\":\"https:\/\/schema.org\",\"@graph\":[{\"@type\":\"Article\",\"@id\":\"https:\/\/granvelada.com\/blog\/crea-tus-propias-velas-de-abeto-navideno-con-nuestro-kit\/#article\",\"isPartOf\":{\"@id\":\"https:\/\/granvelada.com\/blog\/crea-tus-propias-velas-de-abeto-navideno-con-nuestro-kit\/\"},\"author\":{\"name\":\"contacto@granvelada.com\",\"@id\":\"https:\/\/granvelada.com\/blog\/#\/schema\/person\/79a0c8033911e0b07bad40e7b4beb5e5\"},\"headline\":\"\u00a1Crea tus propias velas de abeto navide\u00f1o con nuestro kit!\",\"datePublished\":\"2024-11-05T08:05:00+00:00\",\"dateModified\":\"2024-12-05T14:30:35+00:00\",\"mainEntityOfPage\":{\"@id\":\"https:\/\/granvelada.com\/blog\/crea-tus-propias-velas-de-abeto-navideno-con-nuestro-kit\/\"},\"wordCount\":1064,\"publisher\":{\"@id\":\"https:\/\/granvelada.com\/blog\/#organization\"},\"articleSection\":[\"Hacer velas\",\"Manualidades de Navidad\",\"Post\",\"Velas decorativas\"],\"inLanguage\":\"es\"},{\"@type\":\"WebPage\",\"@id\":\"https:\/\/granvelada.com\/blog\/crea-tus-propias-velas-de-abeto-navideno-con-nuestro-kit\/\",\"url\":\"https:\/\/granvelada.com\/blog\/crea-tus-propias-velas-de-abeto-navideno-con-nuestro-kit\/\",\"name\":\"Crea velas de abeto navide\u00f1o f\u00e1cilmente con nuestro kit.\",\"isPartOf\":{\"@id\":\"https:\/\/granvelada.com\/blog\/#website\"},\"datePublished\":\"2024-11-05T08:05:00+00:00\",\"dateModified\":\"2024-12-05T14:30:35+00:00\",\"description\":\"Haz tus velas de abeto navide\u00f1o con nuestro kit por solo 15 \u20ac. F\u00e1cil, sin experiencia previa, ideal para una tarde creativa con amigos, hijos o sobrinos.\",\"breadcrumb\":{\"@id\":\"https:\/\/granvelada.com\/blog\/crea-tus-propias-velas-de-abeto-navideno-con-nuestro-kit\/#breadcrumb\"},\"inLanguage\":\"es\",\"potentialAction\":[{\"@type\":\"ReadAction\",\"target\":[\"https:\/\/granvelada.com\/blog\/crea-tus-propias-velas-de-abeto-navideno-con-nuestro-kit\/\"]}]},{\"@type\":\"BreadcrumbList\",\"@id\":\"https:\/\/granvelada.com\/blog\/crea-tus-propias-velas-de-abeto-navideno-con-nuestro-kit\/#breadcrumb\",\"itemListElement\":[{\"@type\":\"ListItem\",\"position\":1,\"name\":\"Portada\",\"item\":\"https:\/\/granvelada.com\/blog\/\"},{\"@type\":\"ListItem\",\"position\":2,\"name\":\"\u00a1Crea tus propias velas de abeto navide\u00f1o con nuestro kit!\"}]},{\"@type\":\"WebSite\",\"@id\":\"https:\/\/granvelada.com\/blog\/#website\",\"url\":\"https:\/\/granvelada.com\/blog\/\",\"name\":\"Blog de Gran Velada\",\"description\":\"Recetas y tutoriales para hacer cremas, jabones, velas, detalles y cosm\u00e9tica casera\",\"publisher\":{\"@id\":\"https:\/\/granvelada.com\/blog\/#organization\"},\"potentialAction\":[{\"@type\":\"SearchAction\",\"target\":{\"@type\":\"EntryPoint\",\"urlTemplate\":\"https:\/\/granvelada.com\/blog\/?s={search_term_string}\"},\"query-input\":\"required name=search_term_string\"}],\"inLanguage\":\"es\"},{\"@type\":\"Organization\",\"@id\":\"https:\/\/granvelada.com\/blog\/#organization\",\"name\":\"Granvelada.com\",\"url\":\"https:\/\/granvelada.com\/blog\/\",\"logo\":{\"@type\":\"ImageObject\",\"inLanguage\":\"es\",\"@id\":\"https:\/\/granvelada.com\/blog\/#\/schema\/logo\/image\/\",\"url\":\"https:\/\/granvelada.com\/blog\/wp-content\/uploads\/2015\/06\/hacervelas-granvelada.jpg\",\"contentUrl\":\"https:\/\/granvelada.com\/blog\/wp-content\/uploads\/2015\/06\/hacervelas-granvelada.jpg\",\"width\":851,\"height\":315,\"caption\":\"Granvelada.com\"},\"image\":{\"@id\":\"https:\/\/granvelada.com\/blog\/#\/schema\/logo\/image\/\"},\"sameAs\":[\"https:\/\/www.pinterest.com\/hacerjabon\/\",\"https:\/\/www.youtube.com\/user\/hacerjabones\",\"https:\/\/es-la.facebook.com\/hacerjabon\",\"https:\/\/twitter.com\/granvelada\"]},{\"@type\":\"Person\",\"@id\":\"https:\/\/granvelada.com\/blog\/#\/schema\/person\/79a0c8033911e0b07bad40e7b4beb5e5\",\"name\":\"contacto@granvelada.com\",\"image\":{\"@type\":\"ImageObject\",\"inLanguage\":\"es\",\"@id\":\"https:\/\/granvelada.com\/blog\/#\/schema\/person\/image\/\",\"url\":\"https:\/\/secure.gravatar.com\/avatar\/e958d5c17339949fb4785a9125a88aeee44e33d213fb1dc61944c17f81676f25?s=96&d=mm&r=g\",\"contentUrl\":\"https:\/\/secure.gravatar.com\/avatar\/e958d5c17339949fb4785a9125a88aeee44e33d213fb1dc61944c17f81676f25?s=96&d=mm&r=g\",\"caption\":\"contacto@granvelada.com\"}}]}<\/script>\n<!-- \/ Yoast SEO plugin. -->","yoast_head_json":{"title":"Crea velas de abeto navide\u00f1o f\u00e1cilmente con nuestro kit.","description":"Haz tus velas de abeto navide\u00f1o con nuestro kit por solo 15 \u20ac. F\u00e1cil, sin experiencia previa, ideal para una tarde creativa con amigos, hijos o sobrinos.","robots":{"index":"index","follow":"follow","max-snippet":"max-snippet:-1","max-image-preview":"max-image-preview:large","max-video-preview":"max-video-preview:-1"},"canonical":"https:\/\/granvelada.com\/blog\/crea-tus-propias-velas-de-abeto-navideno-con-nuestro-kit\/","og_locale":"es_ES","og_type":"article","og_title":"Crea velas de abeto navide\u00f1o f\u00e1cilmente con nuestro kit.","og_description":"Haz tus velas de abeto navide\u00f1o con nuestro kit por solo 15 \u20ac. F\u00e1cil, sin experiencia previa, ideal para una tarde creativa con amigos, hijos o sobrinos.","og_url":"https:\/\/granvelada.com\/blog\/crea-tus-propias-velas-de-abeto-navideno-con-nuestro-kit\/","og_site_name":"Blog de Gran Velada","article_publisher":"https:\/\/es-la.facebook.com\/hacerjabon","article_published_time":"2024-11-05T08:05:00+00:00","article_modified_time":"2024-12-05T14:30:35+00:00","og_image":[{"width":1280,"height":720,"url":"https:\/\/granvelada.com\/blog\/wp-content\/uploads\/2024\/10\/kit-como-hacer-2-velas-abeto-navidad-grande.jpg","type":"image\/jpeg"}],"author":"contacto@granvelada.com","twitter_card":"summary_large_image","twitter_creator":"@granvelada","twitter_site":"@granvelada","twitter_misc":{"Escrito por":"contacto@granvelada.com","Tiempo de lectura":"13 minutos"},"schema":{"@context":"https:\/\/schema.org","@graph":[{"@type":"Article","@id":"https:\/\/granvelada.com\/blog\/crea-tus-propias-velas-de-abeto-navideno-con-nuestro-kit\/#article","isPartOf":{"@id":"https:\/\/granvelada.com\/blog\/crea-tus-propias-velas-de-abeto-navideno-con-nuestro-kit\/"},"author":{"name":"contacto@granvelada.com","@id":"https:\/\/granvelada.com\/blog\/#\/schema\/person\/79a0c8033911e0b07bad40e7b4beb5e5"},"headline":"\u00a1Crea tus propias velas de abeto navide\u00f1o con nuestro kit!","datePublished":"2024-11-05T08:05:00+00:00","dateModified":"2024-12-05T14:30:35+00:00","mainEntityOfPage":{"@id":"https:\/\/granvelada.com\/blog\/crea-tus-propias-velas-de-abeto-navideno-con-nuestro-kit\/"},"wordCount":1064,"publisher":{"@id":"https:\/\/granvelada.com\/blog\/#organization"},"articleSection":["Hacer velas","Manualidades de Navidad","Post","Velas decorativas"],"inLanguage":"es"},{"@type":"WebPage","@id":"https:\/\/granvelada.com\/blog\/crea-tus-propias-velas-de-abeto-navideno-con-nuestro-kit\/","url":"https:\/\/granvelada.com\/blog\/crea-tus-propias-velas-de-abeto-navideno-con-nuestro-kit\/","name":"Crea velas de abeto navide\u00f1o f\u00e1cilmente con nuestro kit.","isPartOf":{"@id":"https:\/\/granvelada.com\/blog\/#website"},"datePublished":"2024-11-05T08:05:00+00:00","dateModified":"2024-12-05T14:30:35+00:00","description":"Haz tus velas de abeto navide\u00f1o con nuestro kit por solo 15 \u20ac. F\u00e1cil, sin experiencia previa, ideal para una tarde creativa con amigos, hijos o sobrinos.","breadcrumb":{"@id":"https:\/\/granvelada.com\/blog\/crea-tus-propias-velas-de-abeto-navideno-con-nuestro-kit\/#breadcrumb"},"inLanguage":"es","potentialAction":[{"@type":"ReadAction","target":["https:\/\/granvelada.com\/blog\/crea-tus-propias-velas-de-abeto-navideno-con-nuestro-kit\/"]}]},{"@type":"BreadcrumbList","@id":"https:\/\/granvelada.com\/blog\/crea-tus-propias-velas-de-abeto-navideno-con-nuestro-kit\/#breadcrumb","itemListElement":[{"@type":"ListItem","position":1,"name":"Portada","item":"https:\/\/granvelada.com\/blog\/"},{"@type":"ListItem","position":2,"name":"\u00a1Crea tus propias velas de abeto navide\u00f1o con nuestro kit!"}]},{"@type":"WebSite","@id":"https:\/\/granvelada.com\/blog\/#website","url":"https:\/\/granvelada.com\/blog\/","name":"Blog de Gran Velada","description":"Recetas y tutoriales para hacer cremas, jabones, velas, detalles y cosm\u00e9tica casera","publisher":{"@id":"https:\/\/granvelada.com\/blog\/#organization"},"potentialAction":[{"@type":"SearchAction","target":{"@type":"EntryPoint","urlTemplate":"https:\/\/granvelada.com\/blog\/?s={search_term_string}"},"query-input":"required name=search_term_string"}],"inLanguage":"es"},{"@type":"Organization","@id":"https:\/\/granvelada.com\/blog\/#organization","name":"Granvelada.com","url":"https:\/\/granvelada.com\/blog\/","logo":{"@type":"ImageObject","inLanguage":"es","@id":"https:\/\/granvelada.com\/blog\/#\/schema\/logo\/image\/","url":"https:\/\/granvelada.com\/blog\/wp-content\/uploads\/2015\/06\/hacervelas-granvelada.jpg","contentUrl":"https:\/\/granvelada.com\/blog\/wp-content\/uploads\/2015\/06\/hacervelas-granvelada.jpg","width":851,"height":315,"caption":"Granvelada.com"},"image":{"@id":"https:\/\/granvelada.com\/blog\/#\/schema\/logo\/image\/"},"sameAs":["https:\/\/www.pinterest.com\/hacerjabon\/","https:\/\/www.youtube.com\/user\/hacerjabones","https:\/\/es-la.facebook.com\/hacerjabon","https:\/\/twitter.com\/granvelada"]},{"@type":"Person","@id":"https:\/\/granvelada.com\/blog\/#\/schema\/person\/79a0c8033911e0b07bad40e7b4beb5e5","name":"contacto@granvelada.com","image":{"@type":"ImageObject","inLanguage":"es","@id":"https:\/\/granvelada.com\/blog\/#\/schema\/person\/image\/","url":"https:\/\/secure.gravatar.com\/avatar\/e958d5c17339949fb4785a9125a88aeee44e33d213fb1dc61944c17f81676f25?s=96&d=mm&r=g","contentUrl":"https:\/\/secure.gravatar.com\/avatar\/e958d5c17339949fb4785a9125a88aeee44e33d213fb1dc61944c17f81676f25?s=96&d=mm&r=g","caption":"contacto@granvelada.com"}}]}},"_links":{"self":[{"href":"https:\/\/granvelada.com\/blog\/wp-json\/wp\/v2\/posts\/24383","targetHints":{"allow":["GET"]}}],"collection":[{"href":"https:\/\/granvelada.com\/blog\/wp-json\/wp\/v2\/posts"}],"about":[{"href":"https:\/\/granvelada.com\/blog\/wp-json\/wp\/v2\/types\/post"}],"author":[{"embeddable":true,"href":"https:\/\/granvelada.com\/blog\/wp-json\/wp\/v2\/users\/11"}],"replies":[{"embeddable":true,"href":"https:\/\/granvelada.com\/blog\/wp-json\/wp\/v2\/comments?post=24383"}],"version-history":[{"count":10,"href":"https:\/\/granvelada.com\/blog\/wp-json\/wp\/v2\/posts\/24383\/revisions"}],"predecessor-version":[{"id":24432,"href":"https:\/\/granvelada.com\/blog\/wp-json\/wp\/v2\/posts\/24383\/revisions\/24432"}],"wp:featuredmedia":[{"embeddable":true,"href":"https:\/\/granvelada.com\/blog\/wp-json\/wp\/v2\/media\/24390"}],"wp:attachment":[{"href":"https:\/\/granvelada.com\/blog\/wp-json\/wp\/v2\/media?parent=24383"}],"wp:term":[{"taxonomy":"category","embeddable":true,"href":"https:\/\/granvelada.com\/blog\/wp-json\/wp\/v2\/categories?post=24383"},{"taxonomy":"post_tag","embeddable":true,"href":"https:\/\/granvelada.com\/blog\/wp-json\/wp\/v2\/tags?post=24383"}],"curies":[{"name":"wp","href":"https:\/\/api.w.org\/{rel}","templated":true}]}}