{"id":2201,"date":"2017-04-21T17:28:19","date_gmt":"2017-04-21T15:28:19","guid":{"rendered":"http:\/\/granvelada.com\/blog\/?p=2201"},"modified":"2024-09-05T08:33:14","modified_gmt":"2024-09-05T06:33:14","slug":"mejor-tienda-virtual-redes-sociales","status":"publish","type":"post","link":"https:\/\/granvelada.com\/blog\/mejor-tienda-virtual-redes-sociales\/","title":{"rendered":"Gran Velada recibe el premio a la Mejor Tienda Virtual en Redes Sociales"},"content":{"rendered":"<p>\u00a1En <strong>Gran Velada<\/strong> estamos de enhorabuena! Hemos recibido el premio a la <strong>Mejor Tienda Virtual en Redes Sociales<\/strong>. Un galard\u00f3n que otorga la Feria de Tiendas Virtuales en su convenci\u00f3n anual. Este a\u00f1o se ha celebrado la duod\u00e9cima edici\u00f3n de estos prestigiosos premios, que reconocen el trabajo de las tiendas online.<\/p>\n<p>En el concurso han participado <strong>40 comercios electr\u00f3nicos<\/strong> y Gran Velada se ha hecho con uno de los siete galardones . En concreto, nos han nombrado la Mejor Tienda Virtual en Redes Sociales. El jurado ha estado compuesto por los expertos Daniel Torres Burriel, Chena Collado, Marta Naud\u00edn, Roberto Abizanda y Carlos P\u00e9rez.<\/p>\n<p>\u00a1Desde aqu\u00ed queremos agradecer el premio a todos vosotros! Gracias a los que nos segu\u00eds d\u00eda a d\u00eda y hab\u00e9is conseguido que nuestra comunidad en redes sociales no deje de crecer.<\/p>\n<h2>Gran Velada y las Redes Sociales<\/h2>\n<p>Las redes sociales son un pilar fundamental de Gran Velada. Contamos con <strong>cinco blogs, un canal en YouTube<\/strong> y estamos presentes en Instagram, Facebook, Twitter, Google + y Pinterest.<br \/>\nNuestros blogs y el canal de YouTube son una ventana abierta al mundo de la creatividad. De forma gratuita queremos dar a conocer c\u00f3mo con productos sencillos y econ\u00f3micos se pueden crear dise\u00f1os exclusivos. \u00a1Y todo de forma f\u00e1cil y r\u00e1pida!<\/p>\n<p>Mostramos decenas de ideas, recetas gratuitas, trucos, consejos y tutoriales para que los amantes del DIY puedan hacer sus propios productos de belleza y de decoraci\u00f3n. Presentamos propuestas sencillas con resultados espectaculares.<\/p>\n<p>La XII edici\u00f3n de la <strong>Feria de Tiendas Virtuales<\/strong> se ha celebrado en el parque tecnol\u00f3gico Walqa, en Huesca, y ha reunido a m\u00e1s de 700 profesionales de comercio electr\u00f3nico, empresas proveedoras de servicios, emprendedores, estudiantes y los principales expertos a nivel local y nacional sobre posicionamiento, marketing online, log\u00edstica, seguridad en las compras\u2026<\/p>\n<p>La inauguraci\u00f3n de la Feria ha corrido a cargo de la consejera de Innovaci\u00f3n, Investigaci\u00f3n y Universidad del Gobierno de Arag\u00f3n, Pilar Alegr\u00eda. La consejera ha destacado el potencial que tiene el comercio electr\u00f3nico en nuestra Comunidad. \u201cEs un sector boyante y m\u00e1s que puntero en Arag\u00f3n\u201d. Se trata \u201c<strong>empresas que generan empleo y asientan poblaci\u00f3n<\/strong>\u201d, ha destacado Alegr\u00eda. \u201cEl comercio electr\u00f3nico est\u00e1 auge y este tipo de ferias quiere consolidarlo y mejorar las sensaciones de seguridad tanto para los proveedores como para los clientes\u201d, ha apuntado la consejera.<\/p>\n<p>Desde Gran Velada estamos encantados de formar parte de este tejido empresarial que apuesta por el medio rural, creando empleo y fomentando la econom\u00eda local.<\/p>\n","protected":false},"excerpt":{"rendered":"<p>\u00a1En Gran Velada estamos de enhorabuena! Hemos recibido el premio a la Mejor Tienda Virtual en Redes Sociales. Un galard\u00f3n que otorga la Feria de Tiendas Virtuales en su convenci\u00f3n anual. Este a\u00f1o se ha celebrado la duod\u00e9cima edici\u00f3n de estos prestigiosos premios, que reconocen el trabajo de las tiendas online. En el concurso han&#8230;<\/p>\n","protected":false},"author":11,"featured_media":2206,"comment_status":"open","ping_status":"closed","sticky":false,"template":"","format":"standard","meta":{"_acf_changed":false,"_monsterinsights_skip_tracking":false,"_monsterinsights_sitenote_active":false,"_monsterinsights_sitenote_note":"","_monsterinsights_sitenote_category":0,"_uf_show_specific_survey":0,"_uf_disable_surveys":false,"footnotes":""},"categories":[748],"tags":[],"class_list":["post-2201","post","type-post","status-publish","format-standard","has-post-thumbnail","hentry","category-noticias"],"acf":[],"yoast_head":"<!-- This site is optimized with the Yoast SEO plugin v19.13 - https:\/\/yoast.com\/wordpress\/plugins\/seo\/ -->\n<title>Gran Velada nombrada Mejor Tienda Virtual en Redes Sociales<\/title>\n<meta name=\"description\" content=\"Gran Velada ha recibido el premio a la Mejor Tienda Virtual en Redes Sociales. Un galard\u00f3n otorgado en el marco de la XII Feria de Tiendas Virtuales\" \/>\n<meta name=\"robots\" content=\"index, follow, max-snippet:-1, max-image-preview:large, max-video-preview:-1\" \/>\n<link rel=\"canonical\" href=\"https:\/\/granvelada.com\/blog\/mejor-tienda-virtual-redes-sociales\/\" \/>\n<meta property=\"og:locale\" content=\"es_ES\" \/>\n<meta property=\"og:type\" content=\"article\" \/>\n<meta property=\"og:title\" content=\"Gran Velada nombrada Mejor Tienda Virtual en Redes Sociales\" \/>\n<meta property=\"og:description\" content=\"Gran Velada ha recibido el premio a la Mejor Tienda Virtual en Redes Sociales. Un galard\u00f3n otorgado en el marco de la XII Feria de Tiendas Virtuales\" \/>\n<meta property=\"og:url\" content=\"https:\/\/granvelada.com\/blog\/mejor-tienda-virtual-redes-sociales\/\" \/>\n<meta property=\"og:site_name\" content=\"Blog de Gran Velada\" \/>\n<meta property=\"article:publisher\" content=\"https:\/\/es-la.facebook.com\/hacerjabon\" \/>\n<meta property=\"article:published_time\" content=\"2017-04-21T15:28:19+00:00\" \/>\n<meta property=\"article:modified_time\" content=\"2024-09-05T06:33:14+00:00\" \/>\n<meta property=\"og:image\" content=\"https:\/\/granvelada.com\/blog\/wp-content\/uploads\/2017\/04\/premio-mejor-tienda-virtual-en-redes-sociales.jpg\" \/>\n\t<meta property=\"og:image:width\" content=\"848\" \/>\n\t<meta property=\"og:image:height\" content=\"477\" \/>\n\t<meta property=\"og:image:type\" content=\"image\/jpeg\" \/>\n<meta name=\"author\" content=\"contacto@granvelada.com\" \/>\n<meta name=\"twitter:card\" content=\"summary_large_image\" \/>\n<meta name=\"twitter:creator\" content=\"@granvelada\" \/>\n<meta name=\"twitter:site\" content=\"@granvelada\" \/>\n<meta name=\"twitter:label1\" content=\"Escrito por\" \/>\n\t<meta name=\"twitter:data1\" content=\"contacto@granvelada.com\" \/>\n\t<meta name=\"twitter:label2\" content=\"Tiempo de lectura\" \/>\n\t<meta name=\"twitter:data2\" content=\"2 minutos\" \/>\n<script type=\"application\/ld+json\" class=\"yoast-schema-graph\">{\"@context\":\"https:\/\/schema.org\",\"@graph\":[{\"@type\":\"Article\",\"@id\":\"https:\/\/granvelada.com\/blog\/mejor-tienda-virtual-redes-sociales\/#article\",\"isPartOf\":{\"@id\":\"https:\/\/granvelada.com\/blog\/mejor-tienda-virtual-redes-sociales\/\"},\"author\":{\"name\":\"contacto@granvelada.com\",\"@id\":\"https:\/\/granvelada.com\/blog\/#\/schema\/person\/79a0c8033911e0b07bad40e7b4beb5e5\"},\"headline\":\"Gran Velada recibe el premio a la Mejor Tienda Virtual en Redes Sociales\",\"datePublished\":\"2017-04-21T15:28:19+00:00\",\"dateModified\":\"2024-09-05T06:33:14+00:00\",\"mainEntityOfPage\":{\"@id\":\"https:\/\/granvelada.com\/blog\/mejor-tienda-virtual-redes-sociales\/\"},\"wordCount\":455,\"commentCount\":0,\"publisher\":{\"@id\":\"https:\/\/granvelada.com\/blog\/#organization\"},\"articleSection\":[\"Noticias\"],\"inLanguage\":\"es\",\"potentialAction\":[{\"@type\":\"CommentAction\",\"name\":\"Comment\",\"target\":[\"https:\/\/granvelada.com\/blog\/mejor-tienda-virtual-redes-sociales\/#respond\"]}]},{\"@type\":\"WebPage\",\"@id\":\"https:\/\/granvelada.com\/blog\/mejor-tienda-virtual-redes-sociales\/\",\"url\":\"https:\/\/granvelada.com\/blog\/mejor-tienda-virtual-redes-sociales\/\",\"name\":\"Gran Velada nombrada Mejor Tienda Virtual en Redes Sociales\",\"isPartOf\":{\"@id\":\"https:\/\/granvelada.com\/blog\/#website\"},\"datePublished\":\"2017-04-21T15:28:19+00:00\",\"dateModified\":\"2024-09-05T06:33:14+00:00\",\"description\":\"Gran Velada ha recibido el premio a la Mejor Tienda Virtual en Redes Sociales. Un galard\u00f3n otorgado en el marco de la XII Feria de Tiendas Virtuales\",\"breadcrumb\":{\"@id\":\"https:\/\/granvelada.com\/blog\/mejor-tienda-virtual-redes-sociales\/#breadcrumb\"},\"inLanguage\":\"es\",\"potentialAction\":[{\"@type\":\"ReadAction\",\"target\":[\"https:\/\/granvelada.com\/blog\/mejor-tienda-virtual-redes-sociales\/\"]}]},{\"@type\":\"BreadcrumbList\",\"@id\":\"https:\/\/granvelada.com\/blog\/mejor-tienda-virtual-redes-sociales\/#breadcrumb\",\"itemListElement\":[{\"@type\":\"ListItem\",\"position\":1,\"name\":\"Portada\",\"item\":\"https:\/\/granvelada.com\/blog\/\"},{\"@type\":\"ListItem\",\"position\":2,\"name\":\"Gran Velada recibe el premio a la Mejor Tienda Virtual en Redes Sociales\"}]},{\"@type\":\"WebSite\",\"@id\":\"https:\/\/granvelada.com\/blog\/#website\",\"url\":\"https:\/\/granvelada.com\/blog\/\",\"name\":\"Blog de Gran Velada\",\"description\":\"Recetas y tutoriales para hacer cremas, jabones, velas, detalles y cosm\u00e9tica casera\",\"publisher\":{\"@id\":\"https:\/\/granvelada.com\/blog\/#organization\"},\"potentialAction\":[{\"@type\":\"SearchAction\",\"target\":{\"@type\":\"EntryPoint\",\"urlTemplate\":\"https:\/\/granvelada.com\/blog\/?s={search_term_string}\"},\"query-input\":\"required name=search_term_string\"}],\"inLanguage\":\"es\"},{\"@type\":\"Organization\",\"@id\":\"https:\/\/granvelada.com\/blog\/#organization\",\"name\":\"Granvelada.com\",\"url\":\"https:\/\/granvelada.com\/blog\/\",\"logo\":{\"@type\":\"ImageObject\",\"inLanguage\":\"es\",\"@id\":\"https:\/\/granvelada.com\/blog\/#\/schema\/logo\/image\/\",\"url\":\"https:\/\/granvelada.com\/blog\/wp-content\/uploads\/2015\/06\/hacervelas-granvelada.jpg\",\"contentUrl\":\"https:\/\/granvelada.com\/blog\/wp-content\/uploads\/2015\/06\/hacervelas-granvelada.jpg\",\"width\":851,\"height\":315,\"caption\":\"Granvelada.com\"},\"image\":{\"@id\":\"https:\/\/granvelada.com\/blog\/#\/schema\/logo\/image\/\"},\"sameAs\":[\"https:\/\/www.pinterest.com\/hacerjabon\/\",\"https:\/\/www.youtube.com\/user\/hacerjabones\",\"https:\/\/es-la.facebook.com\/hacerjabon\",\"https:\/\/twitter.com\/granvelada\"]},{\"@type\":\"Person\",\"@id\":\"https:\/\/granvelada.com\/blog\/#\/schema\/person\/79a0c8033911e0b07bad40e7b4beb5e5\",\"name\":\"contacto@granvelada.com\",\"image\":{\"@type\":\"ImageObject\",\"inLanguage\":\"es\",\"@id\":\"https:\/\/granvelada.com\/blog\/#\/schema\/person\/image\/\",\"url\":\"https:\/\/secure.gravatar.com\/avatar\/e958d5c17339949fb4785a9125a88aeee44e33d213fb1dc61944c17f81676f25?s=96&d=mm&r=g\",\"contentUrl\":\"https:\/\/secure.gravatar.com\/avatar\/e958d5c17339949fb4785a9125a88aeee44e33d213fb1dc61944c17f81676f25?s=96&d=mm&r=g\",\"caption\":\"contacto@granvelada.com\"}}]}<\/script>\n<!-- \/ Yoast SEO plugin. -->","yoast_head_json":{"title":"Gran Velada nombrada Mejor Tienda Virtual en Redes Sociales","description":"Gran Velada ha recibido el premio a la Mejor Tienda Virtual en Redes Sociales. Un galard\u00f3n otorgado en el marco de la XII Feria de Tiendas Virtuales","robots":{"index":"index","follow":"follow","max-snippet":"max-snippet:-1","max-image-preview":"max-image-preview:large","max-video-preview":"max-video-preview:-1"},"canonical":"https:\/\/granvelada.com\/blog\/mejor-tienda-virtual-redes-sociales\/","og_locale":"es_ES","og_type":"article","og_title":"Gran Velada nombrada Mejor Tienda Virtual en Redes Sociales","og_description":"Gran Velada ha recibido el premio a la Mejor Tienda Virtual en Redes Sociales. Un galard\u00f3n otorgado en el marco de la XII Feria de Tiendas Virtuales","og_url":"https:\/\/granvelada.com\/blog\/mejor-tienda-virtual-redes-sociales\/","og_site_name":"Blog de Gran Velada","article_publisher":"https:\/\/es-la.facebook.com\/hacerjabon","article_published_time":"2017-04-21T15:28:19+00:00","article_modified_time":"2024-09-05T06:33:14+00:00","og_image":[{"width":848,"height":477,"url":"https:\/\/granvelada.com\/blog\/wp-content\/uploads\/2017\/04\/premio-mejor-tienda-virtual-en-redes-sociales.jpg","type":"image\/jpeg"}],"author":"contacto@granvelada.com","twitter_card":"summary_large_image","twitter_creator":"@granvelada","twitter_site":"@granvelada","twitter_misc":{"Escrito por":"contacto@granvelada.com","Tiempo de lectura":"2 minutos"},"schema":{"@context":"https:\/\/schema.org","@graph":[{"@type":"Article","@id":"https:\/\/granvelada.com\/blog\/mejor-tienda-virtual-redes-sociales\/#article","isPartOf":{"@id":"https:\/\/granvelada.com\/blog\/mejor-tienda-virtual-redes-sociales\/"},"author":{"name":"contacto@granvelada.com","@id":"https:\/\/granvelada.com\/blog\/#\/schema\/person\/79a0c8033911e0b07bad40e7b4beb5e5"},"headline":"Gran Velada recibe el premio a la Mejor Tienda Virtual en Redes Sociales","datePublished":"2017-04-21T15:28:19+00:00","dateModified":"2024-09-05T06:33:14+00:00","mainEntityOfPage":{"@id":"https:\/\/granvelada.com\/blog\/mejor-tienda-virtual-redes-sociales\/"},"wordCount":455,"commentCount":0,"publisher":{"@id":"https:\/\/granvelada.com\/blog\/#organization"},"articleSection":["Noticias"],"inLanguage":"es","potentialAction":[{"@type":"CommentAction","name":"Comment","target":["https:\/\/granvelada.com\/blog\/mejor-tienda-virtual-redes-sociales\/#respond"]}]},{"@type":"WebPage","@id":"https:\/\/granvelada.com\/blog\/mejor-tienda-virtual-redes-sociales\/","url":"https:\/\/granvelada.com\/blog\/mejor-tienda-virtual-redes-sociales\/","name":"Gran Velada nombrada Mejor Tienda Virtual en Redes Sociales","isPartOf":{"@id":"https:\/\/granvelada.com\/blog\/#website"},"datePublished":"2017-04-21T15:28:19+00:00","dateModified":"2024-09-05T06:33:14+00:00","description":"Gran Velada ha recibido el premio a la Mejor Tienda Virtual en Redes Sociales. Un galard\u00f3n otorgado en el marco de la XII Feria de Tiendas Virtuales","breadcrumb":{"@id":"https:\/\/granvelada.com\/blog\/mejor-tienda-virtual-redes-sociales\/#breadcrumb"},"inLanguage":"es","potentialAction":[{"@type":"ReadAction","target":["https:\/\/granvelada.com\/blog\/mejor-tienda-virtual-redes-sociales\/"]}]},{"@type":"BreadcrumbList","@id":"https:\/\/granvelada.com\/blog\/mejor-tienda-virtual-redes-sociales\/#breadcrumb","itemListElement":[{"@type":"ListItem","position":1,"name":"Portada","item":"https:\/\/granvelada.com\/blog\/"},{"@type":"ListItem","position":2,"name":"Gran Velada recibe el premio a la Mejor Tienda Virtual en Redes Sociales"}]},{"@type":"WebSite","@id":"https:\/\/granvelada.com\/blog\/#website","url":"https:\/\/granvelada.com\/blog\/","name":"Blog de Gran Velada","description":"Recetas y tutoriales para hacer cremas, jabones, velas, detalles y cosm\u00e9tica casera","publisher":{"@id":"https:\/\/granvelada.com\/blog\/#organization"},"potentialAction":[{"@type":"SearchAction","target":{"@type":"EntryPoint","urlTemplate":"https:\/\/granvelada.com\/blog\/?s={search_term_string}"},"query-input":"required name=search_term_string"}],"inLanguage":"es"},{"@type":"Organization","@id":"https:\/\/granvelada.com\/blog\/#organization","name":"Granvelada.com","url":"https:\/\/granvelada.com\/blog\/","logo":{"@type":"ImageObject","inLanguage":"es","@id":"https:\/\/granvelada.com\/blog\/#\/schema\/logo\/image\/","url":"https:\/\/granvelada.com\/blog\/wp-content\/uploads\/2015\/06\/hacervelas-granvelada.jpg","contentUrl":"https:\/\/granvelada.com\/blog\/wp-content\/uploads\/2015\/06\/hacervelas-granvelada.jpg","width":851,"height":315,"caption":"Granvelada.com"},"image":{"@id":"https:\/\/granvelada.com\/blog\/#\/schema\/logo\/image\/"},"sameAs":["https:\/\/www.pinterest.com\/hacerjabon\/","https:\/\/www.youtube.com\/user\/hacerjabones","https:\/\/es-la.facebook.com\/hacerjabon","https:\/\/twitter.com\/granvelada"]},{"@type":"Person","@id":"https:\/\/granvelada.com\/blog\/#\/schema\/person\/79a0c8033911e0b07bad40e7b4beb5e5","name":"contacto@granvelada.com","image":{"@type":"ImageObject","inLanguage":"es","@id":"https:\/\/granvelada.com\/blog\/#\/schema\/person\/image\/","url":"https:\/\/secure.gravatar.com\/avatar\/e958d5c17339949fb4785a9125a88aeee44e33d213fb1dc61944c17f81676f25?s=96&d=mm&r=g","contentUrl":"https:\/\/secure.gravatar.com\/avatar\/e958d5c17339949fb4785a9125a88aeee44e33d213fb1dc61944c17f81676f25?s=96&d=mm&r=g","caption":"contacto@granvelada.com"}}]}},"_links":{"self":[{"href":"https:\/\/granvelada.com\/blog\/wp-json\/wp\/v2\/posts\/2201","targetHints":{"allow":["GET"]}}],"collection":[{"href":"https:\/\/granvelada.com\/blog\/wp-json\/wp\/v2\/posts"}],"about":[{"href":"https:\/\/granvelada.com\/blog\/wp-json\/wp\/v2\/types\/post"}],"author":[{"embeddable":true,"href":"https:\/\/granvelada.com\/blog\/wp-json\/wp\/v2\/users\/11"}],"replies":[{"embeddable":true,"href":"https:\/\/granvelada.com\/blog\/wp-json\/wp\/v2\/comments?post=2201"}],"version-history":[{"count":2,"href":"https:\/\/granvelada.com\/blog\/wp-json\/wp\/v2\/posts\/2201\/revisions"}],"predecessor-version":[{"id":11629,"href":"https:\/\/granvelada.com\/blog\/wp-json\/wp\/v2\/posts\/2201\/revisions\/11629"}],"wp:featuredmedia":[{"embeddable":true,"href":"https:\/\/granvelada.com\/blog\/wp-json\/wp\/v2\/media\/2206"}],"wp:attachment":[{"href":"https:\/\/granvelada.com\/blog\/wp-json\/wp\/v2\/media?parent=2201"}],"wp:term":[{"taxonomy":"category","embeddable":true,"href":"https:\/\/granvelada.com\/blog\/wp-json\/wp\/v2\/categories?post=2201"},{"taxonomy":"post_tag","embeddable":true,"href":"https:\/\/granvelada.com\/blog\/wp-json\/wp\/v2\/tags?post=2201"}],"curies":[{"name":"wp","href":"https:\/\/api.w.org\/{rel}","templated":true}]}}