{"id":21684,"date":"2024-08-05T13:31:12","date_gmt":"2024-08-05T11:31:12","guid":{"rendered":"https:\/\/granvelada.com\/blog\/?p=21684"},"modified":"2024-09-09T12:05:19","modified_gmt":"2024-09-09T10:05:19","slug":"cosmetica-casera-con-thermomix-una-revolucion-en-tu-rutina-de-belleza","status":"publish","type":"post","link":"https:\/\/granvelada.com\/blog\/cosmetica-casera-con-thermomix-una-revolucion-en-tu-rutina-de-belleza\/","title":{"rendered":"Cosm\u00e9tica casera con Thermomix: Una revoluci\u00f3n en tu rutina de Belleza"},"content":{"rendered":"\n<p>\u00a1Bienvenidos a un mundo donde la tecnolog\u00eda se une a la belleza! Si alguna vez has so\u00f1ado con crear tus propios productos cosm\u00e9ticos en casa, est\u00e1s en el lugar indicado. Con la ayuda de tu Thermomix, es m\u00e1s f\u00e1cil que nunca elaborar cremas, acondicionadores y champ\u00fas personalizados que se adapten perfectamente a tus necesidades y preferencias. <\/p>\n\n\n\n<p>En este post, te guiaremos paso a paso para que descubras c\u00f3mo hacer cosm\u00e9tica casera con Thermomix, una forma pr\u00e1ctica, econ\u00f3mica y natural de cuidar tu piel y cabello. \u00a1Vamos all\u00e1..!<\/p>\n\n\n\n<!--more-->\n\n\n<div class=\"wp-block-image\">\n<figure class=\"aligncenter size-large is-resized\"><img title=\" \"loading=\"lazy\" decoding=\"async\" src=\"https:\/\/granvelada.com\/blog\/wp-content\/uploads\/2024\/08\/como-hacer-champu-con-thermomix-848x477.jpg\" alt=\" \" class=\"wp-image-21705\" width=\"1229\" height=\"691\" srcset=\"https:\/\/granvelada.com\/blog\/wp-content\/uploads\/2024\/08\/como-hacer-champu-con-thermomix-848x477.jpg 848w, https:\/\/granvelada.com\/blog\/wp-content\/uploads\/2024\/08\/como-hacer-champu-con-thermomix-387x218.jpg 387w, https:\/\/granvelada.com\/blog\/wp-content\/uploads\/2024\/08\/como-hacer-champu-con-thermomix-129x73.jpg 129w, https:\/\/granvelada.com\/blog\/wp-content\/uploads\/2024\/08\/como-hacer-champu-con-thermomix-768x432.jpg 768w, https:\/\/granvelada.com\/blog\/wp-content\/uploads\/2024\/08\/como-hacer-champu-con-thermomix-300x169.jpg 300w, https:\/\/granvelada.com\/blog\/wp-content\/uploads\/2024\/08\/como-hacer-champu-con-thermomix-317x178.jpg 317w, https:\/\/granvelada.com\/blog\/wp-content\/uploads\/2024\/08\/como-hacer-champu-con-thermomix-424x239.jpg 424w, https:\/\/granvelada.com\/blog\/wp-content\/uploads\/2024\/08\/como-hacer-champu-con-thermomix.jpg 896w, https:\/\/granvelada.com\/blog\/wp-content\/uploads\/2024\/08\/como-hacer-champu-con-thermomix-581x327.jpg 581w, https:\/\/granvelada.com\/blog\/wp-content\/uploads\/2024\/08\/como-hacer-champu-con-thermomix-310x174.jpg 310w, https:\/\/granvelada.com\/blog\/wp-content\/uploads\/2024\/08\/como-hacer-champu-con-thermomix-232x131.jpg 232w, https:\/\/granvelada.com\/blog\/wp-content\/uploads\/2024\/08\/como-hacer-champu-con-thermomix-275x155.jpg 275w\" sizes=\"auto, (max-width: 1229px) 100vw, 1229px\" \/><\/figure>\n<\/div>\n\n\n<p>Te vamos a mostrar 3 diferentes recetas, pero te avanzo que iremos a\u00f1adiendo los proximos meses m\u00e1s recetas a este post.. Todas las recetas son f\u00e1ciles de hacer, si estas habituada a manejar la Thermomix no tendr\u00e1s ning\u00fan tipo de dificultad, si por cualquier cosa tienes cualquier duda o sugerencia puedes ponerte en contacto con nosotros en soporte@granvelada.com y\/o en el 976867474<\/p>\n\n\n\n<p>Comienza tu aventura en la cosm\u00e9tica casera con una crema facial que hidrata y nutre tu piel de manera natural. Esta receta f\u00e1cil y econ\u00f3mica te permitir\u00e1 disfrutar de un producto personalizado y libre de qu\u00edmicos da\u00f1inos.<\/p>\n\n\n\n<p>La crema facial casera con Thermomix hidrata y nutre la piel usando ingredientes naturales como aceite de almendras y cera de abejas. Es f\u00e1cil de hacer, econ\u00f3mica y personalizable, evitando qu\u00edmicos agresivos y reduciendo residuos pl\u00e1sticos.<\/p>\n\n\n<div class=\"wp-block-image\">\n<figure class=\"aligncenter size-large is-resized\"><img title=\" \"loading=\"lazy\" decoding=\"async\" src=\"https:\/\/granvelada.com\/blog\/wp-content\/uploads\/2024\/08\/como-hacer-crema-facial-con-thermomix-848x477.jpg\" alt=\" \" class=\"wp-image-21706\" width=\"1227\" height=\"690\" srcset=\"https:\/\/granvelada.com\/blog\/wp-content\/uploads\/2024\/08\/como-hacer-crema-facial-con-thermomix-848x477.jpg 848w, https:\/\/granvelada.com\/blog\/wp-content\/uploads\/2024\/08\/como-hacer-crema-facial-con-thermomix-387x218.jpg 387w, https:\/\/granvelada.com\/blog\/wp-content\/uploads\/2024\/08\/como-hacer-crema-facial-con-thermomix-129x73.jpg 129w, https:\/\/granvelada.com\/blog\/wp-content\/uploads\/2024\/08\/como-hacer-crema-facial-con-thermomix-768x432.jpg 768w, https:\/\/granvelada.com\/blog\/wp-content\/uploads\/2024\/08\/como-hacer-crema-facial-con-thermomix-300x169.jpg 300w, https:\/\/granvelada.com\/blog\/wp-content\/uploads\/2024\/08\/como-hacer-crema-facial-con-thermomix-317x178.jpg 317w, https:\/\/granvelada.com\/blog\/wp-content\/uploads\/2024\/08\/como-hacer-crema-facial-con-thermomix-424x239.jpg 424w, https:\/\/granvelada.com\/blog\/wp-content\/uploads\/2024\/08\/como-hacer-crema-facial-con-thermomix-896x504.jpg 896w, https:\/\/granvelada.com\/blog\/wp-content\/uploads\/2024\/08\/como-hacer-crema-facial-con-thermomix-581x327.jpg 581w, https:\/\/granvelada.com\/blog\/wp-content\/uploads\/2024\/08\/como-hacer-crema-facial-con-thermomix-310x174.jpg 310w, https:\/\/granvelada.com\/blog\/wp-content\/uploads\/2024\/08\/como-hacer-crema-facial-con-thermomix-232x131.jpg 232w, https:\/\/granvelada.com\/blog\/wp-content\/uploads\/2024\/08\/como-hacer-crema-facial-con-thermomix-275x155.jpg 275w, https:\/\/granvelada.com\/blog\/wp-content\/uploads\/2024\/08\/como-hacer-crema-facial-con-thermomix-1000x563.jpg 1000w, https:\/\/granvelada.com\/blog\/wp-content\/uploads\/2024\/08\/como-hacer-crema-facial-con-thermomix-947x533.jpg 947w, https:\/\/granvelada.com\/blog\/wp-content\/uploads\/2024\/08\/como-hacer-crema-facial-con-thermomix.jpg 1280w\" sizes=\"auto, (max-width: 1227px) 100vw, 1227px\" \/><\/figure>\n<\/div>\n\n\n<p>Dale a tu cabello el cuidado que merece con este acondicionador capilar reparador, ideal para revitalizar y desenredar el cabello da\u00f1ado. Aprender\u00e1s a crear un acondicionador que fortalece y suaviza tu melena de forma efectiva y natural.<\/p>\n\n\n\n<p>Con la receta de  acondicionador capilar reparador con Thermomix podr\u00e1s hacer un acondicionador que revitaliza y desenreda el cabello con ingredientes como aceite de coco y pantenol. F\u00e1cil de preparar, fortalece y suaviza tu melena de forma natural, reduciendo el uso de productos qu\u00edmicos comerciales.<\/p>\n\n\n<div class=\"wp-block-image\">\n<figure class=\"aligncenter size-large is-resized\"><img title=\" \"loading=\"lazy\" decoding=\"async\" src=\"https:\/\/granvelada.com\/blog\/wp-content\/uploads\/2024\/08\/image-848x477.png\" alt=\" \" class=\"wp-image-21707\" width=\"1195\" height=\"672\" srcset=\"https:\/\/granvelada.com\/blog\/wp-content\/uploads\/2024\/08\/image-848x477.png 848w, https:\/\/granvelada.com\/blog\/wp-content\/uploads\/2024\/08\/image-387x218.png 387w, https:\/\/granvelada.com\/blog\/wp-content\/uploads\/2024\/08\/image-129x73.png 129w, https:\/\/granvelada.com\/blog\/wp-content\/uploads\/2024\/08\/image-768x432.png 768w, https:\/\/granvelada.com\/blog\/wp-content\/uploads\/2024\/08\/image-300x169.png 300w, https:\/\/granvelada.com\/blog\/wp-content\/uploads\/2024\/08\/image-317x178.png 317w, https:\/\/granvelada.com\/blog\/wp-content\/uploads\/2024\/08\/image-424x239.png 424w, https:\/\/granvelada.com\/blog\/wp-content\/uploads\/2024\/08\/image.png 896w, https:\/\/granvelada.com\/blog\/wp-content\/uploads\/2024\/08\/image-581x327.png 581w, https:\/\/granvelada.com\/blog\/wp-content\/uploads\/2024\/08\/image-310x174.png 310w, https:\/\/granvelada.com\/blog\/wp-content\/uploads\/2024\/08\/image-232x131.png 232w, https:\/\/granvelada.com\/blog\/wp-content\/uploads\/2024\/08\/image-275x155.png 275w\" sizes=\"auto, (max-width: 1195px) 100vw, 1195px\" \/><\/figure>\n<\/div>\n\n\n<p>La receta del champ\u00fa casero con Thermomix utiliza ingredientes naturales como el tensioactivo SCI y el aceite de arg\u00e1n para limpiar y nutrir el cabello. Su f\u00f3rmula es f\u00e1cil de preparar y personalizada, proporcionando una alternativa saludable y libre de qu\u00edmicos agresivos a los champ\u00fas comerciales.<\/p>\n\n\n\n<p>Limpia y fortalece tu cabello con un champ\u00fa casero, libre de qu\u00edmicos agresivos y hecho a medida para ti. Este champ\u00fa no solo limpiar\u00e1 tu cabello, sino que tambi\u00e9n lo nutrir\u00e1, dej\u00e1ndolo suave y brillante.<\/p>\n\n\n<div class=\"wp-block-image\">\n<figure class=\"aligncenter size-large is-resized\"><img title=\" \"loading=\"lazy\" decoding=\"async\" src=\"https:\/\/granvelada.com\/blog\/wp-content\/uploads\/2024\/08\/image-1-848x477.png\" alt=\" \" class=\"wp-image-21708\" width=\"1187\" height=\"668\" srcset=\"https:\/\/granvelada.com\/blog\/wp-content\/uploads\/2024\/08\/image-1-848x477.png 848w, https:\/\/granvelada.com\/blog\/wp-content\/uploads\/2024\/08\/image-1-387x218.png 387w, https:\/\/granvelada.com\/blog\/wp-content\/uploads\/2024\/08\/image-1-129x73.png 129w, https:\/\/granvelada.com\/blog\/wp-content\/uploads\/2024\/08\/image-1-768x432.png 768w, https:\/\/granvelada.com\/blog\/wp-content\/uploads\/2024\/08\/image-1-300x169.png 300w, https:\/\/granvelada.com\/blog\/wp-content\/uploads\/2024\/08\/image-1-317x178.png 317w, https:\/\/granvelada.com\/blog\/wp-content\/uploads\/2024\/08\/image-1-424x239.png 424w, https:\/\/granvelada.com\/blog\/wp-content\/uploads\/2024\/08\/image-1.png 896w, https:\/\/granvelada.com\/blog\/wp-content\/uploads\/2024\/08\/image-1-581x327.png 581w, https:\/\/granvelada.com\/blog\/wp-content\/uploads\/2024\/08\/image-1-310x174.png 310w, https:\/\/granvelada.com\/blog\/wp-content\/uploads\/2024\/08\/image-1-232x131.png 232w, https:\/\/granvelada.com\/blog\/wp-content\/uploads\/2024\/08\/image-1-275x155.png 275w\" sizes=\"auto, (max-width: 1187px) 100vw, 1187px\" \/><\/figure>\n<\/div>\n\n\n<h2 class=\"wp-block-heading\">C\u00f3mo hacer crema facial con Thermomix: <\/h2>\n\n\n\n<p><strong>\u00bfPor qu\u00e9 hacer tu propia crema facial?<\/strong><br>Hacer tu propia crema facial te permite controlar los ingredientes y evitar qu\u00edmicos da\u00f1inos. Puedes adaptar la f\u00f3rmula a las necesidades espec\u00edficas de tu piel, asegurando un cuidado personalizado y efectivo. Adem\u00e1s, es una opci\u00f3n m\u00e1s sostenible y econ\u00f3mica.<\/p>\n\n\n\n<ul class=\"wp-block-list\">\n<li>Dificultad: F\u00e1cil<\/li>\n\n\n\n<li>Tiempo de preparaci\u00f3n: 20 minutos<\/li>\n<\/ul>\n\n\n\n<p><strong>\u00bfQue materiales necesitas para hacer Crema Hidratante con Thermomix? <\/strong><\/p>\n\n\n\n<ul class=\"wp-block-list\">\n<li><a href=\"https:\/\/granvelada.com\/es\/leches-aguas-extractos-hidrolatos-para-cosmetica\/7327-agua-purificada.html\" target=\"_blank\" rel=\"noreferrer noopener\">570 g de Agua Purificada<\/a><\/li>\n\n\n\n<li><a href=\"https:\/\/granvelada.com\/es\/ceras-y-parafinas-para-velas-y-cosmetica\/970-cera-lanette-cetearyl-alcy-sodium-cetearylsulfaf.html\" target=\"_blank\" rel=\"noreferrer noopener\">70 g de Cera Lanette N<\/a><\/li>\n\n\n\n<li><a href=\"https:\/\/granvelada.com\/es\/donde-comprar-aceites-mantecas-para-jabon-cosmetica\/435-comprar-aceite-de-germens-de-trigo.html\" target=\"_blank\" rel=\"noreferrer noopener\">300 g de Aceite de Germen de Trigo<\/a><\/li>\n\n\n\n<li><a href=\"https:\/\/granvelada.com\/es\/productos-quimicos\/450-comprar-propilenglicol.html\" target=\"_blank\" rel=\"noreferrer noopener\">50 g de Propilenglicol<\/a><\/li>\n\n\n\n<li><a href=\"https:\/\/granvelada.com\/es\/principio-activo\/2965-coenzima-q-10.html\" target=\"_blank\" rel=\"noreferrer noopener\">1 g de Coenzima Q10<\/a><\/li>\n\n\n\n<li><a href=\"https:\/\/granvelada.com\/es\/donde-comprar-esencias-para-hacer-jabones-jabon-velas-perfumes\/566-donde-comprar-esencia-aromatica-de-vainilla.html\" target=\"_blank\" rel=\"noreferrer noopener\">Esencia arom\u00e1tica de Vainilla <\/a><\/li>\n\n\n\n<li><a href=\"https:\/\/granvelada.com\/es\/regulador-ph\/2896-conservante-y-antimicrobiano-natural-libre-de-parabenos.html\" target=\"_blank\" rel=\"noreferrer noopener\">10 g de Sharomix (conservante)<\/a><\/li>\n\n\n\n<li>1<a href=\"https:\/\/granvelada.com\/es\/regulador-ph\/452-vitamina-e-tocoferol-conservante-cremas-y-jabones.html\" target=\"_blank\" rel=\"noreferrer noopener\">0 g de Vitamina E<\/a><\/li>\n\n\n\n<li><a href=\"https:\/\/granvelada.com\/es\/envases-para-cosmetica\/8993-tarro-plastico-blanco-100-ml.html\" target=\"_blank\" rel=\"noreferrer noopener\">Un tarro de pl\u00e1stico blanco de 100 g para envasar<\/a><\/li>\n\n\n\n<li><a href=\"https:\/\/granvelada.com\/es\/pegatinas-cosmetica\/8643-pegatinas-crema-hidratante.html\" target=\"_blank\" rel=\"noreferrer noopener\">Pegatinas para etiquetar la crema<\/a><\/li>\n<\/ul>\n\n\n<div class=\"wp-block-image\">\n<figure class=\"aligncenter size-full is-resized\"><img title=\" \"loading=\"lazy\" decoding=\"async\" src=\"https:\/\/granvelada.com\/blog\/wp-content\/uploads\/2024\/07\/image-7.png\" alt=\" \" class=\"wp-image-21498\" width=\"1184\" height=\"131\" srcset=\"https:\/\/granvelada.com\/blog\/wp-content\/uploads\/2024\/07\/image-7.png 848w, https:\/\/granvelada.com\/blog\/wp-content\/uploads\/2024\/07\/image-7-387x43.png 387w, https:\/\/granvelada.com\/blog\/wp-content\/uploads\/2024\/07\/image-7-768x85.png 768w\" sizes=\"auto, (max-width: 1184px) 100vw, 1184px\" \/><figcaption class=\"wp-element-caption\">COMPRA AQUI LOD MATERIALES PAR AHACER CREMAS CON THERMOMIX.<\/figcaption><\/figure>\n<\/div>\n\n\n<h3 class=\"wp-block-heading\">Paso a paso para hacer crema facial con Thermomix:<\/h3>\n\n\n\n<ul class=\"wp-block-list\">\n<li>Primer paso: Vierte 50 ml de agua destilada en el vaso de la Thermomix y calienta a 70\u00b0C durante 5 minutos a velocidad 1.<\/li>\n\n\n\n<li>Segundo paso: A\u00f1ade 20 g de cera de abejas y mezcla a velocidad 3 hasta que se derrita completamente.<\/li>\n\n\n\n<li>Tercer paso: Incorpora 30 ml de aceite de almendras y 10 ml de glicerina l\u00edquida. Mezcla durante 3 minutos a velocidad 4.<\/li>\n\n\n\n<li>Cuarto paso: Agrega 5 gotas de aceite esencial de lavanda y mezcla 1 minuto a velocidad 2.<\/li>\n\n\n\n<li>Quinto paso: Vierte la mezcla en un frasco para crema y deja enfriar a temperatura ambiente antes de usar.<\/li>\n<\/ul>\n\n\n\n<figure class=\"wp-block-gallery has-nested-images columns-default is-cropped wp-block-gallery-1 is-layout-flex wp-block-gallery-is-layout-flex\">\n<figure class=\"wp-block-image size-large\"><img title=\" \"loading=\"lazy\" decoding=\"async\" width=\"848\" height=\"477\" data-id=\"21699\" src=\"https:\/\/granvelada.com\/blog\/wp-content\/uploads\/2024\/08\/crema-facial-diy-thermomix-848x477.jpg\" alt=\" \" class=\"wp-image-21699\" srcset=\"https:\/\/granvelada.com\/blog\/wp-content\/uploads\/2024\/08\/crema-facial-diy-thermomix-848x477.jpg 848w, https:\/\/granvelada.com\/blog\/wp-content\/uploads\/2024\/08\/crema-facial-diy-thermomix-387x218.jpg 387w, https:\/\/granvelada.com\/blog\/wp-content\/uploads\/2024\/08\/crema-facial-diy-thermomix-129x73.jpg 129w, https:\/\/granvelada.com\/blog\/wp-content\/uploads\/2024\/08\/crema-facial-diy-thermomix-768x432.jpg 768w, https:\/\/granvelada.com\/blog\/wp-content\/uploads\/2024\/08\/crema-facial-diy-thermomix-300x169.jpg 300w, https:\/\/granvelada.com\/blog\/wp-content\/uploads\/2024\/08\/crema-facial-diy-thermomix-317x178.jpg 317w, https:\/\/granvelada.com\/blog\/wp-content\/uploads\/2024\/08\/crema-facial-diy-thermomix-424x239.jpg 424w, https:\/\/granvelada.com\/blog\/wp-content\/uploads\/2024\/08\/crema-facial-diy-thermomix-896x504.jpg 896w, https:\/\/granvelada.com\/blog\/wp-content\/uploads\/2024\/08\/crema-facial-diy-thermomix-581x327.jpg 581w, https:\/\/granvelada.com\/blog\/wp-content\/uploads\/2024\/08\/crema-facial-diy-thermomix-310x174.jpg 310w, https:\/\/granvelada.com\/blog\/wp-content\/uploads\/2024\/08\/crema-facial-diy-thermomix-232x131.jpg 232w, https:\/\/granvelada.com\/blog\/wp-content\/uploads\/2024\/08\/crema-facial-diy-thermomix-275x155.jpg 275w, https:\/\/granvelada.com\/blog\/wp-content\/uploads\/2024\/08\/crema-facial-diy-thermomix-1000x563.jpg 1000w, https:\/\/granvelada.com\/blog\/wp-content\/uploads\/2024\/08\/crema-facial-diy-thermomix-947x533.jpg 947w, https:\/\/granvelada.com\/blog\/wp-content\/uploads\/2024\/08\/crema-facial-diy-thermomix.jpg 1280w\" sizes=\"auto, (max-width: 848px) 100vw, 848px\" \/><\/figure>\n\n\n\n<figure class=\"wp-block-image size-large\"><img title=\" \"loading=\"lazy\" decoding=\"async\" width=\"848\" height=\"477\" data-id=\"21698\" src=\"https:\/\/granvelada.com\/blog\/wp-content\/uploads\/2024\/08\/crema-facial-diy-thermomix2-848x477.jpg\" alt=\" \" class=\"wp-image-21698\" srcset=\"https:\/\/granvelada.com\/blog\/wp-content\/uploads\/2024\/08\/crema-facial-diy-thermomix2-848x477.jpg 848w, https:\/\/granvelada.com\/blog\/wp-content\/uploads\/2024\/08\/crema-facial-diy-thermomix2-387x218.jpg 387w, https:\/\/granvelada.com\/blog\/wp-content\/uploads\/2024\/08\/crema-facial-diy-thermomix2-129x73.jpg 129w, https:\/\/granvelada.com\/blog\/wp-content\/uploads\/2024\/08\/crema-facial-diy-thermomix2-768x432.jpg 768w, https:\/\/granvelada.com\/blog\/wp-content\/uploads\/2024\/08\/crema-facial-diy-thermomix2-300x169.jpg 300w, https:\/\/granvelada.com\/blog\/wp-content\/uploads\/2024\/08\/crema-facial-diy-thermomix2-317x178.jpg 317w, https:\/\/granvelada.com\/blog\/wp-content\/uploads\/2024\/08\/crema-facial-diy-thermomix2-424x239.jpg 424w, https:\/\/granvelada.com\/blog\/wp-content\/uploads\/2024\/08\/crema-facial-diy-thermomix2-896x504.jpg 896w, https:\/\/granvelada.com\/blog\/wp-content\/uploads\/2024\/08\/crema-facial-diy-thermomix2-581x327.jpg 581w, https:\/\/granvelada.com\/blog\/wp-content\/uploads\/2024\/08\/crema-facial-diy-thermomix2-310x174.jpg 310w, https:\/\/granvelada.com\/blog\/wp-content\/uploads\/2024\/08\/crema-facial-diy-thermomix2-232x131.jpg 232w, https:\/\/granvelada.com\/blog\/wp-content\/uploads\/2024\/08\/crema-facial-diy-thermomix2-275x155.jpg 275w, https:\/\/granvelada.com\/blog\/wp-content\/uploads\/2024\/08\/crema-facial-diy-thermomix2-1000x563.jpg 1000w, https:\/\/granvelada.com\/blog\/wp-content\/uploads\/2024\/08\/crema-facial-diy-thermomix2-947x533.jpg 947w, https:\/\/granvelada.com\/blog\/wp-content\/uploads\/2024\/08\/crema-facial-diy-thermomix2.jpg 1280w\" sizes=\"auto, (max-width: 848px) 100vw, 848px\" \/><\/figure>\n\n\n\n<figure class=\"wp-block-image size-large\"><img title=\" \"loading=\"lazy\" decoding=\"async\" width=\"848\" height=\"477\" data-id=\"21697\" src=\"https:\/\/granvelada.com\/blog\/wp-content\/uploads\/2024\/08\/crema-facial-diy-thermomix3-848x477.jpg\" alt=\" \" class=\"wp-image-21697\" srcset=\"https:\/\/granvelada.com\/blog\/wp-content\/uploads\/2024\/08\/crema-facial-diy-thermomix3-848x477.jpg 848w, https:\/\/granvelada.com\/blog\/wp-content\/uploads\/2024\/08\/crema-facial-diy-thermomix3-387x218.jpg 387w, https:\/\/granvelada.com\/blog\/wp-content\/uploads\/2024\/08\/crema-facial-diy-thermomix3-129x73.jpg 129w, https:\/\/granvelada.com\/blog\/wp-content\/uploads\/2024\/08\/crema-facial-diy-thermomix3-768x432.jpg 768w, https:\/\/granvelada.com\/blog\/wp-content\/uploads\/2024\/08\/crema-facial-diy-thermomix3-300x169.jpg 300w, https:\/\/granvelada.com\/blog\/wp-content\/uploads\/2024\/08\/crema-facial-diy-thermomix3-317x178.jpg 317w, https:\/\/granvelada.com\/blog\/wp-content\/uploads\/2024\/08\/crema-facial-diy-thermomix3-424x239.jpg 424w, https:\/\/granvelada.com\/blog\/wp-content\/uploads\/2024\/08\/crema-facial-diy-thermomix3-896x504.jpg 896w, https:\/\/granvelada.com\/blog\/wp-content\/uploads\/2024\/08\/crema-facial-diy-thermomix3-581x327.jpg 581w, https:\/\/granvelada.com\/blog\/wp-content\/uploads\/2024\/08\/crema-facial-diy-thermomix3-310x174.jpg 310w, https:\/\/granvelada.com\/blog\/wp-content\/uploads\/2024\/08\/crema-facial-diy-thermomix3-232x131.jpg 232w, https:\/\/granvelada.com\/blog\/wp-content\/uploads\/2024\/08\/crema-facial-diy-thermomix3-275x155.jpg 275w, https:\/\/granvelada.com\/blog\/wp-content\/uploads\/2024\/08\/crema-facial-diy-thermomix3-1000x563.jpg 1000w, https:\/\/granvelada.com\/blog\/wp-content\/uploads\/2024\/08\/crema-facial-diy-thermomix3-947x533.jpg 947w, https:\/\/granvelada.com\/blog\/wp-content\/uploads\/2024\/08\/crema-facial-diy-thermomix3.jpg 1280w\" sizes=\"auto, (max-width: 848px) 100vw, 848px\" \/><\/figure>\n\n\n\n<figure class=\"wp-block-image size-large\"><img title=\" \"loading=\"lazy\" decoding=\"async\" width=\"848\" height=\"477\" data-id=\"21696\" src=\"https:\/\/granvelada.com\/blog\/wp-content\/uploads\/2024\/08\/crema-facial-diy-thermomix4-848x477.jpg\" alt=\" \" class=\"wp-image-21696\" srcset=\"https:\/\/granvelada.com\/blog\/wp-content\/uploads\/2024\/08\/crema-facial-diy-thermomix4-848x477.jpg 848w, https:\/\/granvelada.com\/blog\/wp-content\/uploads\/2024\/08\/crema-facial-diy-thermomix4-387x218.jpg 387w, https:\/\/granvelada.com\/blog\/wp-content\/uploads\/2024\/08\/crema-facial-diy-thermomix4-129x73.jpg 129w, https:\/\/granvelada.com\/blog\/wp-content\/uploads\/2024\/08\/crema-facial-diy-thermomix4-768x432.jpg 768w, https:\/\/granvelada.com\/blog\/wp-content\/uploads\/2024\/08\/crema-facial-diy-thermomix4-300x169.jpg 300w, https:\/\/granvelada.com\/blog\/wp-content\/uploads\/2024\/08\/crema-facial-diy-thermomix4-317x178.jpg 317w, https:\/\/granvelada.com\/blog\/wp-content\/uploads\/2024\/08\/crema-facial-diy-thermomix4-424x239.jpg 424w, https:\/\/granvelada.com\/blog\/wp-content\/uploads\/2024\/08\/crema-facial-diy-thermomix4-896x504.jpg 896w, https:\/\/granvelada.com\/blog\/wp-content\/uploads\/2024\/08\/crema-facial-diy-thermomix4-581x327.jpg 581w, https:\/\/granvelada.com\/blog\/wp-content\/uploads\/2024\/08\/crema-facial-diy-thermomix4-310x174.jpg 310w, https:\/\/granvelada.com\/blog\/wp-content\/uploads\/2024\/08\/crema-facial-diy-thermomix4-232x131.jpg 232w, https:\/\/granvelada.com\/blog\/wp-content\/uploads\/2024\/08\/crema-facial-diy-thermomix4-275x155.jpg 275w, https:\/\/granvelada.com\/blog\/wp-content\/uploads\/2024\/08\/crema-facial-diy-thermomix4-1000x563.jpg 1000w, https:\/\/granvelada.com\/blog\/wp-content\/uploads\/2024\/08\/crema-facial-diy-thermomix4-947x533.jpg 947w, https:\/\/granvelada.com\/blog\/wp-content\/uploads\/2024\/08\/crema-facial-diy-thermomix4.jpg 1280w\" sizes=\"auto, (max-width: 848px) 100vw, 848px\" \/><\/figure>\n\n\n\n<figure class=\"wp-block-image size-large\"><img title=\" \"loading=\"lazy\" decoding=\"async\" width=\"848\" height=\"477\" data-id=\"21695\" src=\"https:\/\/granvelada.com\/blog\/wp-content\/uploads\/2024\/08\/crema-facial-diy-thermomix5-848x477.jpg\" alt=\" \" class=\"wp-image-21695\" srcset=\"https:\/\/granvelada.com\/blog\/wp-content\/uploads\/2024\/08\/crema-facial-diy-thermomix5-848x477.jpg 848w, https:\/\/granvelada.com\/blog\/wp-content\/uploads\/2024\/08\/crema-facial-diy-thermomix5-387x218.jpg 387w, https:\/\/granvelada.com\/blog\/wp-content\/uploads\/2024\/08\/crema-facial-diy-thermomix5-129x73.jpg 129w, https:\/\/granvelada.com\/blog\/wp-content\/uploads\/2024\/08\/crema-facial-diy-thermomix5-768x432.jpg 768w, https:\/\/granvelada.com\/blog\/wp-content\/uploads\/2024\/08\/crema-facial-diy-thermomix5-300x169.jpg 300w, https:\/\/granvelada.com\/blog\/wp-content\/uploads\/2024\/08\/crema-facial-diy-thermomix5-317x178.jpg 317w, https:\/\/granvelada.com\/blog\/wp-content\/uploads\/2024\/08\/crema-facial-diy-thermomix5-424x239.jpg 424w, https:\/\/granvelada.com\/blog\/wp-content\/uploads\/2024\/08\/crema-facial-diy-thermomix5-896x504.jpg 896w, https:\/\/granvelada.com\/blog\/wp-content\/uploads\/2024\/08\/crema-facial-diy-thermomix5-581x327.jpg 581w, https:\/\/granvelada.com\/blog\/wp-content\/uploads\/2024\/08\/crema-facial-diy-thermomix5-310x174.jpg 310w, https:\/\/granvelada.com\/blog\/wp-content\/uploads\/2024\/08\/crema-facial-diy-thermomix5-232x131.jpg 232w, https:\/\/granvelada.com\/blog\/wp-content\/uploads\/2024\/08\/crema-facial-diy-thermomix5-275x155.jpg 275w, https:\/\/granvelada.com\/blog\/wp-content\/uploads\/2024\/08\/crema-facial-diy-thermomix5-1000x563.jpg 1000w, https:\/\/granvelada.com\/blog\/wp-content\/uploads\/2024\/08\/crema-facial-diy-thermomix5-947x533.jpg 947w, https:\/\/granvelada.com\/blog\/wp-content\/uploads\/2024\/08\/crema-facial-diy-thermomix5.jpg 1280w\" sizes=\"auto, (max-width: 848px) 100vw, 848px\" \/><\/figure>\n\n\n\n<figure class=\"wp-block-image size-large\"><img title=\" \"loading=\"lazy\" decoding=\"async\" width=\"848\" height=\"477\" data-id=\"21688\" src=\"https:\/\/granvelada.com\/blog\/wp-content\/uploads\/2024\/08\/crema-facial-diy-thermomix6-848x477.jpg\" alt=\" \" class=\"wp-image-21688\" srcset=\"https:\/\/granvelada.com\/blog\/wp-content\/uploads\/2024\/08\/crema-facial-diy-thermomix6-848x477.jpg 848w, https:\/\/granvelada.com\/blog\/wp-content\/uploads\/2024\/08\/crema-facial-diy-thermomix6-387x218.jpg 387w, https:\/\/granvelada.com\/blog\/wp-content\/uploads\/2024\/08\/crema-facial-diy-thermomix6-129x73.jpg 129w, https:\/\/granvelada.com\/blog\/wp-content\/uploads\/2024\/08\/crema-facial-diy-thermomix6-768x432.jpg 768w, https:\/\/granvelada.com\/blog\/wp-content\/uploads\/2024\/08\/crema-facial-diy-thermomix6-300x169.jpg 300w, https:\/\/granvelada.com\/blog\/wp-content\/uploads\/2024\/08\/crema-facial-diy-thermomix6-317x178.jpg 317w, https:\/\/granvelada.com\/blog\/wp-content\/uploads\/2024\/08\/crema-facial-diy-thermomix6-424x239.jpg 424w, https:\/\/granvelada.com\/blog\/wp-content\/uploads\/2024\/08\/crema-facial-diy-thermomix6-896x504.jpg 896w, https:\/\/granvelada.com\/blog\/wp-content\/uploads\/2024\/08\/crema-facial-diy-thermomix6-581x327.jpg 581w, https:\/\/granvelada.com\/blog\/wp-content\/uploads\/2024\/08\/crema-facial-diy-thermomix6-310x174.jpg 310w, https:\/\/granvelada.com\/blog\/wp-content\/uploads\/2024\/08\/crema-facial-diy-thermomix6-232x131.jpg 232w, https:\/\/granvelada.com\/blog\/wp-content\/uploads\/2024\/08\/crema-facial-diy-thermomix6-275x155.jpg 275w, https:\/\/granvelada.com\/blog\/wp-content\/uploads\/2024\/08\/crema-facial-diy-thermomix6-1000x563.jpg 1000w, https:\/\/granvelada.com\/blog\/wp-content\/uploads\/2024\/08\/crema-facial-diy-thermomix6-947x533.jpg 947w, https:\/\/granvelada.com\/blog\/wp-content\/uploads\/2024\/08\/crema-facial-diy-thermomix6.jpg 1280w\" sizes=\"auto, (max-width: 848px) 100vw, 848px\" \/><\/figure>\n\n\n\n<figure class=\"wp-block-image size-large\"><img title=\" \"loading=\"lazy\" decoding=\"async\" width=\"848\" height=\"477\" data-id=\"21685\" src=\"https:\/\/granvelada.com\/blog\/wp-content\/uploads\/2024\/08\/crema-facial-diy-thermomix7-848x477.jpg\" alt=\" \" class=\"wp-image-21685\" srcset=\"https:\/\/granvelada.com\/blog\/wp-content\/uploads\/2024\/08\/crema-facial-diy-thermomix7-848x477.jpg 848w, https:\/\/granvelada.com\/blog\/wp-content\/uploads\/2024\/08\/crema-facial-diy-thermomix7-387x218.jpg 387w, https:\/\/granvelada.com\/blog\/wp-content\/uploads\/2024\/08\/crema-facial-diy-thermomix7-129x73.jpg 129w, https:\/\/granvelada.com\/blog\/wp-content\/uploads\/2024\/08\/crema-facial-diy-thermomix7-768x432.jpg 768w, https:\/\/granvelada.com\/blog\/wp-content\/uploads\/2024\/08\/crema-facial-diy-thermomix7-300x169.jpg 300w, https:\/\/granvelada.com\/blog\/wp-content\/uploads\/2024\/08\/crema-facial-diy-thermomix7-317x178.jpg 317w, https:\/\/granvelada.com\/blog\/wp-content\/uploads\/2024\/08\/crema-facial-diy-thermomix7-424x239.jpg 424w, https:\/\/granvelada.com\/blog\/wp-content\/uploads\/2024\/08\/crema-facial-diy-thermomix7-896x504.jpg 896w, https:\/\/granvelada.com\/blog\/wp-content\/uploads\/2024\/08\/crema-facial-diy-thermomix7-581x327.jpg 581w, https:\/\/granvelada.com\/blog\/wp-content\/uploads\/2024\/08\/crema-facial-diy-thermomix7-310x174.jpg 310w, https:\/\/granvelada.com\/blog\/wp-content\/uploads\/2024\/08\/crema-facial-diy-thermomix7-232x131.jpg 232w, https:\/\/granvelada.com\/blog\/wp-content\/uploads\/2024\/08\/crema-facial-diy-thermomix7-275x155.jpg 275w, https:\/\/granvelada.com\/blog\/wp-content\/uploads\/2024\/08\/crema-facial-diy-thermomix7-1000x563.jpg 1000w, https:\/\/granvelada.com\/blog\/wp-content\/uploads\/2024\/08\/crema-facial-diy-thermomix7-947x533.jpg 947w, https:\/\/granvelada.com\/blog\/wp-content\/uploads\/2024\/08\/crema-facial-diy-thermomix7.jpg 1280w\" sizes=\"auto, (max-width: 848px) 100vw, 848px\" \/><\/figure>\n\n\n\n<figure class=\"wp-block-image size-large\"><img title=\" \"loading=\"lazy\" decoding=\"async\" width=\"848\" height=\"477\" data-id=\"21693\" src=\"https:\/\/granvelada.com\/blog\/wp-content\/uploads\/2024\/08\/crema-facial-diy-thermomix9-848x477.jpg\" alt=\" \" class=\"wp-image-21693\" srcset=\"https:\/\/granvelada.com\/blog\/wp-content\/uploads\/2024\/08\/crema-facial-diy-thermomix9-848x477.jpg 848w, https:\/\/granvelada.com\/blog\/wp-content\/uploads\/2024\/08\/crema-facial-diy-thermomix9-387x218.jpg 387w, https:\/\/granvelada.com\/blog\/wp-content\/uploads\/2024\/08\/crema-facial-diy-thermomix9-129x73.jpg 129w, https:\/\/granvelada.com\/blog\/wp-content\/uploads\/2024\/08\/crema-facial-diy-thermomix9-768x432.jpg 768w, https:\/\/granvelada.com\/blog\/wp-content\/uploads\/2024\/08\/crema-facial-diy-thermomix9-300x169.jpg 300w, https:\/\/granvelada.com\/blog\/wp-content\/uploads\/2024\/08\/crema-facial-diy-thermomix9-317x178.jpg 317w, https:\/\/granvelada.com\/blog\/wp-content\/uploads\/2024\/08\/crema-facial-diy-thermomix9-424x239.jpg 424w, https:\/\/granvelada.com\/blog\/wp-content\/uploads\/2024\/08\/crema-facial-diy-thermomix9-896x504.jpg 896w, https:\/\/granvelada.com\/blog\/wp-content\/uploads\/2024\/08\/crema-facial-diy-thermomix9-581x327.jpg 581w, https:\/\/granvelada.com\/blog\/wp-content\/uploads\/2024\/08\/crema-facial-diy-thermomix9-310x174.jpg 310w, https:\/\/granvelada.com\/blog\/wp-content\/uploads\/2024\/08\/crema-facial-diy-thermomix9-232x131.jpg 232w, https:\/\/granvelada.com\/blog\/wp-content\/uploads\/2024\/08\/crema-facial-diy-thermomix9-275x155.jpg 275w, https:\/\/granvelada.com\/blog\/wp-content\/uploads\/2024\/08\/crema-facial-diy-thermomix9-1000x563.jpg 1000w, https:\/\/granvelada.com\/blog\/wp-content\/uploads\/2024\/08\/crema-facial-diy-thermomix9-947x533.jpg 947w, https:\/\/granvelada.com\/blog\/wp-content\/uploads\/2024\/08\/crema-facial-diy-thermomix9.jpg 1280w\" sizes=\"auto, (max-width: 848px) 100vw, 848px\" \/><\/figure>\n\n\n\n<figure class=\"wp-block-image size-large\"><img title=\" \"loading=\"lazy\" decoding=\"async\" width=\"848\" height=\"477\" data-id=\"21694\" src=\"https:\/\/granvelada.com\/blog\/wp-content\/uploads\/2024\/08\/crema-facial-diy-thermomix10-848x477.jpg\" alt=\" \" class=\"wp-image-21694\" srcset=\"https:\/\/granvelada.com\/blog\/wp-content\/uploads\/2024\/08\/crema-facial-diy-thermomix10-848x477.jpg 848w, https:\/\/granvelada.com\/blog\/wp-content\/uploads\/2024\/08\/crema-facial-diy-thermomix10-387x218.jpg 387w, https:\/\/granvelada.com\/blog\/wp-content\/uploads\/2024\/08\/crema-facial-diy-thermomix10-129x73.jpg 129w, https:\/\/granvelada.com\/blog\/wp-content\/uploads\/2024\/08\/crema-facial-diy-thermomix10-768x432.jpg 768w, https:\/\/granvelada.com\/blog\/wp-content\/uploads\/2024\/08\/crema-facial-diy-thermomix10-300x169.jpg 300w, https:\/\/granvelada.com\/blog\/wp-content\/uploads\/2024\/08\/crema-facial-diy-thermomix10-317x178.jpg 317w, https:\/\/granvelada.com\/blog\/wp-content\/uploads\/2024\/08\/crema-facial-diy-thermomix10-424x239.jpg 424w, https:\/\/granvelada.com\/blog\/wp-content\/uploads\/2024\/08\/crema-facial-diy-thermomix10-896x504.jpg 896w, https:\/\/granvelada.com\/blog\/wp-content\/uploads\/2024\/08\/crema-facial-diy-thermomix10-581x327.jpg 581w, https:\/\/granvelada.com\/blog\/wp-content\/uploads\/2024\/08\/crema-facial-diy-thermomix10-310x174.jpg 310w, https:\/\/granvelada.com\/blog\/wp-content\/uploads\/2024\/08\/crema-facial-diy-thermomix10-232x131.jpg 232w, https:\/\/granvelada.com\/blog\/wp-content\/uploads\/2024\/08\/crema-facial-diy-thermomix10-275x155.jpg 275w, https:\/\/granvelada.com\/blog\/wp-content\/uploads\/2024\/08\/crema-facial-diy-thermomix10-1000x563.jpg 1000w, https:\/\/granvelada.com\/blog\/wp-content\/uploads\/2024\/08\/crema-facial-diy-thermomix10-947x533.jpg 947w, https:\/\/granvelada.com\/blog\/wp-content\/uploads\/2024\/08\/crema-facial-diy-thermomix10.jpg 1280w\" sizes=\"auto, (max-width: 848px) 100vw, 848px\" \/><\/figure>\n\n\n\n<figure class=\"wp-block-image size-large\"><img title=\" \"loading=\"lazy\" decoding=\"async\" width=\"848\" height=\"477\" data-id=\"21686\" src=\"https:\/\/granvelada.com\/blog\/wp-content\/uploads\/2024\/08\/crema-facial-diy-thermomix14-848x477.jpg\" alt=\" \" class=\"wp-image-21686\" srcset=\"https:\/\/granvelada.com\/blog\/wp-content\/uploads\/2024\/08\/crema-facial-diy-thermomix14-848x477.jpg 848w, https:\/\/granvelada.com\/blog\/wp-content\/uploads\/2024\/08\/crema-facial-diy-thermomix14-387x218.jpg 387w, https:\/\/granvelada.com\/blog\/wp-content\/uploads\/2024\/08\/crema-facial-diy-thermomix14-129x73.jpg 129w, https:\/\/granvelada.com\/blog\/wp-content\/uploads\/2024\/08\/crema-facial-diy-thermomix14-768x432.jpg 768w, https:\/\/granvelada.com\/blog\/wp-content\/uploads\/2024\/08\/crema-facial-diy-thermomix14-300x169.jpg 300w, https:\/\/granvelada.com\/blog\/wp-content\/uploads\/2024\/08\/crema-facial-diy-thermomix14-317x178.jpg 317w, https:\/\/granvelada.com\/blog\/wp-content\/uploads\/2024\/08\/crema-facial-diy-thermomix14-424x239.jpg 424w, https:\/\/granvelada.com\/blog\/wp-content\/uploads\/2024\/08\/crema-facial-diy-thermomix14-896x504.jpg 896w, https:\/\/granvelada.com\/blog\/wp-content\/uploads\/2024\/08\/crema-facial-diy-thermomix14-581x327.jpg 581w, https:\/\/granvelada.com\/blog\/wp-content\/uploads\/2024\/08\/crema-facial-diy-thermomix14-310x174.jpg 310w, https:\/\/granvelada.com\/blog\/wp-content\/uploads\/2024\/08\/crema-facial-diy-thermomix14-232x131.jpg 232w, https:\/\/granvelada.com\/blog\/wp-content\/uploads\/2024\/08\/crema-facial-diy-thermomix14-275x155.jpg 275w, https:\/\/granvelada.com\/blog\/wp-content\/uploads\/2024\/08\/crema-facial-diy-thermomix14-1000x563.jpg 1000w, https:\/\/granvelada.com\/blog\/wp-content\/uploads\/2024\/08\/crema-facial-diy-thermomix14-947x533.jpg 947w, https:\/\/granvelada.com\/blog\/wp-content\/uploads\/2024\/08\/crema-facial-diy-thermomix14.jpg 1280w\" sizes=\"auto, (max-width: 848px) 100vw, 848px\" \/><\/figure>\n\n\n\n<figure class=\"wp-block-image size-large\"><img title=\" \"loading=\"lazy\" decoding=\"async\" width=\"848\" height=\"477\" data-id=\"21691\" src=\"https:\/\/granvelada.com\/blog\/wp-content\/uploads\/2024\/08\/crema-facial-diy-thermomix15-848x477.jpg\" alt=\" \" class=\"wp-image-21691\" srcset=\"https:\/\/granvelada.com\/blog\/wp-content\/uploads\/2024\/08\/crema-facial-diy-thermomix15-848x477.jpg 848w, https:\/\/granvelada.com\/blog\/wp-content\/uploads\/2024\/08\/crema-facial-diy-thermomix15-387x218.jpg 387w, https:\/\/granvelada.com\/blog\/wp-content\/uploads\/2024\/08\/crema-facial-diy-thermomix15-129x73.jpg 129w, https:\/\/granvelada.com\/blog\/wp-content\/uploads\/2024\/08\/crema-facial-diy-thermomix15-768x432.jpg 768w, https:\/\/granvelada.com\/blog\/wp-content\/uploads\/2024\/08\/crema-facial-diy-thermomix15-300x169.jpg 300w, https:\/\/granvelada.com\/blog\/wp-content\/uploads\/2024\/08\/crema-facial-diy-thermomix15-317x178.jpg 317w, https:\/\/granvelada.com\/blog\/wp-content\/uploads\/2024\/08\/crema-facial-diy-thermomix15-424x239.jpg 424w, https:\/\/granvelada.com\/blog\/wp-content\/uploads\/2024\/08\/crema-facial-diy-thermomix15-896x504.jpg 896w, https:\/\/granvelada.com\/blog\/wp-content\/uploads\/2024\/08\/crema-facial-diy-thermomix15-581x327.jpg 581w, https:\/\/granvelada.com\/blog\/wp-content\/uploads\/2024\/08\/crema-facial-diy-thermomix15-310x174.jpg 310w, https:\/\/granvelada.com\/blog\/wp-content\/uploads\/2024\/08\/crema-facial-diy-thermomix15-232x131.jpg 232w, https:\/\/granvelada.com\/blog\/wp-content\/uploads\/2024\/08\/crema-facial-diy-thermomix15-275x155.jpg 275w, https:\/\/granvelada.com\/blog\/wp-content\/uploads\/2024\/08\/crema-facial-diy-thermomix15-1000x563.jpg 1000w, https:\/\/granvelada.com\/blog\/wp-content\/uploads\/2024\/08\/crema-facial-diy-thermomix15-947x533.jpg 947w, https:\/\/granvelada.com\/blog\/wp-content\/uploads\/2024\/08\/crema-facial-diy-thermomix15.jpg 1280w\" sizes=\"auto, (max-width: 848px) 100vw, 848px\" \/><\/figure>\n\n\n\n<figure class=\"wp-block-image size-large\"><img title=\" \"loading=\"lazy\" decoding=\"async\" width=\"848\" height=\"477\" data-id=\"21692\" src=\"https:\/\/granvelada.com\/blog\/wp-content\/uploads\/2024\/08\/cremas-facial-con-thermomix-16-848x477.jpg\" alt=\" \" class=\"wp-image-21692\" srcset=\"https:\/\/granvelada.com\/blog\/wp-content\/uploads\/2024\/08\/cremas-facial-con-thermomix-16-848x477.jpg 848w, https:\/\/granvelada.com\/blog\/wp-content\/uploads\/2024\/08\/cremas-facial-con-thermomix-16-387x218.jpg 387w, https:\/\/granvelada.com\/blog\/wp-content\/uploads\/2024\/08\/cremas-facial-con-thermomix-16-129x73.jpg 129w, https:\/\/granvelada.com\/blog\/wp-content\/uploads\/2024\/08\/cremas-facial-con-thermomix-16-768x432.jpg 768w, https:\/\/granvelada.com\/blog\/wp-content\/uploads\/2024\/08\/cremas-facial-con-thermomix-16-300x169.jpg 300w, https:\/\/granvelada.com\/blog\/wp-content\/uploads\/2024\/08\/cremas-facial-con-thermomix-16-317x178.jpg 317w, https:\/\/granvelada.com\/blog\/wp-content\/uploads\/2024\/08\/cremas-facial-con-thermomix-16-424x239.jpg 424w, https:\/\/granvelada.com\/blog\/wp-content\/uploads\/2024\/08\/cremas-facial-con-thermomix-16-896x504.jpg 896w, https:\/\/granvelada.com\/blog\/wp-content\/uploads\/2024\/08\/cremas-facial-con-thermomix-16-581x327.jpg 581w, https:\/\/granvelada.com\/blog\/wp-content\/uploads\/2024\/08\/cremas-facial-con-thermomix-16-310x174.jpg 310w, https:\/\/granvelada.com\/blog\/wp-content\/uploads\/2024\/08\/cremas-facial-con-thermomix-16-232x131.jpg 232w, https:\/\/granvelada.com\/blog\/wp-content\/uploads\/2024\/08\/cremas-facial-con-thermomix-16-275x155.jpg 275w, https:\/\/granvelada.com\/blog\/wp-content\/uploads\/2024\/08\/cremas-facial-con-thermomix-16-1000x563.jpg 1000w, https:\/\/granvelada.com\/blog\/wp-content\/uploads\/2024\/08\/cremas-facial-con-thermomix-16-947x533.jpg 947w, https:\/\/granvelada.com\/blog\/wp-content\/uploads\/2024\/08\/cremas-facial-con-thermomix-16.jpg 1280w\" sizes=\"auto, (max-width: 848px) 100vw, 848px\" \/><\/figure>\n\n\n\n<figure class=\"wp-block-image size-large\"><img title=\" \"loading=\"lazy\" decoding=\"async\" width=\"848\" height=\"477\" data-id=\"21690\" src=\"https:\/\/granvelada.com\/blog\/wp-content\/uploads\/2024\/08\/crema-facial-con-thermomix-17-848x477.jpg\" alt=\" \" class=\"wp-image-21690\" srcset=\"https:\/\/granvelada.com\/blog\/wp-content\/uploads\/2024\/08\/crema-facial-con-thermomix-17-848x477.jpg 848w, https:\/\/granvelada.com\/blog\/wp-content\/uploads\/2024\/08\/crema-facial-con-thermomix-17-387x218.jpg 387w, https:\/\/granvelada.com\/blog\/wp-content\/uploads\/2024\/08\/crema-facial-con-thermomix-17-129x73.jpg 129w, https:\/\/granvelada.com\/blog\/wp-content\/uploads\/2024\/08\/crema-facial-con-thermomix-17-768x432.jpg 768w, https:\/\/granvelada.com\/blog\/wp-content\/uploads\/2024\/08\/crema-facial-con-thermomix-17-300x169.jpg 300w, https:\/\/granvelada.com\/blog\/wp-content\/uploads\/2024\/08\/crema-facial-con-thermomix-17-317x178.jpg 317w, https:\/\/granvelada.com\/blog\/wp-content\/uploads\/2024\/08\/crema-facial-con-thermomix-17-424x239.jpg 424w, https:\/\/granvelada.com\/blog\/wp-content\/uploads\/2024\/08\/crema-facial-con-thermomix-17-896x504.jpg 896w, https:\/\/granvelada.com\/blog\/wp-content\/uploads\/2024\/08\/crema-facial-con-thermomix-17-581x327.jpg 581w, https:\/\/granvelada.com\/blog\/wp-content\/uploads\/2024\/08\/crema-facial-con-thermomix-17-310x174.jpg 310w, https:\/\/granvelada.com\/blog\/wp-content\/uploads\/2024\/08\/crema-facial-con-thermomix-17-232x131.jpg 232w, https:\/\/granvelada.com\/blog\/wp-content\/uploads\/2024\/08\/crema-facial-con-thermomix-17-275x155.jpg 275w, https:\/\/granvelada.com\/blog\/wp-content\/uploads\/2024\/08\/crema-facial-con-thermomix-17-1000x563.jpg 1000w, https:\/\/granvelada.com\/blog\/wp-content\/uploads\/2024\/08\/crema-facial-con-thermomix-17-947x533.jpg 947w, https:\/\/granvelada.com\/blog\/wp-content\/uploads\/2024\/08\/crema-facial-con-thermomix-17.jpg 1280w\" sizes=\"auto, (max-width: 848px) 100vw, 848px\" \/><\/figure>\n\n\n\n<figure class=\"wp-block-image size-large\"><img title=\" \"loading=\"lazy\" decoding=\"async\" width=\"848\" height=\"477\" data-id=\"21687\" src=\"https:\/\/granvelada.com\/blog\/wp-content\/uploads\/2024\/08\/crema-facial-con-thermomix17-848x477.jpg\" alt=\" \" class=\"wp-image-21687\" srcset=\"https:\/\/granvelada.com\/blog\/wp-content\/uploads\/2024\/08\/crema-facial-con-thermomix17-848x477.jpg 848w, https:\/\/granvelada.com\/blog\/wp-content\/uploads\/2024\/08\/crema-facial-con-thermomix17-387x218.jpg 387w, https:\/\/granvelada.com\/blog\/wp-content\/uploads\/2024\/08\/crema-facial-con-thermomix17-129x73.jpg 129w, https:\/\/granvelada.com\/blog\/wp-content\/uploads\/2024\/08\/crema-facial-con-thermomix17-768x432.jpg 768w, https:\/\/granvelada.com\/blog\/wp-content\/uploads\/2024\/08\/crema-facial-con-thermomix17-300x169.jpg 300w, https:\/\/granvelada.com\/blog\/wp-content\/uploads\/2024\/08\/crema-facial-con-thermomix17-317x178.jpg 317w, https:\/\/granvelada.com\/blog\/wp-content\/uploads\/2024\/08\/crema-facial-con-thermomix17-424x239.jpg 424w, https:\/\/granvelada.com\/blog\/wp-content\/uploads\/2024\/08\/crema-facial-con-thermomix17-896x504.jpg 896w, https:\/\/granvelada.com\/blog\/wp-content\/uploads\/2024\/08\/crema-facial-con-thermomix17-581x327.jpg 581w, https:\/\/granvelada.com\/blog\/wp-content\/uploads\/2024\/08\/crema-facial-con-thermomix17-310x174.jpg 310w, https:\/\/granvelada.com\/blog\/wp-content\/uploads\/2024\/08\/crema-facial-con-thermomix17-232x131.jpg 232w, https:\/\/granvelada.com\/blog\/wp-content\/uploads\/2024\/08\/crema-facial-con-thermomix17-275x155.jpg 275w, https:\/\/granvelada.com\/blog\/wp-content\/uploads\/2024\/08\/crema-facial-con-thermomix17-1000x563.jpg 1000w, https:\/\/granvelada.com\/blog\/wp-content\/uploads\/2024\/08\/crema-facial-con-thermomix17-947x533.jpg 947w, https:\/\/granvelada.com\/blog\/wp-content\/uploads\/2024\/08\/crema-facial-con-thermomix17.jpg 1280w\" sizes=\"auto, (max-width: 848px) 100vw, 848px\" \/><\/figure>\n\n\n\n<figure class=\"wp-block-image size-large\"><img title=\" \"loading=\"lazy\" decoding=\"async\" width=\"848\" height=\"477\" data-id=\"21689\" src=\"https:\/\/granvelada.com\/blog\/wp-content\/uploads\/2024\/08\/crema-facial-con-thermomix18-848x477.jpg\" alt=\" \" class=\"wp-image-21689\" srcset=\"https:\/\/granvelada.com\/blog\/wp-content\/uploads\/2024\/08\/crema-facial-con-thermomix18-848x477.jpg 848w, https:\/\/granvelada.com\/blog\/wp-content\/uploads\/2024\/08\/crema-facial-con-thermomix18-387x218.jpg 387w, https:\/\/granvelada.com\/blog\/wp-content\/uploads\/2024\/08\/crema-facial-con-thermomix18-129x73.jpg 129w, https:\/\/granvelada.com\/blog\/wp-content\/uploads\/2024\/08\/crema-facial-con-thermomix18-768x432.jpg 768w, https:\/\/granvelada.com\/blog\/wp-content\/uploads\/2024\/08\/crema-facial-con-thermomix18-300x169.jpg 300w, https:\/\/granvelada.com\/blog\/wp-content\/uploads\/2024\/08\/crema-facial-con-thermomix18-317x178.jpg 317w, https:\/\/granvelada.com\/blog\/wp-content\/uploads\/2024\/08\/crema-facial-con-thermomix18-424x239.jpg 424w, https:\/\/granvelada.com\/blog\/wp-content\/uploads\/2024\/08\/crema-facial-con-thermomix18-896x504.jpg 896w, https:\/\/granvelada.com\/blog\/wp-content\/uploads\/2024\/08\/crema-facial-con-thermomix18-581x327.jpg 581w, https:\/\/granvelada.com\/blog\/wp-content\/uploads\/2024\/08\/crema-facial-con-thermomix18-310x174.jpg 310w, https:\/\/granvelada.com\/blog\/wp-content\/uploads\/2024\/08\/crema-facial-con-thermomix18-232x131.jpg 232w, https:\/\/granvelada.com\/blog\/wp-content\/uploads\/2024\/08\/crema-facial-con-thermomix18-275x155.jpg 275w, https:\/\/granvelada.com\/blog\/wp-content\/uploads\/2024\/08\/crema-facial-con-thermomix18-1000x563.jpg 1000w, https:\/\/granvelada.com\/blog\/wp-content\/uploads\/2024\/08\/crema-facial-con-thermomix18-947x533.jpg 947w, https:\/\/granvelada.com\/blog\/wp-content\/uploads\/2024\/08\/crema-facial-con-thermomix18.jpg 1280w\" sizes=\"auto, (max-width: 848px) 100vw, 848px\" \/><\/figure>\n<\/figure>\n\n\n\n<h4 class=\"wp-block-heading\">\u00bfC\u00f3mo utilizar la crema facial?<\/h4>\n\n\n\n<p>Aplica una peque\u00f1a cantidad en tu rostro limpio, realizando movimientos circulares hasta su completa absorci\u00f3n. Es ideal para usar tanto en la ma\u00f1ana como en la noche.<\/p>\n\n\n\n<h4 class=\"wp-block-heading\">Preguntas frecuentes sobre la Receta de crema facial con Thermomix:<\/h4>\n\n\n\n<ul class=\"wp-block-list\">\n<li>\u00bfEs adecuada para todo tipo de piel? S\u00ed, pero puedes ajustar los aceites esenciales seg\u00fan tu tipo de piel.<\/li>\n\n\n\n<li>\u00bfCu\u00e1nto tiempo dura la crema? Almac\u00e9nala en un lugar fresco y seco, y \u00fasala en un plazo de 3 meses.<\/li>\n\n\n\n<li>\u00bfPuedo cambiar el aceite esencial? \u00a1Claro! Personaliza tu crema con tus aceites esenciales favoritos.<\/li>\n\n\n\n<li>\u00bfNecesito refrigerar la crema? No es necesario, pero mantenerla en un lugar fresco prolongar\u00e1 su vida \u00fatil.<\/li>\n\n\n\n<li>\u00bfEs segura para pieles sensibles? S\u00ed, pero realiza una prueba de parche antes de usarla en todo el rostro.<\/li>\n<\/ul>\n\n\n<div class=\"wp-block-image\">\n<figure class=\"aligncenter size-full is-resized\"><img title=\" \"loading=\"lazy\" decoding=\"async\" src=\"https:\/\/granvelada.com\/blog\/wp-content\/uploads\/2024\/08\/image-2.png\" alt=\" \" class=\"wp-image-21759\" width=\"1161\" height=\"129\" srcset=\"https:\/\/granvelada.com\/blog\/wp-content\/uploads\/2024\/08\/image-2.png 848w, https:\/\/granvelada.com\/blog\/wp-content\/uploads\/2024\/08\/image-2-387x43.png 387w, https:\/\/granvelada.com\/blog\/wp-content\/uploads\/2024\/08\/image-2-768x85.png 768w\" sizes=\"auto, (max-width: 1161px) 100vw, 1161px\" \/><figcaption class=\"wp-element-caption\">PINCHA AQU\u00cd Y COMPRA TODOS LOS MATERIALES PARA HACER CREMA FACIAL THERMOMIX.<\/figcaption><\/figure>\n<\/div>\n\n<div class=\"wp-block-image\">\n<figure class=\"aligncenter size-large is-resized\"><img title=\" \"loading=\"lazy\" decoding=\"async\" src=\"https:\/\/granvelada.com\/blog\/wp-content\/uploads\/2024\/08\/como-hacer-crema-thermomix-848x477.jpg\" alt=\" \" class=\"wp-image-21700\" width=\"1167\" height=\"656\" srcset=\"https:\/\/granvelada.com\/blog\/wp-content\/uploads\/2024\/08\/como-hacer-crema-thermomix-848x477.jpg 848w, https:\/\/granvelada.com\/blog\/wp-content\/uploads\/2024\/08\/como-hacer-crema-thermomix-387x218.jpg 387w, https:\/\/granvelada.com\/blog\/wp-content\/uploads\/2024\/08\/como-hacer-crema-thermomix-129x73.jpg 129w, https:\/\/granvelada.com\/blog\/wp-content\/uploads\/2024\/08\/como-hacer-crema-thermomix-768x432.jpg 768w, https:\/\/granvelada.com\/blog\/wp-content\/uploads\/2024\/08\/como-hacer-crema-thermomix-300x169.jpg 300w, https:\/\/granvelada.com\/blog\/wp-content\/uploads\/2024\/08\/como-hacer-crema-thermomix-317x178.jpg 317w, https:\/\/granvelada.com\/blog\/wp-content\/uploads\/2024\/08\/como-hacer-crema-thermomix-424x239.jpg 424w, https:\/\/granvelada.com\/blog\/wp-content\/uploads\/2024\/08\/como-hacer-crema-thermomix.jpg 896w, https:\/\/granvelada.com\/blog\/wp-content\/uploads\/2024\/08\/como-hacer-crema-thermomix-581x327.jpg 581w, https:\/\/granvelada.com\/blog\/wp-content\/uploads\/2024\/08\/como-hacer-crema-thermomix-310x174.jpg 310w, https:\/\/granvelada.com\/blog\/wp-content\/uploads\/2024\/08\/como-hacer-crema-thermomix-232x131.jpg 232w, https:\/\/granvelada.com\/blog\/wp-content\/uploads\/2024\/08\/como-hacer-crema-thermomix-275x155.jpg 275w\" sizes=\"auto, (max-width: 1167px) 100vw, 1167px\" \/><\/figure>\n<\/div>\n\n\n<p><strong>\u00a1Experimenta y personaliza!<\/strong><br>A\u00f1ade diferentes aceites esenciales o extractos naturales para personalizar tu crema facial seg\u00fan tus preferencias y necesidades espec\u00edficas.<\/p>\n\n\n\n<h2 class=\"wp-block-heading\">C\u00f3mo hacer acondicionador capilar reparador en Thermomix<\/h2>\n\n\n\n<p><strong>\u00bfPor qu\u00e9 hacer tu propio acondicionador capilar?<\/strong><br>Crear tu propio acondicionador capilar te permite utilizar ingredientes naturales y espec\u00edficos para las necesidades de tu cabello. Un acondicionador casero puede mejorar la salud de tu cabello, hacerlo m\u00e1s manejable y reducir el uso de productos qu\u00edmicos.<\/p>\n\n\n\n<figure class=\"wp-block-embed is-type-video is-provider-youtube wp-block-embed-youtube wp-embed-aspect-16-9 wp-has-aspect-ratio\"><div class=\"wp-block-embed__wrapper\">\n<iframe loading=\"lazy\" title=\"C\u00f3mo hacer Acondicionador Capilar Reparador en Thermomix - Receta f\u00e1cil y natural\" width=\"640\" height=\"360\" src=\"https:\/\/www.youtube.com\/embed\/wfEqfwu8wQw?feature=oembed\" frameborder=\"0\" allow=\"accelerometer; autoplay; clipboard-write; encrypted-media; gyroscope; picture-in-picture; web-share\" referrerpolicy=\"strict-origin-when-cross-origin\" allowfullscreen><\/iframe>\n<\/div><\/figure>\n\n\n\n<ul class=\"wp-block-list\">\n<li>Dificultad: Media<\/li>\n\n\n\n<li>Tiempo de preparaci\u00f3n: 25 minutos<\/li>\n<\/ul>\n\n\n\n<h3 class=\"wp-block-heading\">\u00bfQue materiales necesitas para hacer Acondicionador Capilar con Thermomix?<\/h3>\n\n\n\n<ul class=\"wp-block-list\">\n<li><a href=\"https:\/\/granvelada.com\/es\/donde-comprar-aceites-mantecas-para-jabon-cosmetica\/1908-aceite-de-argan.html\" target=\"_blank\" rel=\"noreferrer noopener\">Aceite de Arg\u00e1n: 80 gr<\/a><\/li>\n\n\n\n<li><a href=\"https:\/\/granvelada.com\/es\/emulsionantes-cosmeticos\/9609-emulsionante-para-acondicionador.html\" target=\"_blank\" rel=\"noreferrer noopener\">Emulsionante para acondicionador: 30 gr<\/a><\/li>\n\n\n\n<li><a href=\"https:\/\/granvelada.com\/es\/leches-aguas-extractos-hidrolatos-para-cosmetica\/7327-agua-purificada.html\" target=\"_blank\" rel=\"noreferrer noopener\">Agua purificada: 350 gr<\/a><\/li>\n\n\n\n<li><a href=\"https:\/\/granvelada.com\/es\/aditivos-para-jabon-y-cosmetica\/1216-glicerina-liquida.html\" target=\"_blank\" rel=\"noreferrer noopener\">Glicerina vegetal: 30 gr<\/a><\/li>\n\n\n\n<li><a href=\"https:\/\/granvelada.com\/es\/principio-activo\/2983-pantenol.html\" target=\"_blank\" rel=\"noreferrer noopener\">DL Panthenol: 7 gr<\/a><\/li>\n\n\n\n<li><a href=\"https:\/\/granvelada.com\/es\/hacer-productos-capilares\/6007-placenta-vegetal.html\" target=\"_blank\" rel=\"noreferrer noopener\">Placenta vegetal: 20 g<\/a>r<\/li>\n\n\n\n<li><a href=\"https:\/\/granvelada.com\/es\/regulador-ph\/452-vitamina-e-tocoferol-conservante-cremas-y-jabones.html\">Vitamina E: 5 gr<\/a><\/li>\n\n\n\n<li><a href=\"https:\/\/www.hacercremas.es\/como-hacer-acondicionador-capilar-reparador-en-thermomix\/5%20gr\" target=\"_blank\" rel=\"noreferrer noopener\">Sharomix: 5 gr<\/a><\/li>\n\n\n\n<li>E<a href=\"https:\/\/granvelada.com\/es\/esencias-aromaticas-para-jabon-de-glicerina\/3563-fragancia-para-cremas-esencia-aromatica-niva.html\" target=\"_blank\" rel=\"noreferrer noopener\">sencia arom\u00e1tica Niva: 15 gotas<\/a><\/li>\n\n\n\n<li><a href=\"https:\/\/granvelada.com\/es\/tarros-para-crema\/4489-tarro-plastico-cremas-500-ml.html\">Tarro de 500 ml con tapa de aluminio<\/a><\/li>\n\n\n\n<li><a href=\"https:\/\/granvelada.com\/es\/pegatinas-gran-velada\/6490-pegatinas-cuidado-cabello.html\" target=\"_blank\" rel=\"noreferrer noopener\">Pegatinas para cuidado del cabello<\/a><\/li>\n<\/ul>\n\n\n<div class=\"wp-block-image\">\n<figure class=\"aligncenter size-full is-resized\"><img title=\" \"loading=\"lazy\" decoding=\"async\" src=\"https:\/\/granvelada.com\/blog\/wp-content\/uploads\/2023\/04\/image-2.png\" alt=\" \" class=\"wp-image-18989\" width=\"1192\" height=\"132\" srcset=\"https:\/\/granvelada.com\/blog\/wp-content\/uploads\/2023\/04\/image-2.png 848w, https:\/\/granvelada.com\/blog\/wp-content\/uploads\/2023\/04\/image-2-387x43.png 387w, https:\/\/granvelada.com\/blog\/wp-content\/uploads\/2023\/04\/image-2-768x85.png 768w\" sizes=\"auto, (max-width: 1192px) 100vw, 1192px\" \/><figcaption class=\"wp-element-caption\">COMPRA AQUI LOS MATERIALES PARA HACER ACONDICIONADOR CAPILAR.<\/figcaption><\/figure>\n<\/div>\n\n\n<h3 class=\"wp-block-heading\">Paso a paso para hacer acondicionador capilar con Thermomix:<\/h3>\n\n\n\n<ul class=\"wp-block-list\">\n<li>Primer paso: Calienta 200 ml de agua destilada en el vaso de la Thermomix a 70\u00b0C durante 5 minutos a velocidad 1.<\/li>\n\n\n\n<li>Segundo paso: A\u00f1ade 25 g de emulsionante BTMS y mezcla a velocidad 3 hasta que se derrita completamente.<\/li>\n\n\n\n<li>Tercer paso: Incorpora 50 ml de aceite de coco y mezcla durante 3 minutos a velocidad 4.<\/li>\n\n\n\n<li>Cuarto paso: Agrega 10 ml de pantenol y 10 gotas de aceite esencial de romero. Mezcla durante 2 minutos a velocidad 3.<\/li>\n\n\n\n<li>Quinto paso: Vierte la mezcla en una botella para acondicionador y deja enfriar a temperatura ambiente antes de usar.<\/li>\n<\/ul>\n\n\n\n<figure class=\"wp-block-gallery has-nested-images columns-default is-cropped wp-block-gallery-2 is-layout-flex wp-block-gallery-is-layout-flex\">\n<figure class=\"wp-block-image size-large\"><img title=\" \"loading=\"lazy\" decoding=\"async\" width=\"848\" height=\"477\" data-id=\"21726\" src=\"https:\/\/granvelada.com\/blog\/wp-content\/uploads\/2024\/08\/paso3-5-1-848x477.jpg\" alt=\" \" class=\"wp-image-21726\" srcset=\"https:\/\/granvelada.com\/blog\/wp-content\/uploads\/2024\/08\/paso3-5-1-848x477.jpg 848w, https:\/\/granvelada.com\/blog\/wp-content\/uploads\/2024\/08\/paso3-5-1-387x218.jpg 387w, https:\/\/granvelada.com\/blog\/wp-content\/uploads\/2024\/08\/paso3-5-1-129x73.jpg 129w, https:\/\/granvelada.com\/blog\/wp-content\/uploads\/2024\/08\/paso3-5-1-768x432.jpg 768w, https:\/\/granvelada.com\/blog\/wp-content\/uploads\/2024\/08\/paso3-5-1-300x169.jpg 300w, https:\/\/granvelada.com\/blog\/wp-content\/uploads\/2024\/08\/paso3-5-1-317x178.jpg 317w, https:\/\/granvelada.com\/blog\/wp-content\/uploads\/2024\/08\/paso3-5-1-424x239.jpg 424w, https:\/\/granvelada.com\/blog\/wp-content\/uploads\/2024\/08\/paso3-5-1-896x504.jpg 896w, https:\/\/granvelada.com\/blog\/wp-content\/uploads\/2024\/08\/paso3-5-1-581x327.jpg 581w, https:\/\/granvelada.com\/blog\/wp-content\/uploads\/2024\/08\/paso3-5-1-310x174.jpg 310w, https:\/\/granvelada.com\/blog\/wp-content\/uploads\/2024\/08\/paso3-5-1-232x131.jpg 232w, https:\/\/granvelada.com\/blog\/wp-content\/uploads\/2024\/08\/paso3-5-1-275x155.jpg 275w, https:\/\/granvelada.com\/blog\/wp-content\/uploads\/2024\/08\/paso3-5-1-1000x563.jpg 1000w, https:\/\/granvelada.com\/blog\/wp-content\/uploads\/2024\/08\/paso3-5-1-947x533.jpg 947w, https:\/\/granvelada.com\/blog\/wp-content\/uploads\/2024\/08\/paso3-5-1.jpg 1280w\" sizes=\"auto, (max-width: 848px) 100vw, 848px\" \/><\/figure>\n\n\n\n<figure class=\"wp-block-image size-large\"><img title=\" \"loading=\"lazy\" decoding=\"async\" width=\"848\" height=\"477\" data-id=\"21727\" src=\"https:\/\/granvelada.com\/blog\/wp-content\/uploads\/2024\/08\/paso5-6-1-848x477.jpg\" alt=\" \" class=\"wp-image-21727\" srcset=\"https:\/\/granvelada.com\/blog\/wp-content\/uploads\/2024\/08\/paso5-6-1-848x477.jpg 848w, https:\/\/granvelada.com\/blog\/wp-content\/uploads\/2024\/08\/paso5-6-1-387x218.jpg 387w, https:\/\/granvelada.com\/blog\/wp-content\/uploads\/2024\/08\/paso5-6-1-129x73.jpg 129w, https:\/\/granvelada.com\/blog\/wp-content\/uploads\/2024\/08\/paso5-6-1-768x432.jpg 768w, https:\/\/granvelada.com\/blog\/wp-content\/uploads\/2024\/08\/paso5-6-1-300x169.jpg 300w, https:\/\/granvelada.com\/blog\/wp-content\/uploads\/2024\/08\/paso5-6-1-317x178.jpg 317w, https:\/\/granvelada.com\/blog\/wp-content\/uploads\/2024\/08\/paso5-6-1-424x239.jpg 424w, https:\/\/granvelada.com\/blog\/wp-content\/uploads\/2024\/08\/paso5-6-1-896x504.jpg 896w, https:\/\/granvelada.com\/blog\/wp-content\/uploads\/2024\/08\/paso5-6-1-581x327.jpg 581w, https:\/\/granvelada.com\/blog\/wp-content\/uploads\/2024\/08\/paso5-6-1-310x174.jpg 310w, https:\/\/granvelada.com\/blog\/wp-content\/uploads\/2024\/08\/paso5-6-1-232x131.jpg 232w, https:\/\/granvelada.com\/blog\/wp-content\/uploads\/2024\/08\/paso5-6-1-275x155.jpg 275w, https:\/\/granvelada.com\/blog\/wp-content\/uploads\/2024\/08\/paso5-6-1-1000x563.jpg 1000w, https:\/\/granvelada.com\/blog\/wp-content\/uploads\/2024\/08\/paso5-6-1-947x533.jpg 947w, https:\/\/granvelada.com\/blog\/wp-content\/uploads\/2024\/08\/paso5-6-1.jpg 1280w\" sizes=\"auto, (max-width: 848px) 100vw, 848px\" \/><\/figure>\n\n\n\n<figure class=\"wp-block-image size-large\"><img title=\" \"loading=\"lazy\" decoding=\"async\" width=\"848\" height=\"477\" data-id=\"21731\" src=\"https:\/\/granvelada.com\/blog\/wp-content\/uploads\/2024\/08\/paso8-5-2-848x477.jpg\" alt=\" \" class=\"wp-image-21731\" srcset=\"https:\/\/granvelada.com\/blog\/wp-content\/uploads\/2024\/08\/paso8-5-2-848x477.jpg 848w, https:\/\/granvelada.com\/blog\/wp-content\/uploads\/2024\/08\/paso8-5-2-387x218.jpg 387w, https:\/\/granvelada.com\/blog\/wp-content\/uploads\/2024\/08\/paso8-5-2-129x73.jpg 129w, https:\/\/granvelada.com\/blog\/wp-content\/uploads\/2024\/08\/paso8-5-2-768x432.jpg 768w, https:\/\/granvelada.com\/blog\/wp-content\/uploads\/2024\/08\/paso8-5-2-300x169.jpg 300w, https:\/\/granvelada.com\/blog\/wp-content\/uploads\/2024\/08\/paso8-5-2-317x178.jpg 317w, https:\/\/granvelada.com\/blog\/wp-content\/uploads\/2024\/08\/paso8-5-2-424x239.jpg 424w, https:\/\/granvelada.com\/blog\/wp-content\/uploads\/2024\/08\/paso8-5-2-896x504.jpg 896w, https:\/\/granvelada.com\/blog\/wp-content\/uploads\/2024\/08\/paso8-5-2-581x327.jpg 581w, https:\/\/granvelada.com\/blog\/wp-content\/uploads\/2024\/08\/paso8-5-2-310x174.jpg 310w, https:\/\/granvelada.com\/blog\/wp-content\/uploads\/2024\/08\/paso8-5-2-232x131.jpg 232w, https:\/\/granvelada.com\/blog\/wp-content\/uploads\/2024\/08\/paso8-5-2-275x155.jpg 275w, https:\/\/granvelada.com\/blog\/wp-content\/uploads\/2024\/08\/paso8-5-2-1000x563.jpg 1000w, https:\/\/granvelada.com\/blog\/wp-content\/uploads\/2024\/08\/paso8-5-2-947x533.jpg 947w, https:\/\/granvelada.com\/blog\/wp-content\/uploads\/2024\/08\/paso8-5-2.jpg 1280w\" sizes=\"auto, (max-width: 848px) 100vw, 848px\" \/><\/figure>\n\n\n\n<figure class=\"wp-block-image size-large\"><img title=\" \"loading=\"lazy\" decoding=\"async\" width=\"848\" height=\"477\" data-id=\"21732\" src=\"https:\/\/granvelada.com\/blog\/wp-content\/uploads\/2024\/08\/paso8-5-1-1-848x477.jpg\" alt=\" \" class=\"wp-image-21732\" srcset=\"https:\/\/granvelada.com\/blog\/wp-content\/uploads\/2024\/08\/paso8-5-1-1-848x477.jpg 848w, https:\/\/granvelada.com\/blog\/wp-content\/uploads\/2024\/08\/paso8-5-1-1-387x218.jpg 387w, https:\/\/granvelada.com\/blog\/wp-content\/uploads\/2024\/08\/paso8-5-1-1-129x73.jpg 129w, https:\/\/granvelada.com\/blog\/wp-content\/uploads\/2024\/08\/paso8-5-1-1-768x432.jpg 768w, https:\/\/granvelada.com\/blog\/wp-content\/uploads\/2024\/08\/paso8-5-1-1-300x169.jpg 300w, https:\/\/granvelada.com\/blog\/wp-content\/uploads\/2024\/08\/paso8-5-1-1-317x178.jpg 317w, https:\/\/granvelada.com\/blog\/wp-content\/uploads\/2024\/08\/paso8-5-1-1-424x239.jpg 424w, https:\/\/granvelada.com\/blog\/wp-content\/uploads\/2024\/08\/paso8-5-1-1-896x504.jpg 896w, https:\/\/granvelada.com\/blog\/wp-content\/uploads\/2024\/08\/paso8-5-1-1-581x327.jpg 581w, https:\/\/granvelada.com\/blog\/wp-content\/uploads\/2024\/08\/paso8-5-1-1-310x174.jpg 310w, https:\/\/granvelada.com\/blog\/wp-content\/uploads\/2024\/08\/paso8-5-1-1-232x131.jpg 232w, https:\/\/granvelada.com\/blog\/wp-content\/uploads\/2024\/08\/paso8-5-1-1-275x155.jpg 275w, https:\/\/granvelada.com\/blog\/wp-content\/uploads\/2024\/08\/paso8-5-1-1-1000x563.jpg 1000w, https:\/\/granvelada.com\/blog\/wp-content\/uploads\/2024\/08\/paso8-5-1-1-947x533.jpg 947w, https:\/\/granvelada.com\/blog\/wp-content\/uploads\/2024\/08\/paso8-5-1-1.jpg 1280w\" sizes=\"auto, (max-width: 848px) 100vw, 848px\" \/><\/figure>\n\n\n\n<figure class=\"wp-block-image size-large\"><img title=\" \"loading=\"lazy\" decoding=\"async\" width=\"848\" height=\"477\" data-id=\"21730\" src=\"https:\/\/granvelada.com\/blog\/wp-content\/uploads\/2024\/08\/paso10-6-1-848x477.jpg\" alt=\" \" class=\"wp-image-21730\" srcset=\"https:\/\/granvelada.com\/blog\/wp-content\/uploads\/2024\/08\/paso10-6-1-848x477.jpg 848w, https:\/\/granvelada.com\/blog\/wp-content\/uploads\/2024\/08\/paso10-6-1-387x218.jpg 387w, https:\/\/granvelada.com\/blog\/wp-content\/uploads\/2024\/08\/paso10-6-1-129x73.jpg 129w, https:\/\/granvelada.com\/blog\/wp-content\/uploads\/2024\/08\/paso10-6-1-768x432.jpg 768w, https:\/\/granvelada.com\/blog\/wp-content\/uploads\/2024\/08\/paso10-6-1-300x169.jpg 300w, https:\/\/granvelada.com\/blog\/wp-content\/uploads\/2024\/08\/paso10-6-1-317x178.jpg 317w, https:\/\/granvelada.com\/blog\/wp-content\/uploads\/2024\/08\/paso10-6-1-424x239.jpg 424w, https:\/\/granvelada.com\/blog\/wp-content\/uploads\/2024\/08\/paso10-6-1-896x504.jpg 896w, https:\/\/granvelada.com\/blog\/wp-content\/uploads\/2024\/08\/paso10-6-1-581x327.jpg 581w, https:\/\/granvelada.com\/blog\/wp-content\/uploads\/2024\/08\/paso10-6-1-310x174.jpg 310w, https:\/\/granvelada.com\/blog\/wp-content\/uploads\/2024\/08\/paso10-6-1-232x131.jpg 232w, https:\/\/granvelada.com\/blog\/wp-content\/uploads\/2024\/08\/paso10-6-1-275x155.jpg 275w, https:\/\/granvelada.com\/blog\/wp-content\/uploads\/2024\/08\/paso10-6-1-1000x563.jpg 1000w, https:\/\/granvelada.com\/blog\/wp-content\/uploads\/2024\/08\/paso10-6-1-947x533.jpg 947w, https:\/\/granvelada.com\/blog\/wp-content\/uploads\/2024\/08\/paso10-6-1.jpg 1280w\" sizes=\"auto, (max-width: 848px) 100vw, 848px\" \/><\/figure>\n\n\n\n<figure class=\"wp-block-image size-large\"><img title=\" \"loading=\"lazy\" decoding=\"async\" width=\"848\" height=\"477\" data-id=\"21729\" src=\"https:\/\/granvelada.com\/blog\/wp-content\/uploads\/2024\/08\/Paso11-7-1-848x477.jpg\" alt=\" \" class=\"wp-image-21729\" srcset=\"https:\/\/granvelada.com\/blog\/wp-content\/uploads\/2024\/08\/Paso11-7-1-848x477.jpg 848w, https:\/\/granvelada.com\/blog\/wp-content\/uploads\/2024\/08\/Paso11-7-1-387x218.jpg 387w, https:\/\/granvelada.com\/blog\/wp-content\/uploads\/2024\/08\/Paso11-7-1-129x73.jpg 129w, https:\/\/granvelada.com\/blog\/wp-content\/uploads\/2024\/08\/Paso11-7-1-768x432.jpg 768w, https:\/\/granvelada.com\/blog\/wp-content\/uploads\/2024\/08\/Paso11-7-1-300x169.jpg 300w, https:\/\/granvelada.com\/blog\/wp-content\/uploads\/2024\/08\/Paso11-7-1-317x178.jpg 317w, https:\/\/granvelada.com\/blog\/wp-content\/uploads\/2024\/08\/Paso11-7-1-424x239.jpg 424w, https:\/\/granvelada.com\/blog\/wp-content\/uploads\/2024\/08\/Paso11-7-1-896x504.jpg 896w, https:\/\/granvelada.com\/blog\/wp-content\/uploads\/2024\/08\/Paso11-7-1-581x327.jpg 581w, https:\/\/granvelada.com\/blog\/wp-content\/uploads\/2024\/08\/Paso11-7-1-310x174.jpg 310w, https:\/\/granvelada.com\/blog\/wp-content\/uploads\/2024\/08\/Paso11-7-1-232x131.jpg 232w, https:\/\/granvelada.com\/blog\/wp-content\/uploads\/2024\/08\/Paso11-7-1-275x155.jpg 275w, https:\/\/granvelada.com\/blog\/wp-content\/uploads\/2024\/08\/Paso11-7-1-1000x563.jpg 1000w, https:\/\/granvelada.com\/blog\/wp-content\/uploads\/2024\/08\/Paso11-7-1-947x533.jpg 947w, https:\/\/granvelada.com\/blog\/wp-content\/uploads\/2024\/08\/Paso11-7-1.jpg 1280w\" sizes=\"auto, (max-width: 848px) 100vw, 848px\" \/><\/figure>\n\n\n\n<figure class=\"wp-block-image size-large\"><img title=\" \"loading=\"lazy\" decoding=\"async\" width=\"848\" height=\"477\" data-id=\"21728\" src=\"https:\/\/granvelada.com\/blog\/wp-content\/uploads\/2024\/08\/paso13-5-1-848x477.jpg\" alt=\" \" class=\"wp-image-21728\" srcset=\"https:\/\/granvelada.com\/blog\/wp-content\/uploads\/2024\/08\/paso13-5-1-848x477.jpg 848w, https:\/\/granvelada.com\/blog\/wp-content\/uploads\/2024\/08\/paso13-5-1-387x218.jpg 387w, https:\/\/granvelada.com\/blog\/wp-content\/uploads\/2024\/08\/paso13-5-1-129x73.jpg 129w, https:\/\/granvelada.com\/blog\/wp-content\/uploads\/2024\/08\/paso13-5-1-768x432.jpg 768w, https:\/\/granvelada.com\/blog\/wp-content\/uploads\/2024\/08\/paso13-5-1-300x169.jpg 300w, https:\/\/granvelada.com\/blog\/wp-content\/uploads\/2024\/08\/paso13-5-1-317x178.jpg 317w, https:\/\/granvelada.com\/blog\/wp-content\/uploads\/2024\/08\/paso13-5-1-424x239.jpg 424w, https:\/\/granvelada.com\/blog\/wp-content\/uploads\/2024\/08\/paso13-5-1-896x504.jpg 896w, https:\/\/granvelada.com\/blog\/wp-content\/uploads\/2024\/08\/paso13-5-1-581x327.jpg 581w, https:\/\/granvelada.com\/blog\/wp-content\/uploads\/2024\/08\/paso13-5-1-310x174.jpg 310w, https:\/\/granvelada.com\/blog\/wp-content\/uploads\/2024\/08\/paso13-5-1-232x131.jpg 232w, https:\/\/granvelada.com\/blog\/wp-content\/uploads\/2024\/08\/paso13-5-1-275x155.jpg 275w, https:\/\/granvelada.com\/blog\/wp-content\/uploads\/2024\/08\/paso13-5-1-1000x563.jpg 1000w, https:\/\/granvelada.com\/blog\/wp-content\/uploads\/2024\/08\/paso13-5-1-947x533.jpg 947w, https:\/\/granvelada.com\/blog\/wp-content\/uploads\/2024\/08\/paso13-5-1.jpg 1280w\" sizes=\"auto, (max-width: 848px) 100vw, 848px\" \/><\/figure>\n\n\n\n<figure class=\"wp-block-image size-large\"><img title=\" \"loading=\"lazy\" decoding=\"async\" width=\"848\" height=\"477\" data-id=\"21737\" src=\"https:\/\/granvelada.com\/blog\/wp-content\/uploads\/2024\/08\/Paso-14-1-848x477.jpg\" alt=\" \" class=\"wp-image-21737\" srcset=\"https:\/\/granvelada.com\/blog\/wp-content\/uploads\/2024\/08\/Paso-14-1-848x477.jpg 848w, https:\/\/granvelada.com\/blog\/wp-content\/uploads\/2024\/08\/Paso-14-1-387x218.jpg 387w, https:\/\/granvelada.com\/blog\/wp-content\/uploads\/2024\/08\/Paso-14-1-129x73.jpg 129w, https:\/\/granvelada.com\/blog\/wp-content\/uploads\/2024\/08\/Paso-14-1-768x432.jpg 768w, https:\/\/granvelada.com\/blog\/wp-content\/uploads\/2024\/08\/Paso-14-1-300x169.jpg 300w, https:\/\/granvelada.com\/blog\/wp-content\/uploads\/2024\/08\/Paso-14-1-317x178.jpg 317w, https:\/\/granvelada.com\/blog\/wp-content\/uploads\/2024\/08\/Paso-14-1-424x239.jpg 424w, https:\/\/granvelada.com\/blog\/wp-content\/uploads\/2024\/08\/Paso-14-1-896x504.jpg 896w, https:\/\/granvelada.com\/blog\/wp-content\/uploads\/2024\/08\/Paso-14-1-581x327.jpg 581w, https:\/\/granvelada.com\/blog\/wp-content\/uploads\/2024\/08\/Paso-14-1-310x174.jpg 310w, https:\/\/granvelada.com\/blog\/wp-content\/uploads\/2024\/08\/Paso-14-1-232x131.jpg 232w, https:\/\/granvelada.com\/blog\/wp-content\/uploads\/2024\/08\/Paso-14-1-275x155.jpg 275w, https:\/\/granvelada.com\/blog\/wp-content\/uploads\/2024\/08\/Paso-14-1-1000x563.jpg 1000w, https:\/\/granvelada.com\/blog\/wp-content\/uploads\/2024\/08\/Paso-14-1-947x533.jpg 947w, https:\/\/granvelada.com\/blog\/wp-content\/uploads\/2024\/08\/Paso-14-1.jpg 1280w\" sizes=\"auto, (max-width: 848px) 100vw, 848px\" \/><\/figure>\n\n\n\n<figure class=\"wp-block-image size-large\"><img title=\" \"loading=\"lazy\" decoding=\"async\" width=\"848\" height=\"477\" data-id=\"21739\" src=\"https:\/\/granvelada.com\/blog\/wp-content\/uploads\/2024\/08\/Paso17-6-1-848x477.jpg\" alt=\" \" class=\"wp-image-21739\" srcset=\"https:\/\/granvelada.com\/blog\/wp-content\/uploads\/2024\/08\/Paso17-6-1-848x477.jpg 848w, https:\/\/granvelada.com\/blog\/wp-content\/uploads\/2024\/08\/Paso17-6-1-387x218.jpg 387w, https:\/\/granvelada.com\/blog\/wp-content\/uploads\/2024\/08\/Paso17-6-1-129x73.jpg 129w, https:\/\/granvelada.com\/blog\/wp-content\/uploads\/2024\/08\/Paso17-6-1-768x432.jpg 768w, https:\/\/granvelada.com\/blog\/wp-content\/uploads\/2024\/08\/Paso17-6-1-300x169.jpg 300w, https:\/\/granvelada.com\/blog\/wp-content\/uploads\/2024\/08\/Paso17-6-1-317x178.jpg 317w, https:\/\/granvelada.com\/blog\/wp-content\/uploads\/2024\/08\/Paso17-6-1-424x239.jpg 424w, https:\/\/granvelada.com\/blog\/wp-content\/uploads\/2024\/08\/Paso17-6-1-896x504.jpg 896w, https:\/\/granvelada.com\/blog\/wp-content\/uploads\/2024\/08\/Paso17-6-1-581x327.jpg 581w, https:\/\/granvelada.com\/blog\/wp-content\/uploads\/2024\/08\/Paso17-6-1-310x174.jpg 310w, https:\/\/granvelada.com\/blog\/wp-content\/uploads\/2024\/08\/Paso17-6-1-232x131.jpg 232w, https:\/\/granvelada.com\/blog\/wp-content\/uploads\/2024\/08\/Paso17-6-1-275x155.jpg 275w, https:\/\/granvelada.com\/blog\/wp-content\/uploads\/2024\/08\/Paso17-6-1-1000x563.jpg 1000w, https:\/\/granvelada.com\/blog\/wp-content\/uploads\/2024\/08\/Paso17-6-1-947x533.jpg 947w, https:\/\/granvelada.com\/blog\/wp-content\/uploads\/2024\/08\/Paso17-6-1.jpg 1280w\" sizes=\"auto, (max-width: 848px) 100vw, 848px\" \/><\/figure>\n\n\n\n<figure class=\"wp-block-image size-large\"><img title=\" \"loading=\"lazy\" decoding=\"async\" width=\"848\" height=\"477\" data-id=\"21738\" src=\"https:\/\/granvelada.com\/blog\/wp-content\/uploads\/2024\/08\/Paso19-4-1-848x477.jpg\" alt=\" \" class=\"wp-image-21738\" srcset=\"https:\/\/granvelada.com\/blog\/wp-content\/uploads\/2024\/08\/Paso19-4-1-848x477.jpg 848w, https:\/\/granvelada.com\/blog\/wp-content\/uploads\/2024\/08\/Paso19-4-1-387x218.jpg 387w, https:\/\/granvelada.com\/blog\/wp-content\/uploads\/2024\/08\/Paso19-4-1-129x73.jpg 129w, https:\/\/granvelada.com\/blog\/wp-content\/uploads\/2024\/08\/Paso19-4-1-768x432.jpg 768w, https:\/\/granvelada.com\/blog\/wp-content\/uploads\/2024\/08\/Paso19-4-1-300x169.jpg 300w, https:\/\/granvelada.com\/blog\/wp-content\/uploads\/2024\/08\/Paso19-4-1-317x178.jpg 317w, https:\/\/granvelada.com\/blog\/wp-content\/uploads\/2024\/08\/Paso19-4-1-424x239.jpg 424w, https:\/\/granvelada.com\/blog\/wp-content\/uploads\/2024\/08\/Paso19-4-1-896x504.jpg 896w, https:\/\/granvelada.com\/blog\/wp-content\/uploads\/2024\/08\/Paso19-4-1-581x327.jpg 581w, https:\/\/granvelada.com\/blog\/wp-content\/uploads\/2024\/08\/Paso19-4-1-310x174.jpg 310w, https:\/\/granvelada.com\/blog\/wp-content\/uploads\/2024\/08\/Paso19-4-1-232x131.jpg 232w, https:\/\/granvelada.com\/blog\/wp-content\/uploads\/2024\/08\/Paso19-4-1-275x155.jpg 275w, https:\/\/granvelada.com\/blog\/wp-content\/uploads\/2024\/08\/Paso19-4-1-1000x563.jpg 1000w, https:\/\/granvelada.com\/blog\/wp-content\/uploads\/2024\/08\/Paso19-4-1-947x533.jpg 947w, https:\/\/granvelada.com\/blog\/wp-content\/uploads\/2024\/08\/Paso19-4-1.jpg 1280w\" sizes=\"auto, (max-width: 848px) 100vw, 848px\" \/><\/figure>\n\n\n\n<figure class=\"wp-block-image size-large\"><img title=\" \"loading=\"lazy\" decoding=\"async\" width=\"848\" height=\"477\" data-id=\"21733\" src=\"https:\/\/granvelada.com\/blog\/wp-content\/uploads\/2024\/08\/Paso20-4-1-848x477.jpg\" alt=\" \" class=\"wp-image-21733\" srcset=\"https:\/\/granvelada.com\/blog\/wp-content\/uploads\/2024\/08\/Paso20-4-1-848x477.jpg 848w, https:\/\/granvelada.com\/blog\/wp-content\/uploads\/2024\/08\/Paso20-4-1-387x218.jpg 387w, https:\/\/granvelada.com\/blog\/wp-content\/uploads\/2024\/08\/Paso20-4-1-129x73.jpg 129w, https:\/\/granvelada.com\/blog\/wp-content\/uploads\/2024\/08\/Paso20-4-1-768x432.jpg 768w, https:\/\/granvelada.com\/blog\/wp-content\/uploads\/2024\/08\/Paso20-4-1-300x169.jpg 300w, https:\/\/granvelada.com\/blog\/wp-content\/uploads\/2024\/08\/Paso20-4-1-317x178.jpg 317w, https:\/\/granvelada.com\/blog\/wp-content\/uploads\/2024\/08\/Paso20-4-1-424x239.jpg 424w, https:\/\/granvelada.com\/blog\/wp-content\/uploads\/2024\/08\/Paso20-4-1-896x504.jpg 896w, https:\/\/granvelada.com\/blog\/wp-content\/uploads\/2024\/08\/Paso20-4-1-581x327.jpg 581w, https:\/\/granvelada.com\/blog\/wp-content\/uploads\/2024\/08\/Paso20-4-1-310x174.jpg 310w, https:\/\/granvelada.com\/blog\/wp-content\/uploads\/2024\/08\/Paso20-4-1-232x131.jpg 232w, https:\/\/granvelada.com\/blog\/wp-content\/uploads\/2024\/08\/Paso20-4-1-275x155.jpg 275w, https:\/\/granvelada.com\/blog\/wp-content\/uploads\/2024\/08\/Paso20-4-1-1000x563.jpg 1000w, https:\/\/granvelada.com\/blog\/wp-content\/uploads\/2024\/08\/Paso20-4-1-947x533.jpg 947w, https:\/\/granvelada.com\/blog\/wp-content\/uploads\/2024\/08\/Paso20-4-1.jpg 1280w\" sizes=\"auto, (max-width: 848px) 100vw, 848px\" \/><\/figure>\n\n\n\n<figure class=\"wp-block-image size-large\"><img title=\" \"loading=\"lazy\" decoding=\"async\" width=\"848\" height=\"477\" data-id=\"21734\" src=\"https:\/\/granvelada.com\/blog\/wp-content\/uploads\/2024\/08\/Paso21-4-1-848x477.jpg\" alt=\" \" class=\"wp-image-21734\" srcset=\"https:\/\/granvelada.com\/blog\/wp-content\/uploads\/2024\/08\/Paso21-4-1-848x477.jpg 848w, https:\/\/granvelada.com\/blog\/wp-content\/uploads\/2024\/08\/Paso21-4-1-387x218.jpg 387w, https:\/\/granvelada.com\/blog\/wp-content\/uploads\/2024\/08\/Paso21-4-1-129x73.jpg 129w, https:\/\/granvelada.com\/blog\/wp-content\/uploads\/2024\/08\/Paso21-4-1-768x432.jpg 768w, https:\/\/granvelada.com\/blog\/wp-content\/uploads\/2024\/08\/Paso21-4-1-300x169.jpg 300w, https:\/\/granvelada.com\/blog\/wp-content\/uploads\/2024\/08\/Paso21-4-1-317x178.jpg 317w, https:\/\/granvelada.com\/blog\/wp-content\/uploads\/2024\/08\/Paso21-4-1-424x239.jpg 424w, https:\/\/granvelada.com\/blog\/wp-content\/uploads\/2024\/08\/Paso21-4-1-896x504.jpg 896w, https:\/\/granvelada.com\/blog\/wp-content\/uploads\/2024\/08\/Paso21-4-1-581x327.jpg 581w, https:\/\/granvelada.com\/blog\/wp-content\/uploads\/2024\/08\/Paso21-4-1-310x174.jpg 310w, https:\/\/granvelada.com\/blog\/wp-content\/uploads\/2024\/08\/Paso21-4-1-232x131.jpg 232w, https:\/\/granvelada.com\/blog\/wp-content\/uploads\/2024\/08\/Paso21-4-1-275x155.jpg 275w, https:\/\/granvelada.com\/blog\/wp-content\/uploads\/2024\/08\/Paso21-4-1-1000x563.jpg 1000w, https:\/\/granvelada.com\/blog\/wp-content\/uploads\/2024\/08\/Paso21-4-1-947x533.jpg 947w, https:\/\/granvelada.com\/blog\/wp-content\/uploads\/2024\/08\/Paso21-4-1.jpg 1280w\" sizes=\"auto, (max-width: 848px) 100vw, 848px\" \/><\/figure>\n\n\n\n<figure class=\"wp-block-image size-large\"><img title=\" \"loading=\"lazy\" decoding=\"async\" width=\"848\" height=\"477\" data-id=\"21735\" src=\"https:\/\/granvelada.com\/blog\/wp-content\/uploads\/2024\/08\/PAso22-4-1-848x477.jpg\" alt=\" \" class=\"wp-image-21735\" srcset=\"https:\/\/granvelada.com\/blog\/wp-content\/uploads\/2024\/08\/PAso22-4-1-848x477.jpg 848w, https:\/\/granvelada.com\/blog\/wp-content\/uploads\/2024\/08\/PAso22-4-1-387x218.jpg 387w, https:\/\/granvelada.com\/blog\/wp-content\/uploads\/2024\/08\/PAso22-4-1-129x73.jpg 129w, https:\/\/granvelada.com\/blog\/wp-content\/uploads\/2024\/08\/PAso22-4-1-768x432.jpg 768w, https:\/\/granvelada.com\/blog\/wp-content\/uploads\/2024\/08\/PAso22-4-1-300x169.jpg 300w, https:\/\/granvelada.com\/blog\/wp-content\/uploads\/2024\/08\/PAso22-4-1-317x178.jpg 317w, https:\/\/granvelada.com\/blog\/wp-content\/uploads\/2024\/08\/PAso22-4-1-424x239.jpg 424w, https:\/\/granvelada.com\/blog\/wp-content\/uploads\/2024\/08\/PAso22-4-1-896x504.jpg 896w, https:\/\/granvelada.com\/blog\/wp-content\/uploads\/2024\/08\/PAso22-4-1-581x327.jpg 581w, https:\/\/granvelada.com\/blog\/wp-content\/uploads\/2024\/08\/PAso22-4-1-310x174.jpg 310w, https:\/\/granvelada.com\/blog\/wp-content\/uploads\/2024\/08\/PAso22-4-1-232x131.jpg 232w, https:\/\/granvelada.com\/blog\/wp-content\/uploads\/2024\/08\/PAso22-4-1-275x155.jpg 275w, https:\/\/granvelada.com\/blog\/wp-content\/uploads\/2024\/08\/PAso22-4-1-1000x563.jpg 1000w, https:\/\/granvelada.com\/blog\/wp-content\/uploads\/2024\/08\/PAso22-4-1-947x533.jpg 947w, https:\/\/granvelada.com\/blog\/wp-content\/uploads\/2024\/08\/PAso22-4-1.jpg 1280w\" sizes=\"auto, (max-width: 848px) 100vw, 848px\" \/><\/figure>\n\n\n\n<figure class=\"wp-block-image size-large\"><img title=\" \"loading=\"lazy\" decoding=\"async\" width=\"848\" height=\"477\" data-id=\"21736\" src=\"https:\/\/granvelada.com\/blog\/wp-content\/uploads\/2024\/08\/PAso24-4-1-848x477.jpg\" alt=\" \" class=\"wp-image-21736\" srcset=\"https:\/\/granvelada.com\/blog\/wp-content\/uploads\/2024\/08\/PAso24-4-1-848x477.jpg 848w, https:\/\/granvelada.com\/blog\/wp-content\/uploads\/2024\/08\/PAso24-4-1-387x218.jpg 387w, https:\/\/granvelada.com\/blog\/wp-content\/uploads\/2024\/08\/PAso24-4-1-129x73.jpg 129w, https:\/\/granvelada.com\/blog\/wp-content\/uploads\/2024\/08\/PAso24-4-1-768x432.jpg 768w, https:\/\/granvelada.com\/blog\/wp-content\/uploads\/2024\/08\/PAso24-4-1-300x169.jpg 300w, https:\/\/granvelada.com\/blog\/wp-content\/uploads\/2024\/08\/PAso24-4-1-317x178.jpg 317w, https:\/\/granvelada.com\/blog\/wp-content\/uploads\/2024\/08\/PAso24-4-1-424x239.jpg 424w, https:\/\/granvelada.com\/blog\/wp-content\/uploads\/2024\/08\/PAso24-4-1-896x504.jpg 896w, https:\/\/granvelada.com\/blog\/wp-content\/uploads\/2024\/08\/PAso24-4-1-581x327.jpg 581w, https:\/\/granvelada.com\/blog\/wp-content\/uploads\/2024\/08\/PAso24-4-1-310x174.jpg 310w, https:\/\/granvelada.com\/blog\/wp-content\/uploads\/2024\/08\/PAso24-4-1-232x131.jpg 232w, https:\/\/granvelada.com\/blog\/wp-content\/uploads\/2024\/08\/PAso24-4-1-275x155.jpg 275w, https:\/\/granvelada.com\/blog\/wp-content\/uploads\/2024\/08\/PAso24-4-1-1000x563.jpg 1000w, https:\/\/granvelada.com\/blog\/wp-content\/uploads\/2024\/08\/PAso24-4-1-947x533.jpg 947w, https:\/\/granvelada.com\/blog\/wp-content\/uploads\/2024\/08\/PAso24-4-1.jpg 1280w\" sizes=\"auto, (max-width: 848px) 100vw, 848px\" \/><\/figure>\n<\/figure>\n\n\n\n<h4 class=\"wp-block-heading\">\u00bfC\u00f3mo utilizar el acondicionador capilar?<\/h4>\n\n\n\n<p>Aplica el acondicionador sobre el cabello h\u00famedo, desde la mitad hasta las puntas. D\u00e9jalo actuar durante unos minutos y enjuaga con abundante agua.<\/p>\n\n\n\n<p><\/p>\n\n\n<div class=\"wp-block-image\">\n<figure class=\"aligncenter size-large is-resized\"><img title=\" \"loading=\"lazy\" decoding=\"async\" src=\"https:\/\/granvelada.com\/blog\/wp-content\/uploads\/2024\/08\/acondicionador-capilar-reparador-en-thermomix-4-848x477.jpg\" alt=\" \" class=\"wp-image-21762\" width=\"1175\" height=\"661\" srcset=\"https:\/\/granvelada.com\/blog\/wp-content\/uploads\/2024\/08\/acondicionador-capilar-reparador-en-thermomix-4-848x477.jpg 848w, https:\/\/granvelada.com\/blog\/wp-content\/uploads\/2024\/08\/acondicionador-capilar-reparador-en-thermomix-4-387x218.jpg 387w, https:\/\/granvelada.com\/blog\/wp-content\/uploads\/2024\/08\/acondicionador-capilar-reparador-en-thermomix-4-129x73.jpg 129w, https:\/\/granvelada.com\/blog\/wp-content\/uploads\/2024\/08\/acondicionador-capilar-reparador-en-thermomix-4-768x432.jpg 768w, https:\/\/granvelada.com\/blog\/wp-content\/uploads\/2024\/08\/acondicionador-capilar-reparador-en-thermomix-4-300x169.jpg 300w, https:\/\/granvelada.com\/blog\/wp-content\/uploads\/2024\/08\/acondicionador-capilar-reparador-en-thermomix-4-317x178.jpg 317w, https:\/\/granvelada.com\/blog\/wp-content\/uploads\/2024\/08\/acondicionador-capilar-reparador-en-thermomix-4-424x239.jpg 424w, https:\/\/granvelada.com\/blog\/wp-content\/uploads\/2024\/08\/acondicionador-capilar-reparador-en-thermomix-4.jpg 896w, https:\/\/granvelada.com\/blog\/wp-content\/uploads\/2024\/08\/acondicionador-capilar-reparador-en-thermomix-4-581x327.jpg 581w, https:\/\/granvelada.com\/blog\/wp-content\/uploads\/2024\/08\/acondicionador-capilar-reparador-en-thermomix-4-310x174.jpg 310w, https:\/\/granvelada.com\/blog\/wp-content\/uploads\/2024\/08\/acondicionador-capilar-reparador-en-thermomix-4-232x131.jpg 232w, https:\/\/granvelada.com\/blog\/wp-content\/uploads\/2024\/08\/acondicionador-capilar-reparador-en-thermomix-4-275x155.jpg 275w\" sizes=\"auto, (max-width: 1175px) 100vw, 1175px\" \/><\/figure>\n<\/div>\n\n<div class=\"wp-block-image\">\n<figure class=\"aligncenter size-full is-resized\"><a href=\"https:\/\/www.granvelada.com\/index.php?fc=module&amp;module=multiplecart&amp;controller=loadcart&amp;cart=2018&amp;hash=07ee5d335c40ff5489b00fca8ba07505\"><img title=\" \"loading=\"lazy\" decoding=\"async\" src=\"https:\/\/granvelada.com\/blog\/wp-content\/uploads\/2024\/08\/image-3.png\" alt=\" \" class=\"wp-image-21761\" width=\"1190\" height=\"132\" srcset=\"https:\/\/granvelada.com\/blog\/wp-content\/uploads\/2024\/08\/image-3.png 848w, https:\/\/granvelada.com\/blog\/wp-content\/uploads\/2024\/08\/image-3-387x43.png 387w, https:\/\/granvelada.com\/blog\/wp-content\/uploads\/2024\/08\/image-3-768x85.png 768w\" sizes=\"auto, (max-width: 1190px) 100vw, 1190px\" \/><\/a><figcaption class=\"wp-element-caption\">PINCHA AQU\u00cd Y COMPRA TODOS LOS MATERIALES PARA HACER ACONDICIONADOR CAPILAR CON THERMOMIX.<\/figcaption><\/figure>\n<\/div>\n\n\n<h4 class=\"wp-block-heading\">Preguntas frecuentes sobre el acondicionador capilar:<\/h4>\n\n\n\n<ul class=\"wp-block-list\">\n<li>\u00bfEs adecuado para todo tipo de cabello? S\u00ed, pero puedes ajustar los aceites esenciales seg\u00fan tu tipo de cabello.<\/li>\n\n\n\n<li>\u00bfCu\u00e1nto tiempo dura el acondicionador? Almac\u00e9nalo en un lugar fresco y seco, y \u00fasalo en un plazo de 3 meses.<\/li>\n\n\n\n<li>\u00bfPuedo cambiar el aceite esencial? \u00a1S\u00ed! Personaliza tu acondicionador con tus aceites esenciales preferidos.<\/li>\n\n\n\n<li>\u00bfNecesito refrigerar el acondicionador? No es necesario, pero mantenerlo en un lugar fresco prolongar\u00e1 su vida \u00fatil.<\/li>\n\n\n\n<li>\u00bfEs seguro para cuero cabelludo sensible? S\u00ed, pero realiza una prueba de parche antes de usarlo en todo el cabello.<\/li>\n<\/ul>\n\n\n\n<p>\u00a1Experimenta y personaliza!<br>A\u00f1ade diferentes aceites esenciales o ingredientes como aloe vera para personalizar tu acondicionador seg\u00fan las necesidades espec\u00edficas de tu cabello.<\/p>\n\n\n\n<h2 class=\"wp-block-heading\">C\u00f3mo hacer champ\u00fa con Thermomix<\/h2>\n\n\n\n<p><strong>\u00bfPor qu\u00e9 hacer tu propio champ\u00fa?<\/strong><br>Hacer tu propio champ\u00fa te permite controlar los ingredientes y evitar los qu\u00edmicos agresivos presentes en muchos productos comerciales. Adem\u00e1s, puedes personalizar la f\u00f3rmula seg\u00fan las necesidades espec\u00edficas de tu cabello.<\/p>\n\n\n\n<figure class=\"wp-block-embed is-type-video is-provider-youtube wp-block-embed-youtube wp-embed-aspect-16-9 wp-has-aspect-ratio\"><div class=\"wp-block-embed__wrapper\">\n<iframe loading=\"lazy\" title=\"Hacer champu con Thermomix\" width=\"640\" height=\"360\" src=\"https:\/\/www.youtube.com\/embed\/O6XaYu4Sw28?feature=oembed\" frameborder=\"0\" allow=\"accelerometer; autoplay; clipboard-write; encrypted-media; gyroscope; picture-in-picture; web-share\" referrerpolicy=\"strict-origin-when-cross-origin\" allowfullscreen><\/iframe>\n<\/div><\/figure>\n\n\n\n<ul class=\"wp-block-list\">\n<li>Dificultad: Media<\/li>\n\n\n\n<li>Tiempo de preparaci\u00f3n: 30 minutos<\/li>\n<\/ul>\n\n\n\n<h3 class=\"wp-block-heading\">\u00bfQue materiales necesitas para hacer Champ\u00fa con Thermomix? <\/h3>\n\n\n\n<ul class=\"wp-block-list\">\n<li><a href=\"https:\/\/granvelada.com\/es\/leches-aguas-extractos-hidrolatos-para-cosmetica\/7327-agua-purificada.html\" target=\"_blank\" rel=\"noreferrer noopener\">Agua purificada: 720 g<\/a><\/li>\n\n\n\n<li><a href=\"https:\/\/granvelada.com\/es\/tensioactivos\/6440-sodium-coco-sulfate.html\" target=\"_blank\" rel=\"noreferrer noopener\">Sodium Coco Sulfate (SCS): 52 g<\/a><\/li>\n\n\n\n<li><a href=\"https:\/\/granvelada.com\/es\/aditivos-para-jabon-y-cosmetica\/1216-glicerina-liquida.html\" target=\"_blank\" rel=\"noreferrer noopener\">Glicerina Vegetal: 46 g<\/a><\/li>\n\n\n\n<li><a href=\"https:\/\/granvelada.com\/es\/tensioactivos\/6855-decyl-glucoside.html\" target=\"_blank\" rel=\"noreferrer noopener\">Decyl Gluc\u00f3side: 73 g<\/a><\/li>\n\n\n\n<li><a href=\"https:\/\/granvelada.com\/es\/bases-para-champu-y-jabon-liquido\/969-donde-comprar-venta-propiedades-de-la-tegobetaina-l7-para-hacer-geles-de-bano.html\" target=\"_blank\" rel=\"noreferrer noopener\">Betaina de coco: 120 g<\/a><\/li>\n\n\n\n<li><a href=\"https:\/\/granvelada.com\/es\/principio-activo\/2164-proteinas-de-seda.html\" target=\"_blank\" rel=\"noreferrer noopener\">Prote\u00ednas de Seda: 10 g<\/a><\/li>\n\n\n\n<li><a href=\"https:\/\/granvelada.com\/es\/principio-activo\/388-aloe-vera-gel.html\" target=\"_blank\" rel=\"noreferrer noopener\">Aloe Vera gel: 10 g<\/a><\/li>\n\n\n\n<li><a href=\"https:\/\/granvelada.com\/es\/esencias-aromaticas-hidrosolubles\/4356-esencia-hidrosoluble-flor-de-loto.html\" target=\"_blank\" rel=\"noreferrer noopener\">Esencia arom\u00e1tica Flor de Loto Hidrosoluble<\/a><\/li>\n\n\n\n<li><a href=\"Sharomix: 15 g\">Sharomix: 15 g<\/a><\/li>\n\n\n\n<li><a href=\"https:\/\/granvelada.com\/es\/productos-quimicos\/2476-acido-citrico-anhidro-polvo.html\" target=\"_blank\" rel=\"noreferrer noopener\">\u00c1cido c\u00edtrico<\/a><\/li>\n\n\n\n<li><a href=\"https:\/\/granvelada.com\/es\/utensilios-herramientas-para-hacer-jabon-hacer-velas\/408-tiras-ph.html\" target=\"_blank\" rel=\"noreferrer noopener\">Tiras para medir PH<\/a><\/li>\n\n\n\n<li><a href=\"https:\/\/granvelada.com\/es\/botellas-pet\/7258-botella-pet-ovalada-tapon-bisagra-translucido.html\" target=\"_blank\" rel=\"noreferrer noopener\">Botella de 250 ml PET con tap\u00f3n bisagra<\/a><\/li>\n\n\n\n<li><a href=\"https:\/\/granvelada.com\/es\/pegatinas-gran-velada\/6701-etiquetas-champu-casero.html\" target=\"_blank\" rel=\"noreferrer noopener\">Pegatinas para champ\u00fa casero<\/a><\/li>\n<\/ul>\n\n\n<div class=\"wp-block-image\">\n<figure class=\"aligncenter size-large is-resized\"><img title=\" \"loading=\"lazy\" decoding=\"async\" src=\"https:\/\/granvelada.com\/blog\/wp-content\/uploads\/2022\/11\/boton-carrito-blogs-azul-suave-848x94.jpg\" alt=\" \" class=\"wp-image-18410\" width=\"1192\" height=\"132\" srcset=\"https:\/\/granvelada.com\/blog\/wp-content\/uploads\/2022\/11\/boton-carrito-blogs-azul-suave-848x94.jpg 848w, https:\/\/granvelada.com\/blog\/wp-content\/uploads\/2022\/11\/boton-carrito-blogs-azul-suave-387x43.jpg 387w, https:\/\/granvelada.com\/blog\/wp-content\/uploads\/2022\/11\/boton-carrito-blogs-azul-suave-768x85.jpg 768w, https:\/\/granvelada.com\/blog\/wp-content\/uploads\/2022\/11\/boton-carrito-blogs-azul-suave-1000x111.jpg 1000w, https:\/\/granvelada.com\/blog\/wp-content\/uploads\/2022\/11\/boton-carrito-blogs-azul-suave-947x105.jpg 947w\" sizes=\"auto, (max-width: 1192px) 100vw, 1192px\" \/><figcaption class=\"wp-element-caption\">COMPRA AQU\u00cd TODOS LOS MATERIALES<\/figcaption><\/figure>\n<\/div>\n\n\n<h3 class=\"wp-block-heading\">Paso a paso para hacer champ\u00fa con Thermomix:<\/h3>\n\n\n\n<ul class=\"wp-block-list\">\n<li>Primer paso: Calienta 250 ml de agua destilada en el vaso de la Thermomix a 70\u00b0C durante 5 minutos a velocidad 1.<\/li>\n\n\n\n<li>Segundo paso: A\u00f1ade 50 g de tensioactivo SCI y mezcla a velocidad 3 hasta que se disuelva completamente.<\/li>\n\n\n\n<li>Tercer paso: Incorpora 30 ml de aceite de arg\u00e1n y 20 ml de glicerina l\u00edquida. Mezcla durante 3 minutos a velocidad 4.<\/li>\n\n\n\n<li>Cuarto paso: Agrega 10 gotas de aceite esencial de menta y mezcla 1 minuto a velocidad 2.<\/li>\n\n\n\n<li>Quinto paso: Vierte la mezcla en una botella para champ\u00fa y deja enfriar a temperatura ambiente antes de usar.<\/li>\n<\/ul>\n\n\n\n<figure class=\"wp-block-gallery has-nested-images columns-default is-cropped wp-block-gallery-3 is-layout-flex wp-block-gallery-is-layout-flex\">\n<figure class=\"wp-block-image size-large\"><img title=\" \"loading=\"lazy\" decoding=\"async\" width=\"848\" height=\"477\" data-id=\"21747\" src=\"https:\/\/granvelada.com\/blog\/wp-content\/uploads\/2024\/08\/paso6-1-848x477.jpg\" alt=\" \" class=\"wp-image-21747\" srcset=\"https:\/\/granvelada.com\/blog\/wp-content\/uploads\/2024\/08\/paso6-1-848x477.jpg 848w, https:\/\/granvelada.com\/blog\/wp-content\/uploads\/2024\/08\/paso6-1-387x218.jpg 387w, https:\/\/granvelada.com\/blog\/wp-content\/uploads\/2024\/08\/paso6-1-129x73.jpg 129w, https:\/\/granvelada.com\/blog\/wp-content\/uploads\/2024\/08\/paso6-1-768x432.jpg 768w, https:\/\/granvelada.com\/blog\/wp-content\/uploads\/2024\/08\/paso6-1-300x169.jpg 300w, https:\/\/granvelada.com\/blog\/wp-content\/uploads\/2024\/08\/paso6-1-317x178.jpg 317w, https:\/\/granvelada.com\/blog\/wp-content\/uploads\/2024\/08\/paso6-1-424x239.jpg 424w, https:\/\/granvelada.com\/blog\/wp-content\/uploads\/2024\/08\/paso6-1-896x504.jpg 896w, https:\/\/granvelada.com\/blog\/wp-content\/uploads\/2024\/08\/paso6-1-581x327.jpg 581w, https:\/\/granvelada.com\/blog\/wp-content\/uploads\/2024\/08\/paso6-1-310x174.jpg 310w, https:\/\/granvelada.com\/blog\/wp-content\/uploads\/2024\/08\/paso6-1-232x131.jpg 232w, https:\/\/granvelada.com\/blog\/wp-content\/uploads\/2024\/08\/paso6-1-275x155.jpg 275w, https:\/\/granvelada.com\/blog\/wp-content\/uploads\/2024\/08\/paso6-1-1000x563.jpg 1000w, https:\/\/granvelada.com\/blog\/wp-content\/uploads\/2024\/08\/paso6-1-947x533.jpg 947w, https:\/\/granvelada.com\/blog\/wp-content\/uploads\/2024\/08\/paso6-1.jpg 1280w\" sizes=\"auto, (max-width: 848px) 100vw, 848px\" \/><\/figure>\n\n\n\n<figure class=\"wp-block-image size-large\"><img title=\" \"loading=\"lazy\" decoding=\"async\" width=\"848\" height=\"477\" data-id=\"21743\" src=\"https:\/\/granvelada.com\/blog\/wp-content\/uploads\/2024\/08\/paso8-1-848x477.jpg\" alt=\" \" class=\"wp-image-21743\" srcset=\"https:\/\/granvelada.com\/blog\/wp-content\/uploads\/2024\/08\/paso8-1-848x477.jpg 848w, https:\/\/granvelada.com\/blog\/wp-content\/uploads\/2024\/08\/paso8-1-387x218.jpg 387w, https:\/\/granvelada.com\/blog\/wp-content\/uploads\/2024\/08\/paso8-1-129x73.jpg 129w, https:\/\/granvelada.com\/blog\/wp-content\/uploads\/2024\/08\/paso8-1-768x432.jpg 768w, https:\/\/granvelada.com\/blog\/wp-content\/uploads\/2024\/08\/paso8-1-300x169.jpg 300w, https:\/\/granvelada.com\/blog\/wp-content\/uploads\/2024\/08\/paso8-1-317x178.jpg 317w, https:\/\/granvelada.com\/blog\/wp-content\/uploads\/2024\/08\/paso8-1-424x239.jpg 424w, https:\/\/granvelada.com\/blog\/wp-content\/uploads\/2024\/08\/paso8-1-896x504.jpg 896w, https:\/\/granvelada.com\/blog\/wp-content\/uploads\/2024\/08\/paso8-1-581x327.jpg 581w, https:\/\/granvelada.com\/blog\/wp-content\/uploads\/2024\/08\/paso8-1-310x174.jpg 310w, https:\/\/granvelada.com\/blog\/wp-content\/uploads\/2024\/08\/paso8-1-232x131.jpg 232w, https:\/\/granvelada.com\/blog\/wp-content\/uploads\/2024\/08\/paso8-1-275x155.jpg 275w, https:\/\/granvelada.com\/blog\/wp-content\/uploads\/2024\/08\/paso8-1-1000x563.jpg 1000w, https:\/\/granvelada.com\/blog\/wp-content\/uploads\/2024\/08\/paso8-1-947x533.jpg 947w, https:\/\/granvelada.com\/blog\/wp-content\/uploads\/2024\/08\/paso8-1.jpg 1280w\" sizes=\"auto, (max-width: 848px) 100vw, 848px\" \/><\/figure>\n\n\n\n<figure class=\"wp-block-image size-large\"><img title=\" \"loading=\"lazy\" decoding=\"async\" width=\"848\" height=\"477\" data-id=\"21748\" src=\"https:\/\/granvelada.com\/blog\/wp-content\/uploads\/2024\/08\/paso9-1-848x477.jpg\" alt=\" \" class=\"wp-image-21748\" srcset=\"https:\/\/granvelada.com\/blog\/wp-content\/uploads\/2024\/08\/paso9-1-848x477.jpg 848w, https:\/\/granvelada.com\/blog\/wp-content\/uploads\/2024\/08\/paso9-1-387x218.jpg 387w, https:\/\/granvelada.com\/blog\/wp-content\/uploads\/2024\/08\/paso9-1-129x73.jpg 129w, https:\/\/granvelada.com\/blog\/wp-content\/uploads\/2024\/08\/paso9-1-768x432.jpg 768w, https:\/\/granvelada.com\/blog\/wp-content\/uploads\/2024\/08\/paso9-1-300x169.jpg 300w, https:\/\/granvelada.com\/blog\/wp-content\/uploads\/2024\/08\/paso9-1-317x178.jpg 317w, https:\/\/granvelada.com\/blog\/wp-content\/uploads\/2024\/08\/paso9-1-424x239.jpg 424w, https:\/\/granvelada.com\/blog\/wp-content\/uploads\/2024\/08\/paso9-1-896x504.jpg 896w, https:\/\/granvelada.com\/blog\/wp-content\/uploads\/2024\/08\/paso9-1-581x327.jpg 581w, https:\/\/granvelada.com\/blog\/wp-content\/uploads\/2024\/08\/paso9-1-310x174.jpg 310w, https:\/\/granvelada.com\/blog\/wp-content\/uploads\/2024\/08\/paso9-1-232x131.jpg 232w, https:\/\/granvelada.com\/blog\/wp-content\/uploads\/2024\/08\/paso9-1-275x155.jpg 275w, https:\/\/granvelada.com\/blog\/wp-content\/uploads\/2024\/08\/paso9-1-1000x563.jpg 1000w, https:\/\/granvelada.com\/blog\/wp-content\/uploads\/2024\/08\/paso9-1-947x533.jpg 947w, https:\/\/granvelada.com\/blog\/wp-content\/uploads\/2024\/08\/paso9-1.jpg 1280w\" sizes=\"auto, (max-width: 848px) 100vw, 848px\" \/><\/figure>\n\n\n\n<figure class=\"wp-block-image size-large\"><img title=\" \"loading=\"lazy\" decoding=\"async\" width=\"848\" height=\"477\" data-id=\"21745\" src=\"https:\/\/granvelada.com\/blog\/wp-content\/uploads\/2024\/08\/paso10-1-848x477.jpg\" alt=\" \" class=\"wp-image-21745\" srcset=\"https:\/\/granvelada.com\/blog\/wp-content\/uploads\/2024\/08\/paso10-1-848x477.jpg 848w, https:\/\/granvelada.com\/blog\/wp-content\/uploads\/2024\/08\/paso10-1-387x218.jpg 387w, https:\/\/granvelada.com\/blog\/wp-content\/uploads\/2024\/08\/paso10-1-129x73.jpg 129w, https:\/\/granvelada.com\/blog\/wp-content\/uploads\/2024\/08\/paso10-1-768x432.jpg 768w, https:\/\/granvelada.com\/blog\/wp-content\/uploads\/2024\/08\/paso10-1-300x169.jpg 300w, https:\/\/granvelada.com\/blog\/wp-content\/uploads\/2024\/08\/paso10-1-317x178.jpg 317w, https:\/\/granvelada.com\/blog\/wp-content\/uploads\/2024\/08\/paso10-1-424x239.jpg 424w, https:\/\/granvelada.com\/blog\/wp-content\/uploads\/2024\/08\/paso10-1-896x504.jpg 896w, https:\/\/granvelada.com\/blog\/wp-content\/uploads\/2024\/08\/paso10-1-581x327.jpg 581w, https:\/\/granvelada.com\/blog\/wp-content\/uploads\/2024\/08\/paso10-1-310x174.jpg 310w, https:\/\/granvelada.com\/blog\/wp-content\/uploads\/2024\/08\/paso10-1-232x131.jpg 232w, https:\/\/granvelada.com\/blog\/wp-content\/uploads\/2024\/08\/paso10-1-275x155.jpg 275w, https:\/\/granvelada.com\/blog\/wp-content\/uploads\/2024\/08\/paso10-1-1000x563.jpg 1000w, https:\/\/granvelada.com\/blog\/wp-content\/uploads\/2024\/08\/paso10-1-947x533.jpg 947w, https:\/\/granvelada.com\/blog\/wp-content\/uploads\/2024\/08\/paso10-1.jpg 1280w\" sizes=\"auto, (max-width: 848px) 100vw, 848px\" \/><\/figure>\n\n\n\n<figure class=\"wp-block-image size-large\"><img title=\" \"loading=\"lazy\" decoding=\"async\" width=\"848\" height=\"477\" data-id=\"21749\" src=\"https:\/\/granvelada.com\/blog\/wp-content\/uploads\/2024\/08\/paso12-1-848x477.jpg\" alt=\" \" class=\"wp-image-21749\" srcset=\"https:\/\/granvelada.com\/blog\/wp-content\/uploads\/2024\/08\/paso12-1-848x477.jpg 848w, https:\/\/granvelada.com\/blog\/wp-content\/uploads\/2024\/08\/paso12-1-387x218.jpg 387w, https:\/\/granvelada.com\/blog\/wp-content\/uploads\/2024\/08\/paso12-1-129x73.jpg 129w, https:\/\/granvelada.com\/blog\/wp-content\/uploads\/2024\/08\/paso12-1-768x432.jpg 768w, https:\/\/granvelada.com\/blog\/wp-content\/uploads\/2024\/08\/paso12-1-300x169.jpg 300w, https:\/\/granvelada.com\/blog\/wp-content\/uploads\/2024\/08\/paso12-1-317x178.jpg 317w, https:\/\/granvelada.com\/blog\/wp-content\/uploads\/2024\/08\/paso12-1-424x239.jpg 424w, https:\/\/granvelada.com\/blog\/wp-content\/uploads\/2024\/08\/paso12-1-896x504.jpg 896w, https:\/\/granvelada.com\/blog\/wp-content\/uploads\/2024\/08\/paso12-1-581x327.jpg 581w, https:\/\/granvelada.com\/blog\/wp-content\/uploads\/2024\/08\/paso12-1-310x174.jpg 310w, https:\/\/granvelada.com\/blog\/wp-content\/uploads\/2024\/08\/paso12-1-232x131.jpg 232w, https:\/\/granvelada.com\/blog\/wp-content\/uploads\/2024\/08\/paso12-1-275x155.jpg 275w, https:\/\/granvelada.com\/blog\/wp-content\/uploads\/2024\/08\/paso12-1-1000x563.jpg 1000w, https:\/\/granvelada.com\/blog\/wp-content\/uploads\/2024\/08\/paso12-1-947x533.jpg 947w, https:\/\/granvelada.com\/blog\/wp-content\/uploads\/2024\/08\/paso12-1.jpg 1280w\" sizes=\"auto, (max-width: 848px) 100vw, 848px\" \/><\/figure>\n\n\n\n<figure class=\"wp-block-image size-large\"><img title=\" \"loading=\"lazy\" decoding=\"async\" width=\"848\" height=\"477\" data-id=\"21752\" src=\"https:\/\/granvelada.com\/blog\/wp-content\/uploads\/2024\/08\/paso13-1-848x477.jpg\" alt=\" \" class=\"wp-image-21752\" srcset=\"https:\/\/granvelada.com\/blog\/wp-content\/uploads\/2024\/08\/paso13-1-848x477.jpg 848w, https:\/\/granvelada.com\/blog\/wp-content\/uploads\/2024\/08\/paso13-1-387x218.jpg 387w, https:\/\/granvelada.com\/blog\/wp-content\/uploads\/2024\/08\/paso13-1-129x73.jpg 129w, https:\/\/granvelada.com\/blog\/wp-content\/uploads\/2024\/08\/paso13-1-768x432.jpg 768w, https:\/\/granvelada.com\/blog\/wp-content\/uploads\/2024\/08\/paso13-1-300x169.jpg 300w, https:\/\/granvelada.com\/blog\/wp-content\/uploads\/2024\/08\/paso13-1-317x178.jpg 317w, https:\/\/granvelada.com\/blog\/wp-content\/uploads\/2024\/08\/paso13-1-424x239.jpg 424w, https:\/\/granvelada.com\/blog\/wp-content\/uploads\/2024\/08\/paso13-1-896x504.jpg 896w, https:\/\/granvelada.com\/blog\/wp-content\/uploads\/2024\/08\/paso13-1-581x327.jpg 581w, https:\/\/granvelada.com\/blog\/wp-content\/uploads\/2024\/08\/paso13-1-310x174.jpg 310w, https:\/\/granvelada.com\/blog\/wp-content\/uploads\/2024\/08\/paso13-1-232x131.jpg 232w, https:\/\/granvelada.com\/blog\/wp-content\/uploads\/2024\/08\/paso13-1-275x155.jpg 275w, https:\/\/granvelada.com\/blog\/wp-content\/uploads\/2024\/08\/paso13-1-1000x563.jpg 1000w, https:\/\/granvelada.com\/blog\/wp-content\/uploads\/2024\/08\/paso13-1-947x533.jpg 947w, https:\/\/granvelada.com\/blog\/wp-content\/uploads\/2024\/08\/paso13-1.jpg 1280w\" sizes=\"auto, (max-width: 848px) 100vw, 848px\" \/><\/figure>\n\n\n\n<figure class=\"wp-block-image size-large\"><img title=\" \"loading=\"lazy\" decoding=\"async\" width=\"848\" height=\"477\" data-id=\"21742\" src=\"https:\/\/granvelada.com\/blog\/wp-content\/uploads\/2024\/08\/paso16-1-848x477.jpg\" alt=\" \" class=\"wp-image-21742\" srcset=\"https:\/\/granvelada.com\/blog\/wp-content\/uploads\/2024\/08\/paso16-1-848x477.jpg 848w, https:\/\/granvelada.com\/blog\/wp-content\/uploads\/2024\/08\/paso16-1-387x218.jpg 387w, https:\/\/granvelada.com\/blog\/wp-content\/uploads\/2024\/08\/paso16-1-129x73.jpg 129w, https:\/\/granvelada.com\/blog\/wp-content\/uploads\/2024\/08\/paso16-1-768x432.jpg 768w, https:\/\/granvelada.com\/blog\/wp-content\/uploads\/2024\/08\/paso16-1-300x169.jpg 300w, https:\/\/granvelada.com\/blog\/wp-content\/uploads\/2024\/08\/paso16-1-317x178.jpg 317w, https:\/\/granvelada.com\/blog\/wp-content\/uploads\/2024\/08\/paso16-1-424x239.jpg 424w, https:\/\/granvelada.com\/blog\/wp-content\/uploads\/2024\/08\/paso16-1-896x504.jpg 896w, https:\/\/granvelada.com\/blog\/wp-content\/uploads\/2024\/08\/paso16-1-581x327.jpg 581w, https:\/\/granvelada.com\/blog\/wp-content\/uploads\/2024\/08\/paso16-1-310x174.jpg 310w, https:\/\/granvelada.com\/blog\/wp-content\/uploads\/2024\/08\/paso16-1-232x131.jpg 232w, https:\/\/granvelada.com\/blog\/wp-content\/uploads\/2024\/08\/paso16-1-275x155.jpg 275w, https:\/\/granvelada.com\/blog\/wp-content\/uploads\/2024\/08\/paso16-1-1000x563.jpg 1000w, https:\/\/granvelada.com\/blog\/wp-content\/uploads\/2024\/08\/paso16-1-947x533.jpg 947w, https:\/\/granvelada.com\/blog\/wp-content\/uploads\/2024\/08\/paso16-1.jpg 1280w\" sizes=\"auto, (max-width: 848px) 100vw, 848px\" \/><\/figure>\n\n\n\n<figure class=\"wp-block-image size-large\"><img title=\" \"loading=\"lazy\" decoding=\"async\" width=\"848\" height=\"477\" data-id=\"21754\" src=\"https:\/\/granvelada.com\/blog\/wp-content\/uploads\/2024\/08\/paso20-1-848x477.jpg\" alt=\" \" class=\"wp-image-21754\" srcset=\"https:\/\/granvelada.com\/blog\/wp-content\/uploads\/2024\/08\/paso20-1-848x477.jpg 848w, https:\/\/granvelada.com\/blog\/wp-content\/uploads\/2024\/08\/paso20-1-387x218.jpg 387w, https:\/\/granvelada.com\/blog\/wp-content\/uploads\/2024\/08\/paso20-1-129x73.jpg 129w, https:\/\/granvelada.com\/blog\/wp-content\/uploads\/2024\/08\/paso20-1-768x432.jpg 768w, https:\/\/granvelada.com\/blog\/wp-content\/uploads\/2024\/08\/paso20-1-300x169.jpg 300w, https:\/\/granvelada.com\/blog\/wp-content\/uploads\/2024\/08\/paso20-1-317x178.jpg 317w, https:\/\/granvelada.com\/blog\/wp-content\/uploads\/2024\/08\/paso20-1-424x239.jpg 424w, https:\/\/granvelada.com\/blog\/wp-content\/uploads\/2024\/08\/paso20-1-896x504.jpg 896w, https:\/\/granvelada.com\/blog\/wp-content\/uploads\/2024\/08\/paso20-1-581x327.jpg 581w, https:\/\/granvelada.com\/blog\/wp-content\/uploads\/2024\/08\/paso20-1-310x174.jpg 310w, https:\/\/granvelada.com\/blog\/wp-content\/uploads\/2024\/08\/paso20-1-232x131.jpg 232w, https:\/\/granvelada.com\/blog\/wp-content\/uploads\/2024\/08\/paso20-1-275x155.jpg 275w, https:\/\/granvelada.com\/blog\/wp-content\/uploads\/2024\/08\/paso20-1-1000x563.jpg 1000w, https:\/\/granvelada.com\/blog\/wp-content\/uploads\/2024\/08\/paso20-1-947x533.jpg 947w, https:\/\/granvelada.com\/blog\/wp-content\/uploads\/2024\/08\/paso20-1.jpg 1280w\" sizes=\"auto, (max-width: 848px) 100vw, 848px\" \/><\/figure>\n\n\n\n<figure class=\"wp-block-image size-large\"><img title=\" \"loading=\"lazy\" decoding=\"async\" width=\"848\" height=\"477\" data-id=\"21744\" src=\"https:\/\/granvelada.com\/blog\/wp-content\/uploads\/2024\/08\/paso22-1-848x477.jpg\" alt=\" \" class=\"wp-image-21744\" srcset=\"https:\/\/granvelada.com\/blog\/wp-content\/uploads\/2024\/08\/paso22-1-848x477.jpg 848w, https:\/\/granvelada.com\/blog\/wp-content\/uploads\/2024\/08\/paso22-1-387x218.jpg 387w, https:\/\/granvelada.com\/blog\/wp-content\/uploads\/2024\/08\/paso22-1-129x73.jpg 129w, https:\/\/granvelada.com\/blog\/wp-content\/uploads\/2024\/08\/paso22-1-768x432.jpg 768w, https:\/\/granvelada.com\/blog\/wp-content\/uploads\/2024\/08\/paso22-1-300x169.jpg 300w, https:\/\/granvelada.com\/blog\/wp-content\/uploads\/2024\/08\/paso22-1-317x178.jpg 317w, https:\/\/granvelada.com\/blog\/wp-content\/uploads\/2024\/08\/paso22-1-424x239.jpg 424w, https:\/\/granvelada.com\/blog\/wp-content\/uploads\/2024\/08\/paso22-1-896x504.jpg 896w, https:\/\/granvelada.com\/blog\/wp-content\/uploads\/2024\/08\/paso22-1-581x327.jpg 581w, https:\/\/granvelada.com\/blog\/wp-content\/uploads\/2024\/08\/paso22-1-310x174.jpg 310w, https:\/\/granvelada.com\/blog\/wp-content\/uploads\/2024\/08\/paso22-1-232x131.jpg 232w, https:\/\/granvelada.com\/blog\/wp-content\/uploads\/2024\/08\/paso22-1-275x155.jpg 275w, https:\/\/granvelada.com\/blog\/wp-content\/uploads\/2024\/08\/paso22-1-1000x563.jpg 1000w, https:\/\/granvelada.com\/blog\/wp-content\/uploads\/2024\/08\/paso22-1-947x533.jpg 947w, https:\/\/granvelada.com\/blog\/wp-content\/uploads\/2024\/08\/paso22-1.jpg 1280w\" sizes=\"auto, (max-width: 848px) 100vw, 848px\" \/><\/figure>\n\n\n\n<figure class=\"wp-block-image size-large\"><img title=\" \"loading=\"lazy\" decoding=\"async\" width=\"848\" height=\"477\" data-id=\"21750\" src=\"https:\/\/granvelada.com\/blog\/wp-content\/uploads\/2024\/08\/paso24-1-848x477.jpg\" alt=\" \" class=\"wp-image-21750\" srcset=\"https:\/\/granvelada.com\/blog\/wp-content\/uploads\/2024\/08\/paso24-1-848x477.jpg 848w, https:\/\/granvelada.com\/blog\/wp-content\/uploads\/2024\/08\/paso24-1-387x218.jpg 387w, https:\/\/granvelada.com\/blog\/wp-content\/uploads\/2024\/08\/paso24-1-129x73.jpg 129w, https:\/\/granvelada.com\/blog\/wp-content\/uploads\/2024\/08\/paso24-1-768x432.jpg 768w, https:\/\/granvelada.com\/blog\/wp-content\/uploads\/2024\/08\/paso24-1-300x169.jpg 300w, https:\/\/granvelada.com\/blog\/wp-content\/uploads\/2024\/08\/paso24-1-317x178.jpg 317w, https:\/\/granvelada.com\/blog\/wp-content\/uploads\/2024\/08\/paso24-1-424x239.jpg 424w, https:\/\/granvelada.com\/blog\/wp-content\/uploads\/2024\/08\/paso24-1-896x504.jpg 896w, https:\/\/granvelada.com\/blog\/wp-content\/uploads\/2024\/08\/paso24-1-581x327.jpg 581w, https:\/\/granvelada.com\/blog\/wp-content\/uploads\/2024\/08\/paso24-1-310x174.jpg 310w, https:\/\/granvelada.com\/blog\/wp-content\/uploads\/2024\/08\/paso24-1-232x131.jpg 232w, https:\/\/granvelada.com\/blog\/wp-content\/uploads\/2024\/08\/paso24-1-275x155.jpg 275w, https:\/\/granvelada.com\/blog\/wp-content\/uploads\/2024\/08\/paso24-1-1000x563.jpg 1000w, https:\/\/granvelada.com\/blog\/wp-content\/uploads\/2024\/08\/paso24-1-947x533.jpg 947w, https:\/\/granvelada.com\/blog\/wp-content\/uploads\/2024\/08\/paso24-1.jpg 1280w\" sizes=\"auto, (max-width: 848px) 100vw, 848px\" \/><\/figure>\n\n\n\n<figure class=\"wp-block-image size-large\"><img title=\" \"loading=\"lazy\" decoding=\"async\" width=\"848\" height=\"477\" data-id=\"21755\" src=\"https:\/\/granvelada.com\/blog\/wp-content\/uploads\/2024\/08\/paso31-1-848x477.jpg\" alt=\" \" class=\"wp-image-21755\" srcset=\"https:\/\/granvelada.com\/blog\/wp-content\/uploads\/2024\/08\/paso31-1-848x477.jpg 848w, https:\/\/granvelada.com\/blog\/wp-content\/uploads\/2024\/08\/paso31-1-387x218.jpg 387w, https:\/\/granvelada.com\/blog\/wp-content\/uploads\/2024\/08\/paso31-1-129x73.jpg 129w, https:\/\/granvelada.com\/blog\/wp-content\/uploads\/2024\/08\/paso31-1-768x432.jpg 768w, https:\/\/granvelada.com\/blog\/wp-content\/uploads\/2024\/08\/paso31-1-300x169.jpg 300w, https:\/\/granvelada.com\/blog\/wp-content\/uploads\/2024\/08\/paso31-1-317x178.jpg 317w, https:\/\/granvelada.com\/blog\/wp-content\/uploads\/2024\/08\/paso31-1-424x239.jpg 424w, https:\/\/granvelada.com\/blog\/wp-content\/uploads\/2024\/08\/paso31-1-896x504.jpg 896w, https:\/\/granvelada.com\/blog\/wp-content\/uploads\/2024\/08\/paso31-1-581x327.jpg 581w, https:\/\/granvelada.com\/blog\/wp-content\/uploads\/2024\/08\/paso31-1-310x174.jpg 310w, https:\/\/granvelada.com\/blog\/wp-content\/uploads\/2024\/08\/paso31-1-232x131.jpg 232w, https:\/\/granvelada.com\/blog\/wp-content\/uploads\/2024\/08\/paso31-1-275x155.jpg 275w, https:\/\/granvelada.com\/blog\/wp-content\/uploads\/2024\/08\/paso31-1-1000x563.jpg 1000w, https:\/\/granvelada.com\/blog\/wp-content\/uploads\/2024\/08\/paso31-1-947x533.jpg 947w, https:\/\/granvelada.com\/blog\/wp-content\/uploads\/2024\/08\/paso31-1.jpg 1280w\" sizes=\"auto, (max-width: 848px) 100vw, 848px\" \/><\/figure>\n\n\n\n<figure class=\"wp-block-image size-large\"><img title=\" \"loading=\"lazy\" decoding=\"async\" width=\"848\" height=\"477\" data-id=\"21753\" src=\"https:\/\/granvelada.com\/blog\/wp-content\/uploads\/2024\/08\/paso32-1-848x477.jpg\" alt=\" \" class=\"wp-image-21753\" srcset=\"https:\/\/granvelada.com\/blog\/wp-content\/uploads\/2024\/08\/paso32-1-848x477.jpg 848w, https:\/\/granvelada.com\/blog\/wp-content\/uploads\/2024\/08\/paso32-1-387x218.jpg 387w, https:\/\/granvelada.com\/blog\/wp-content\/uploads\/2024\/08\/paso32-1-129x73.jpg 129w, https:\/\/granvelada.com\/blog\/wp-content\/uploads\/2024\/08\/paso32-1-768x432.jpg 768w, https:\/\/granvelada.com\/blog\/wp-content\/uploads\/2024\/08\/paso32-1-300x169.jpg 300w, https:\/\/granvelada.com\/blog\/wp-content\/uploads\/2024\/08\/paso32-1-317x178.jpg 317w, https:\/\/granvelada.com\/blog\/wp-content\/uploads\/2024\/08\/paso32-1-424x239.jpg 424w, https:\/\/granvelada.com\/blog\/wp-content\/uploads\/2024\/08\/paso32-1-896x504.jpg 896w, https:\/\/granvelada.com\/blog\/wp-content\/uploads\/2024\/08\/paso32-1-581x327.jpg 581w, https:\/\/granvelada.com\/blog\/wp-content\/uploads\/2024\/08\/paso32-1-310x174.jpg 310w, https:\/\/granvelada.com\/blog\/wp-content\/uploads\/2024\/08\/paso32-1-232x131.jpg 232w, https:\/\/granvelada.com\/blog\/wp-content\/uploads\/2024\/08\/paso32-1-275x155.jpg 275w, https:\/\/granvelada.com\/blog\/wp-content\/uploads\/2024\/08\/paso32-1-1000x563.jpg 1000w, https:\/\/granvelada.com\/blog\/wp-content\/uploads\/2024\/08\/paso32-1-947x533.jpg 947w, https:\/\/granvelada.com\/blog\/wp-content\/uploads\/2024\/08\/paso32-1.jpg 1280w\" sizes=\"auto, (max-width: 848px) 100vw, 848px\" \/><\/figure>\n\n\n\n<figure class=\"wp-block-image size-large\"><img title=\" \"loading=\"lazy\" decoding=\"async\" width=\"848\" height=\"477\" data-id=\"21751\" src=\"https:\/\/granvelada.com\/blog\/wp-content\/uploads\/2024\/08\/paso35-1-848x477.jpg\" alt=\" \" class=\"wp-image-21751\" srcset=\"https:\/\/granvelada.com\/blog\/wp-content\/uploads\/2024\/08\/paso35-1-848x477.jpg 848w, https:\/\/granvelada.com\/blog\/wp-content\/uploads\/2024\/08\/paso35-1-387x218.jpg 387w, https:\/\/granvelada.com\/blog\/wp-content\/uploads\/2024\/08\/paso35-1-129x73.jpg 129w, https:\/\/granvelada.com\/blog\/wp-content\/uploads\/2024\/08\/paso35-1-768x432.jpg 768w, https:\/\/granvelada.com\/blog\/wp-content\/uploads\/2024\/08\/paso35-1-300x169.jpg 300w, https:\/\/granvelada.com\/blog\/wp-content\/uploads\/2024\/08\/paso35-1-317x178.jpg 317w, https:\/\/granvelada.com\/blog\/wp-content\/uploads\/2024\/08\/paso35-1-424x239.jpg 424w, https:\/\/granvelada.com\/blog\/wp-content\/uploads\/2024\/08\/paso35-1-896x504.jpg 896w, https:\/\/granvelada.com\/blog\/wp-content\/uploads\/2024\/08\/paso35-1-581x327.jpg 581w, https:\/\/granvelada.com\/blog\/wp-content\/uploads\/2024\/08\/paso35-1-310x174.jpg 310w, https:\/\/granvelada.com\/blog\/wp-content\/uploads\/2024\/08\/paso35-1-232x131.jpg 232w, https:\/\/granvelada.com\/blog\/wp-content\/uploads\/2024\/08\/paso35-1-275x155.jpg 275w, https:\/\/granvelada.com\/blog\/wp-content\/uploads\/2024\/08\/paso35-1-1000x563.jpg 1000w, https:\/\/granvelada.com\/blog\/wp-content\/uploads\/2024\/08\/paso35-1-947x533.jpg 947w, https:\/\/granvelada.com\/blog\/wp-content\/uploads\/2024\/08\/paso35-1.jpg 1280w\" sizes=\"auto, (max-width: 848px) 100vw, 848px\" \/><\/figure>\n\n\n\n<figure class=\"wp-block-image size-large\"><img title=\" \"loading=\"lazy\" decoding=\"async\" width=\"848\" height=\"477\" data-id=\"21746\" src=\"https:\/\/granvelada.com\/blog\/wp-content\/uploads\/2024\/08\/paso37-1-848x477.jpg\" alt=\" \" class=\"wp-image-21746\" srcset=\"https:\/\/granvelada.com\/blog\/wp-content\/uploads\/2024\/08\/paso37-1-848x477.jpg 848w, https:\/\/granvelada.com\/blog\/wp-content\/uploads\/2024\/08\/paso37-1-387x218.jpg 387w, https:\/\/granvelada.com\/blog\/wp-content\/uploads\/2024\/08\/paso37-1-129x73.jpg 129w, https:\/\/granvelada.com\/blog\/wp-content\/uploads\/2024\/08\/paso37-1-768x432.jpg 768w, https:\/\/granvelada.com\/blog\/wp-content\/uploads\/2024\/08\/paso37-1-300x169.jpg 300w, https:\/\/granvelada.com\/blog\/wp-content\/uploads\/2024\/08\/paso37-1-317x178.jpg 317w, https:\/\/granvelada.com\/blog\/wp-content\/uploads\/2024\/08\/paso37-1-424x239.jpg 424w, https:\/\/granvelada.com\/blog\/wp-content\/uploads\/2024\/08\/paso37-1-896x504.jpg 896w, https:\/\/granvelada.com\/blog\/wp-content\/uploads\/2024\/08\/paso37-1-581x327.jpg 581w, https:\/\/granvelada.com\/blog\/wp-content\/uploads\/2024\/08\/paso37-1-310x174.jpg 310w, https:\/\/granvelada.com\/blog\/wp-content\/uploads\/2024\/08\/paso37-1-232x131.jpg 232w, https:\/\/granvelada.com\/blog\/wp-content\/uploads\/2024\/08\/paso37-1-275x155.jpg 275w, https:\/\/granvelada.com\/blog\/wp-content\/uploads\/2024\/08\/paso37-1-1000x563.jpg 1000w, https:\/\/granvelada.com\/blog\/wp-content\/uploads\/2024\/08\/paso37-1-947x533.jpg 947w, https:\/\/granvelada.com\/blog\/wp-content\/uploads\/2024\/08\/paso37-1.jpg 1280w\" sizes=\"auto, (max-width: 848px) 100vw, 848px\" \/><\/figure>\n\n\n\n<figure class=\"wp-block-image size-large\"><img title=\" \"loading=\"lazy\" decoding=\"async\" width=\"848\" height=\"477\" data-id=\"21757\" src=\"https:\/\/granvelada.com\/blog\/wp-content\/uploads\/2024\/08\/paso40-1-848x477.jpg\" alt=\" \" class=\"wp-image-21757\" srcset=\"https:\/\/granvelada.com\/blog\/wp-content\/uploads\/2024\/08\/paso40-1-848x477.jpg 848w, https:\/\/granvelada.com\/blog\/wp-content\/uploads\/2024\/08\/paso40-1-387x218.jpg 387w, https:\/\/granvelada.com\/blog\/wp-content\/uploads\/2024\/08\/paso40-1-129x73.jpg 129w, https:\/\/granvelada.com\/blog\/wp-content\/uploads\/2024\/08\/paso40-1-768x432.jpg 768w, https:\/\/granvelada.com\/blog\/wp-content\/uploads\/2024\/08\/paso40-1-300x169.jpg 300w, https:\/\/granvelada.com\/blog\/wp-content\/uploads\/2024\/08\/paso40-1-317x178.jpg 317w, https:\/\/granvelada.com\/blog\/wp-content\/uploads\/2024\/08\/paso40-1-424x239.jpg 424w, https:\/\/granvelada.com\/blog\/wp-content\/uploads\/2024\/08\/paso40-1-896x504.jpg 896w, https:\/\/granvelada.com\/blog\/wp-content\/uploads\/2024\/08\/paso40-1-581x327.jpg 581w, https:\/\/granvelada.com\/blog\/wp-content\/uploads\/2024\/08\/paso40-1-310x174.jpg 310w, https:\/\/granvelada.com\/blog\/wp-content\/uploads\/2024\/08\/paso40-1-232x131.jpg 232w, https:\/\/granvelada.com\/blog\/wp-content\/uploads\/2024\/08\/paso40-1-275x155.jpg 275w, https:\/\/granvelada.com\/blog\/wp-content\/uploads\/2024\/08\/paso40-1-1000x563.jpg 1000w, https:\/\/granvelada.com\/blog\/wp-content\/uploads\/2024\/08\/paso40-1-947x533.jpg 947w, https:\/\/granvelada.com\/blog\/wp-content\/uploads\/2024\/08\/paso40-1.jpg 1280w\" sizes=\"auto, (max-width: 848px) 100vw, 848px\" \/><\/figure>\n\n\n\n<figure class=\"wp-block-image size-large\"><img title=\" \"loading=\"lazy\" decoding=\"async\" width=\"848\" height=\"477\" data-id=\"21756\" src=\"https:\/\/granvelada.com\/blog\/wp-content\/uploads\/2024\/08\/passo41-1-848x477.jpg\" alt=\" \" class=\"wp-image-21756\" srcset=\"https:\/\/granvelada.com\/blog\/wp-content\/uploads\/2024\/08\/passo41-1-848x477.jpg 848w, https:\/\/granvelada.com\/blog\/wp-content\/uploads\/2024\/08\/passo41-1-387x218.jpg 387w, https:\/\/granvelada.com\/blog\/wp-content\/uploads\/2024\/08\/passo41-1-129x73.jpg 129w, https:\/\/granvelada.com\/blog\/wp-content\/uploads\/2024\/08\/passo41-1-768x432.jpg 768w, https:\/\/granvelada.com\/blog\/wp-content\/uploads\/2024\/08\/passo41-1-300x169.jpg 300w, https:\/\/granvelada.com\/blog\/wp-content\/uploads\/2024\/08\/passo41-1-317x178.jpg 317w, https:\/\/granvelada.com\/blog\/wp-content\/uploads\/2024\/08\/passo41-1-424x239.jpg 424w, https:\/\/granvelada.com\/blog\/wp-content\/uploads\/2024\/08\/passo41-1-896x504.jpg 896w, https:\/\/granvelada.com\/blog\/wp-content\/uploads\/2024\/08\/passo41-1-581x327.jpg 581w, https:\/\/granvelada.com\/blog\/wp-content\/uploads\/2024\/08\/passo41-1-310x174.jpg 310w, https:\/\/granvelada.com\/blog\/wp-content\/uploads\/2024\/08\/passo41-1-232x131.jpg 232w, https:\/\/granvelada.com\/blog\/wp-content\/uploads\/2024\/08\/passo41-1-275x155.jpg 275w, https:\/\/granvelada.com\/blog\/wp-content\/uploads\/2024\/08\/passo41-1-1000x563.jpg 1000w, https:\/\/granvelada.com\/blog\/wp-content\/uploads\/2024\/08\/passo41-1-947x533.jpg 947w, https:\/\/granvelada.com\/blog\/wp-content\/uploads\/2024\/08\/passo41-1.jpg 1280w\" sizes=\"auto, (max-width: 848px) 100vw, 848px\" \/><\/figure>\n<\/figure>\n\n\n\n<h4 class=\"wp-block-heading\">\u00bfC\u00f3mo utilizar el champ\u00fa?<\/h4>\n\n\n\n<p>Aplica una peque\u00f1a cantidad de champ\u00fa sobre el cabello mojado, masajea suavemente el cuero cabelludo y enjuaga con abundante agua. Repite si es necesario.<\/p>\n\n\n<div class=\"wp-block-image\">\n<figure class=\"aligncenter size-large is-resized\"><img title=\" \"loading=\"lazy\" decoding=\"async\" src=\"https:\/\/granvelada.com\/blog\/wp-content\/uploads\/2024\/08\/champu-reparador-en-thermomix-3-1-848x477.jpg\" alt=\" \" class=\"wp-image-21766\" width=\"1156\" height=\"650\" srcset=\"https:\/\/granvelada.com\/blog\/wp-content\/uploads\/2024\/08\/champu-reparador-en-thermomix-3-1-848x477.jpg 848w, https:\/\/granvelada.com\/blog\/wp-content\/uploads\/2024\/08\/champu-reparador-en-thermomix-3-1-387x218.jpg 387w, https:\/\/granvelada.com\/blog\/wp-content\/uploads\/2024\/08\/champu-reparador-en-thermomix-3-1-129x73.jpg 129w, https:\/\/granvelada.com\/blog\/wp-content\/uploads\/2024\/08\/champu-reparador-en-thermomix-3-1-768x432.jpg 768w, https:\/\/granvelada.com\/blog\/wp-content\/uploads\/2024\/08\/champu-reparador-en-thermomix-3-1-300x169.jpg 300w, https:\/\/granvelada.com\/blog\/wp-content\/uploads\/2024\/08\/champu-reparador-en-thermomix-3-1-317x178.jpg 317w, https:\/\/granvelada.com\/blog\/wp-content\/uploads\/2024\/08\/champu-reparador-en-thermomix-3-1-424x239.jpg 424w, https:\/\/granvelada.com\/blog\/wp-content\/uploads\/2024\/08\/champu-reparador-en-thermomix-3-1.jpg 896w, https:\/\/granvelada.com\/blog\/wp-content\/uploads\/2024\/08\/champu-reparador-en-thermomix-3-1-581x327.jpg 581w, https:\/\/granvelada.com\/blog\/wp-content\/uploads\/2024\/08\/champu-reparador-en-thermomix-3-1-310x174.jpg 310w, https:\/\/granvelada.com\/blog\/wp-content\/uploads\/2024\/08\/champu-reparador-en-thermomix-3-1-232x131.jpg 232w, https:\/\/granvelada.com\/blog\/wp-content\/uploads\/2024\/08\/champu-reparador-en-thermomix-3-1-275x155.jpg 275w\" sizes=\"auto, (max-width: 1156px) 100vw, 1156px\" \/><\/figure>\n<\/div>\n\n<div class=\"wp-block-image\">\n<figure class=\"aligncenter size-full is-resized\"><img title=\" \"loading=\"lazy\" decoding=\"async\" src=\"https:\/\/granvelada.com\/blog\/wp-content\/uploads\/2024\/08\/image-4.png\" alt=\" \" class=\"wp-image-21763\" width=\"1169\" height=\"130\" srcset=\"https:\/\/granvelada.com\/blog\/wp-content\/uploads\/2024\/08\/image-4.png 848w, https:\/\/granvelada.com\/blog\/wp-content\/uploads\/2024\/08\/image-4-387x43.png 387w, https:\/\/granvelada.com\/blog\/wp-content\/uploads\/2024\/08\/image-4-768x85.png 768w\" sizes=\"auto, (max-width: 1169px) 100vw, 1169px\" \/><figcaption class=\"wp-element-caption\">COMPRA AQU\u00cd TODOS LOS MATERIALES PARAHACER CHAMPU REPARADOR CON THERMOMIX.<\/figcaption><\/figure>\n<\/div>\n\n\n<h4 class=\"wp-block-heading\">Preguntas frecuentes sobre el champ\u00facon Thermomix:<\/h4>\n\n\n\n<ul class=\"wp-block-list\">\n<li>\u00bfEs adecuado para todo tipo de cabello? S\u00ed, pero puedes ajustar los aceites esenciales seg\u00fan tu tipo de cabello.<\/li>\n\n\n\n<li>\u00bfCu\u00e1nto tiempo dura el champ\u00fa? Almac\u00e9nalo en un lugar fresco y seco, y \u00fasalo en un plazo de 3 meses.<\/li>\n\n\n\n<li>\u00bfPuedo cambiar el aceite esencial? \u00a1S\u00ed! Personaliza tu champ\u00fa con tus aceites esenciales favoritos.<\/li>\n\n\n\n<li>\u00bfNecesito refrigerar el champ\u00fa? No es necesario, pero mantenerlo en un lugar fresco prolongar\u00e1 su vida \u00fatil.<\/li>\n\n\n\n<li>\u00bfEs seguro para cuero cabelludo sensible? S\u00ed, pero realiza una prueba de parche antes de usarlo en todo el cabello.<\/li>\n<\/ul>\n\n\n\n<h5 class=\"wp-block-heading\">\u00bfTe gustar\u00eda aprender a hacer tus propias cremas caseras? \u00a1<\/h5>\n\n\n\n<p>Est\u00e1s en el lugar correcto! En Gran Velada hemos creado un completo manual titulado \u00abAprende a hacer cremas\u00bb, pensado especialmente para aquellos que desean iniciarse en el maravilloso mundo de la cosm\u00e9tica DIY.<\/p>\n\n\n\n<figure class=\"wp-block-embed is-type-video is-provider-youtube wp-block-embed-youtube wp-embed-aspect-16-9 wp-has-aspect-ratio\"><div class=\"wp-block-embed__wrapper\">\n<iframe loading=\"lazy\" title=\"Manual gratuito de hacer cremas caseras y cosm\u00e9tica artesanal\" width=\"640\" height=\"360\" src=\"https:\/\/www.youtube.com\/embed\/RtvmADVi4UQ?feature=oembed\" frameborder=\"0\" allow=\"accelerometer; autoplay; clipboard-write; encrypted-media; gyroscope; picture-in-picture; web-share\" referrerpolicy=\"strict-origin-when-cross-origin\" allowfullscreen><\/iframe>\n<\/div><\/figure>\n\n\n\n<p><strong>\u00bfPor qu\u00e9 elegir nuestro manual?<\/strong><br>Nuestro manual es la mejor manera de empezar en este fascinante hobby, ya que te proporcionar\u00e1 toda la informaci\u00f3n necesaria para elaborar cremas de alta calidad desde la comodidad de tu hogar. Aqu\u00ed te contamos algunos de los aspectos que encontrar\u00e1s:<\/p>\n\n\n\n<ul class=\"wp-block-list\">\n<li>Materiales y equipos necesarios: Conoce los utensilios b\u00e1sicos que necesitar\u00e1s.<\/li>\n\n\n\n<li>Ingredientes esenciales: Descubre los beneficios de cada componente y c\u00f3mo combinarlos.<\/li>\n\n\n\n<li>Proceso de elaboraci\u00f3n: Sigue nuestras instrucciones paso a paso para crear cremas perfectas.<\/li>\n\n\n\n<li>Recetas populares: Encuentra diversas f\u00f3rmulas para todas las necesidades.<\/li>\n\n\n\n<li>Consejos y trucos: Personaliza tus cremas y resuelve posibles inconvenientes.<\/li>\n\n\n\n<li>Seguridad y precauciones: Aseg\u00farate de trabajar de manera segura y eficiente.<\/li>\n\n\n\n<li><strong>\u00a1Y lo mejor de todo, es gratis para ti!<\/strong><\/li>\n<\/ul>\n\n\n\n<p><br>S\u00ed, has le\u00eddo bien. En Gran Velada, te ofrecemos este manual completamente gratis. Nos apasiona compartir nuestro conocimiento y ayudarte a crear productos \u00fanicos y personalizados. Solo tienes que visitar nuestro blog y descargar el manual en el siguiente enlace.<\/p>\n\n\n\n<p>No pierdas esta oportunidad de aprender a hacer tus propias cremas y disfrutar de todos los beneficios que la cosm\u00e9tica casera tiene para ofrecer. Con Gran Velada, tendr\u00e1s acceso a recursos de calidad y a una comunidad siempre dispuesta a apoyarte en tus proyectos DIY.<\/p>\n\n\n\n<p>\u00a1Descarga el manual hoy mismo y empieza a crear tus propias cremas caseras con Gran Velada!<\/p>\n\n\n<div class=\"wp-block-image\">\n<figure class=\"aligncenter size-large is-resized\"><a href=\"https:\/\/granvelada.com\/blog\/manual-para-hacer-cremas\/\" target=\"_blank\" rel=\"noopener\"><img title=\" \"loading=\"lazy\" decoding=\"async\" src=\"https:\/\/granvelada.com\/blog\/wp-content\/uploads\/2019\/01\/banner-manual-cremas-2-848x353.jpeg\" alt=\" \" class=\"wp-image-20921\" width=\"1268\" height=\"528\" srcset=\"https:\/\/granvelada.com\/blog\/wp-content\/uploads\/2019\/01\/banner-manual-cremas-2-848x353.jpeg 848w, https:\/\/granvelada.com\/blog\/wp-content\/uploads\/2019\/01\/banner-manual-cremas-2-387x161.jpeg 387w, https:\/\/granvelada.com\/blog\/wp-content\/uploads\/2019\/01\/banner-manual-cremas-2-768x320.jpeg 768w, https:\/\/granvelada.com\/blog\/wp-content\/uploads\/2019\/01\/banner-manual-cremas-2-1000x417.jpeg 1000w, https:\/\/granvelada.com\/blog\/wp-content\/uploads\/2019\/01\/banner-manual-cremas-2-947x395.jpeg 947w, https:\/\/granvelada.com\/blog\/wp-content\/uploads\/2019\/01\/banner-manual-cremas-2.jpeg 1200w\" sizes=\"auto, (max-width: 1268px) 100vw, 1268px\" \/><\/a><\/figure>\n<\/div>","protected":false},"excerpt":{"rendered":"<p>\u00a1Bienvenidos a un mundo donde la tecnolog\u00eda se une a la belleza! Si alguna vez has so\u00f1ado con crear tus propios productos cosm\u00e9ticos en casa, est\u00e1s en el lugar indicado. Con la ayuda de tu Thermomix, es m\u00e1s f\u00e1cil que nunca elaborar cremas, acondicionadores y champ\u00fas personalizados que se adapten perfectamente a tus necesidades y&#8230;<\/p>\n","protected":false},"author":11,"featured_media":21703,"comment_status":"open","ping_status":"closed","sticky":false,"template":"","format":"standard","meta":{"_acf_changed":false,"_monsterinsights_skip_tracking":false,"_monsterinsights_sitenote_active":false,"_monsterinsights_sitenote_note":"","_monsterinsights_sitenote_category":0,"_uf_show_specific_survey":0,"_uf_disable_surveys":false,"footnotes":""},"categories":[773,751,767,744],"tags":[],"class_list":["post-21684","post","type-post","status-publish","format-standard","has-post-thumbnail","hentry","category-cosmeticos-naturales","category-destacados","category-hacer-cremas","category-post"],"acf":[],"yoast_head":"<!-- This site is optimized with the Yoast SEO plugin v19.13 - https:\/\/yoast.com\/wordpress\/plugins\/seo\/ -->\n<title>Cosm\u00e9tica casera con Thermomix Revoluciona Rutina de Belleza<\/title>\n<meta name=\"description\" content=\"Descubre c\u00f3mo la Thermomix puede transformar tu rutina de belleza con recetas de cosm\u00e9tica casera. Aprende a hacer cremas, lociones y m\u00e1s, de manera f\u00e1cil y r\u00e1pida. \u00a1Empieza hoy con Gran Velada!\" \/>\n<meta name=\"robots\" content=\"index, follow, max-snippet:-1, max-image-preview:large, max-video-preview:-1\" \/>\n<link rel=\"canonical\" href=\"https:\/\/granvelada.com\/blog\/cosmetica-casera-con-thermomix-una-revolucion-en-tu-rutina-de-belleza\/\" \/>\n<meta property=\"og:locale\" content=\"es_ES\" \/>\n<meta property=\"og:type\" content=\"article\" \/>\n<meta property=\"og:title\" content=\"Cosm\u00e9tica casera con Thermomix Revoluciona Rutina de Belleza\" \/>\n<meta property=\"og:description\" content=\"Descubre c\u00f3mo la Thermomix puede transformar tu rutina de belleza con recetas de cosm\u00e9tica casera. Aprende a hacer cremas, lociones y m\u00e1s, de manera f\u00e1cil y r\u00e1pida. \u00a1Empieza hoy con Gran Velada!\" \/>\n<meta property=\"og:url\" content=\"https:\/\/granvelada.com\/blog\/cosmetica-casera-con-thermomix-una-revolucion-en-tu-rutina-de-belleza\/\" \/>\n<meta property=\"og:site_name\" content=\"Blog de Gran Velada\" \/>\n<meta property=\"article:publisher\" content=\"https:\/\/es-la.facebook.com\/hacerjabon\" \/>\n<meta property=\"article:published_time\" content=\"2024-08-05T11:31:12+00:00\" \/>\n<meta property=\"article:modified_time\" content=\"2024-09-09T10:05:19+00:00\" \/>\n<meta property=\"og:image\" content=\"https:\/\/granvelada.com\/blog\/wp-content\/uploads\/2024\/08\/como-hacer-cosmetica-con-thermomix.jpg\" \/>\n\t<meta property=\"og:image:width\" content=\"1280\" \/>\n\t<meta property=\"og:image:height\" content=\"720\" \/>\n\t<meta property=\"og:image:type\" content=\"image\/jpeg\" \/>\n<meta name=\"author\" content=\"contacto@granvelada.com\" \/>\n<meta name=\"twitter:card\" content=\"summary_large_image\" \/>\n<meta name=\"twitter:creator\" content=\"@granvelada\" \/>\n<meta name=\"twitter:site\" content=\"@granvelada\" \/>\n<meta name=\"twitter:label1\" content=\"Escrito por\" \/>\n\t<meta name=\"twitter:data1\" content=\"contacto@granvelada.com\" \/>\n\t<meta name=\"twitter:label2\" content=\"Tiempo de lectura\" \/>\n\t<meta name=\"twitter:data2\" content=\"21 minutos\" \/>\n<script type=\"application\/ld+json\" class=\"yoast-schema-graph\">{\"@context\":\"https:\/\/schema.org\",\"@graph\":[{\"@type\":\"Article\",\"@id\":\"https:\/\/granvelada.com\/blog\/cosmetica-casera-con-thermomix-una-revolucion-en-tu-rutina-de-belleza\/#article\",\"isPartOf\":{\"@id\":\"https:\/\/granvelada.com\/blog\/cosmetica-casera-con-thermomix-una-revolucion-en-tu-rutina-de-belleza\/\"},\"author\":{\"name\":\"contacto@granvelada.com\",\"@id\":\"https:\/\/granvelada.com\/blog\/#\/schema\/person\/79a0c8033911e0b07bad40e7b4beb5e5\"},\"headline\":\"Cosm\u00e9tica casera con Thermomix: Una revoluci\u00f3n en tu rutina de Belleza\",\"datePublished\":\"2024-08-05T11:31:12+00:00\",\"dateModified\":\"2024-09-09T10:05:19+00:00\",\"mainEntityOfPage\":{\"@id\":\"https:\/\/granvelada.com\/blog\/cosmetica-casera-con-thermomix-una-revolucion-en-tu-rutina-de-belleza\/\"},\"wordCount\":1893,\"commentCount\":0,\"publisher\":{\"@id\":\"https:\/\/granvelada.com\/blog\/#organization\"},\"articleSection\":[\"Cosm\u00e9ticos naturales\",\"Destacados\",\"Hacer Cremas\",\"Post\"],\"inLanguage\":\"es\",\"potentialAction\":[{\"@type\":\"CommentAction\",\"name\":\"Comment\",\"target\":[\"https:\/\/granvelada.com\/blog\/cosmetica-casera-con-thermomix-una-revolucion-en-tu-rutina-de-belleza\/#respond\"]}]},{\"@type\":\"WebPage\",\"@id\":\"https:\/\/granvelada.com\/blog\/cosmetica-casera-con-thermomix-una-revolucion-en-tu-rutina-de-belleza\/\",\"url\":\"https:\/\/granvelada.com\/blog\/cosmetica-casera-con-thermomix-una-revolucion-en-tu-rutina-de-belleza\/\",\"name\":\"Cosm\u00e9tica casera con Thermomix Revoluciona Rutina de Belleza\",\"isPartOf\":{\"@id\":\"https:\/\/granvelada.com\/blog\/#website\"},\"datePublished\":\"2024-08-05T11:31:12+00:00\",\"dateModified\":\"2024-09-09T10:05:19+00:00\",\"description\":\"Descubre c\u00f3mo la Thermomix puede transformar tu rutina de belleza con recetas de cosm\u00e9tica casera. Aprende a hacer cremas, lociones y m\u00e1s, de manera f\u00e1cil y r\u00e1pida. \u00a1Empieza hoy con Gran Velada!\",\"breadcrumb\":{\"@id\":\"https:\/\/granvelada.com\/blog\/cosmetica-casera-con-thermomix-una-revolucion-en-tu-rutina-de-belleza\/#breadcrumb\"},\"inLanguage\":\"es\",\"potentialAction\":[{\"@type\":\"ReadAction\",\"target\":[\"https:\/\/granvelada.com\/blog\/cosmetica-casera-con-thermomix-una-revolucion-en-tu-rutina-de-belleza\/\"]}]},{\"@type\":\"BreadcrumbList\",\"@id\":\"https:\/\/granvelada.com\/blog\/cosmetica-casera-con-thermomix-una-revolucion-en-tu-rutina-de-belleza\/#breadcrumb\",\"itemListElement\":[{\"@type\":\"ListItem\",\"position\":1,\"name\":\"Portada\",\"item\":\"https:\/\/granvelada.com\/blog\/\"},{\"@type\":\"ListItem\",\"position\":2,\"name\":\"Cosm\u00e9tica casera con Thermomix: Una revoluci\u00f3n en tu rutina de Belleza\"}]},{\"@type\":\"WebSite\",\"@id\":\"https:\/\/granvelada.com\/blog\/#website\",\"url\":\"https:\/\/granvelada.com\/blog\/\",\"name\":\"Blog de Gran Velada\",\"description\":\"Recetas y tutoriales para hacer cremas, jabones, velas, detalles y cosm\u00e9tica casera\",\"publisher\":{\"@id\":\"https:\/\/granvelada.com\/blog\/#organization\"},\"potentialAction\":[{\"@type\":\"SearchAction\",\"target\":{\"@type\":\"EntryPoint\",\"urlTemplate\":\"https:\/\/granvelada.com\/blog\/?s={search_term_string}\"},\"query-input\":\"required name=search_term_string\"}],\"inLanguage\":\"es\"},{\"@type\":\"Organization\",\"@id\":\"https:\/\/granvelada.com\/blog\/#organization\",\"name\":\"Granvelada.com\",\"url\":\"https:\/\/granvelada.com\/blog\/\",\"logo\":{\"@type\":\"ImageObject\",\"inLanguage\":\"es\",\"@id\":\"https:\/\/granvelada.com\/blog\/#\/schema\/logo\/image\/\",\"url\":\"https:\/\/granvelada.com\/blog\/wp-content\/uploads\/2015\/06\/hacervelas-granvelada.jpg\",\"contentUrl\":\"https:\/\/granvelada.com\/blog\/wp-content\/uploads\/2015\/06\/hacervelas-granvelada.jpg\",\"width\":851,\"height\":315,\"caption\":\"Granvelada.com\"},\"image\":{\"@id\":\"https:\/\/granvelada.com\/blog\/#\/schema\/logo\/image\/\"},\"sameAs\":[\"https:\/\/www.pinterest.com\/hacerjabon\/\",\"https:\/\/www.youtube.com\/user\/hacerjabones\",\"https:\/\/es-la.facebook.com\/hacerjabon\",\"https:\/\/twitter.com\/granvelada\"]},{\"@type\":\"Person\",\"@id\":\"https:\/\/granvelada.com\/blog\/#\/schema\/person\/79a0c8033911e0b07bad40e7b4beb5e5\",\"name\":\"contacto@granvelada.com\",\"image\":{\"@type\":\"ImageObject\",\"inLanguage\":\"es\",\"@id\":\"https:\/\/granvelada.com\/blog\/#\/schema\/person\/image\/\",\"url\":\"https:\/\/secure.gravatar.com\/avatar\/e958d5c17339949fb4785a9125a88aeee44e33d213fb1dc61944c17f81676f25?s=96&d=mm&r=g\",\"contentUrl\":\"https:\/\/secure.gravatar.com\/avatar\/e958d5c17339949fb4785a9125a88aeee44e33d213fb1dc61944c17f81676f25?s=96&d=mm&r=g\",\"caption\":\"contacto@granvelada.com\"}}]}<\/script>\n<!-- \/ Yoast SEO plugin. -->","yoast_head_json":{"title":"Cosm\u00e9tica casera con Thermomix Revoluciona Rutina de Belleza","description":"Descubre c\u00f3mo la Thermomix puede transformar tu rutina de belleza con recetas de cosm\u00e9tica casera. Aprende a hacer cremas, lociones y m\u00e1s, de manera f\u00e1cil y r\u00e1pida. \u00a1Empieza hoy con Gran Velada!","robots":{"index":"index","follow":"follow","max-snippet":"max-snippet:-1","max-image-preview":"max-image-preview:large","max-video-preview":"max-video-preview:-1"},"canonical":"https:\/\/granvelada.com\/blog\/cosmetica-casera-con-thermomix-una-revolucion-en-tu-rutina-de-belleza\/","og_locale":"es_ES","og_type":"article","og_title":"Cosm\u00e9tica casera con Thermomix Revoluciona Rutina de Belleza","og_description":"Descubre c\u00f3mo la Thermomix puede transformar tu rutina de belleza con recetas de cosm\u00e9tica casera. Aprende a hacer cremas, lociones y m\u00e1s, de manera f\u00e1cil y r\u00e1pida. \u00a1Empieza hoy con Gran Velada!","og_url":"https:\/\/granvelada.com\/blog\/cosmetica-casera-con-thermomix-una-revolucion-en-tu-rutina-de-belleza\/","og_site_name":"Blog de Gran Velada","article_publisher":"https:\/\/es-la.facebook.com\/hacerjabon","article_published_time":"2024-08-05T11:31:12+00:00","article_modified_time":"2024-09-09T10:05:19+00:00","og_image":[{"width":1280,"height":720,"url":"https:\/\/granvelada.com\/blog\/wp-content\/uploads\/2024\/08\/como-hacer-cosmetica-con-thermomix.jpg","type":"image\/jpeg"}],"author":"contacto@granvelada.com","twitter_card":"summary_large_image","twitter_creator":"@granvelada","twitter_site":"@granvelada","twitter_misc":{"Escrito por":"contacto@granvelada.com","Tiempo de lectura":"21 minutos"},"schema":{"@context":"https:\/\/schema.org","@graph":[{"@type":"Article","@id":"https:\/\/granvelada.com\/blog\/cosmetica-casera-con-thermomix-una-revolucion-en-tu-rutina-de-belleza\/#article","isPartOf":{"@id":"https:\/\/granvelada.com\/blog\/cosmetica-casera-con-thermomix-una-revolucion-en-tu-rutina-de-belleza\/"},"author":{"name":"contacto@granvelada.com","@id":"https:\/\/granvelada.com\/blog\/#\/schema\/person\/79a0c8033911e0b07bad40e7b4beb5e5"},"headline":"Cosm\u00e9tica casera con Thermomix: Una revoluci\u00f3n en tu rutina de Belleza","datePublished":"2024-08-05T11:31:12+00:00","dateModified":"2024-09-09T10:05:19+00:00","mainEntityOfPage":{"@id":"https:\/\/granvelada.com\/blog\/cosmetica-casera-con-thermomix-una-revolucion-en-tu-rutina-de-belleza\/"},"wordCount":1893,"commentCount":0,"publisher":{"@id":"https:\/\/granvelada.com\/blog\/#organization"},"articleSection":["Cosm\u00e9ticos naturales","Destacados","Hacer Cremas","Post"],"inLanguage":"es","potentialAction":[{"@type":"CommentAction","name":"Comment","target":["https:\/\/granvelada.com\/blog\/cosmetica-casera-con-thermomix-una-revolucion-en-tu-rutina-de-belleza\/#respond"]}]},{"@type":"WebPage","@id":"https:\/\/granvelada.com\/blog\/cosmetica-casera-con-thermomix-una-revolucion-en-tu-rutina-de-belleza\/","url":"https:\/\/granvelada.com\/blog\/cosmetica-casera-con-thermomix-una-revolucion-en-tu-rutina-de-belleza\/","name":"Cosm\u00e9tica casera con Thermomix Revoluciona Rutina de Belleza","isPartOf":{"@id":"https:\/\/granvelada.com\/blog\/#website"},"datePublished":"2024-08-05T11:31:12+00:00","dateModified":"2024-09-09T10:05:19+00:00","description":"Descubre c\u00f3mo la Thermomix puede transformar tu rutina de belleza con recetas de cosm\u00e9tica casera. Aprende a hacer cremas, lociones y m\u00e1s, de manera f\u00e1cil y r\u00e1pida. \u00a1Empieza hoy con Gran Velada!","breadcrumb":{"@id":"https:\/\/granvelada.com\/blog\/cosmetica-casera-con-thermomix-una-revolucion-en-tu-rutina-de-belleza\/#breadcrumb"},"inLanguage":"es","potentialAction":[{"@type":"ReadAction","target":["https:\/\/granvelada.com\/blog\/cosmetica-casera-con-thermomix-una-revolucion-en-tu-rutina-de-belleza\/"]}]},{"@type":"BreadcrumbList","@id":"https:\/\/granvelada.com\/blog\/cosmetica-casera-con-thermomix-una-revolucion-en-tu-rutina-de-belleza\/#breadcrumb","itemListElement":[{"@type":"ListItem","position":1,"name":"Portada","item":"https:\/\/granvelada.com\/blog\/"},{"@type":"ListItem","position":2,"name":"Cosm\u00e9tica casera con Thermomix: Una revoluci\u00f3n en tu rutina de Belleza"}]},{"@type":"WebSite","@id":"https:\/\/granvelada.com\/blog\/#website","url":"https:\/\/granvelada.com\/blog\/","name":"Blog de Gran Velada","description":"Recetas y tutoriales para hacer cremas, jabones, velas, detalles y cosm\u00e9tica casera","publisher":{"@id":"https:\/\/granvelada.com\/blog\/#organization"},"potentialAction":[{"@type":"SearchAction","target":{"@type":"EntryPoint","urlTemplate":"https:\/\/granvelada.com\/blog\/?s={search_term_string}"},"query-input":"required name=search_term_string"}],"inLanguage":"es"},{"@type":"Organization","@id":"https:\/\/granvelada.com\/blog\/#organization","name":"Granvelada.com","url":"https:\/\/granvelada.com\/blog\/","logo":{"@type":"ImageObject","inLanguage":"es","@id":"https:\/\/granvelada.com\/blog\/#\/schema\/logo\/image\/","url":"https:\/\/granvelada.com\/blog\/wp-content\/uploads\/2015\/06\/hacervelas-granvelada.jpg","contentUrl":"https:\/\/granvelada.com\/blog\/wp-content\/uploads\/2015\/06\/hacervelas-granvelada.jpg","width":851,"height":315,"caption":"Granvelada.com"},"image":{"@id":"https:\/\/granvelada.com\/blog\/#\/schema\/logo\/image\/"},"sameAs":["https:\/\/www.pinterest.com\/hacerjabon\/","https:\/\/www.youtube.com\/user\/hacerjabones","https:\/\/es-la.facebook.com\/hacerjabon","https:\/\/twitter.com\/granvelada"]},{"@type":"Person","@id":"https:\/\/granvelada.com\/blog\/#\/schema\/person\/79a0c8033911e0b07bad40e7b4beb5e5","name":"contacto@granvelada.com","image":{"@type":"ImageObject","inLanguage":"es","@id":"https:\/\/granvelada.com\/blog\/#\/schema\/person\/image\/","url":"https:\/\/secure.gravatar.com\/avatar\/e958d5c17339949fb4785a9125a88aeee44e33d213fb1dc61944c17f81676f25?s=96&d=mm&r=g","contentUrl":"https:\/\/secure.gravatar.com\/avatar\/e958d5c17339949fb4785a9125a88aeee44e33d213fb1dc61944c17f81676f25?s=96&d=mm&r=g","caption":"contacto@granvelada.com"}}]}},"_links":{"self":[{"href":"https:\/\/granvelada.com\/blog\/wp-json\/wp\/v2\/posts\/21684","targetHints":{"allow":["GET"]}}],"collection":[{"href":"https:\/\/granvelada.com\/blog\/wp-json\/wp\/v2\/posts"}],"about":[{"href":"https:\/\/granvelada.com\/blog\/wp-json\/wp\/v2\/types\/post"}],"author":[{"embeddable":true,"href":"https:\/\/granvelada.com\/blog\/wp-json\/wp\/v2\/users\/11"}],"replies":[{"embeddable":true,"href":"https:\/\/granvelada.com\/blog\/wp-json\/wp\/v2\/comments?post=21684"}],"version-history":[{"count":15,"href":"https:\/\/granvelada.com\/blog\/wp-json\/wp\/v2\/posts\/21684\/revisions"}],"predecessor-version":[{"id":23338,"href":"https:\/\/granvelada.com\/blog\/wp-json\/wp\/v2\/posts\/21684\/revisions\/23338"}],"wp:featuredmedia":[{"embeddable":true,"href":"https:\/\/granvelada.com\/blog\/wp-json\/wp\/v2\/media\/21703"}],"wp:attachment":[{"href":"https:\/\/granvelada.com\/blog\/wp-json\/wp\/v2\/media?parent=21684"}],"wp:term":[{"taxonomy":"category","embeddable":true,"href":"https:\/\/granvelada.com\/blog\/wp-json\/wp\/v2\/categories?post=21684"},{"taxonomy":"post_tag","embeddable":true,"href":"https:\/\/granvelada.com\/blog\/wp-json\/wp\/v2\/tags?post=21684"}],"curies":[{"name":"wp","href":"https:\/\/api.w.org\/{rel}","templated":true}]}}