{"id":16308,"date":"2022-03-16T16:19:34","date_gmt":"2022-03-16T15:19:34","guid":{"rendered":"https:\/\/granvelada.com\/blog\/?p=16308"},"modified":"2024-09-09T12:07:46","modified_gmt":"2024-09-09T10:07:46","slug":"velitas-de-te","status":"publish","type":"post","link":"https:\/\/granvelada.com\/blog\/velitas-de-te\/","title":{"rendered":"Descubre como hacer Velitas de T\u00e9"},"content":{"rendered":"\n<p>\u00a1Aprende c\u00f3mo hacer tus propias velitas de Te, totalmente personalizadas en aroma y color.. con este tutorial! Ver\u00e1s que son facil\u00edsimas de preparar, podr\u00e1s tambien elegir el envase de las Velitas entre una amplia gama.. <\/p>\n\n\n\n<!--more-->\n\n\n\n<p>Las Velitas de Te son ideales para complementar fanales, quemadores de esencias o para ambientar tu hogar. <\/p>\n\n\n\n<figure class=\"wp-block-image size-large is-resized\"><img title=\" \"loading=\"lazy\" decoding=\"async\" src=\"https:\/\/granvelada.com\/blog\/wp-content\/uploads\/2022\/03\/mini-fanales-de-colores-2-848x477.jpg\" alt=\" \" class=\"wp-image-16309\" width=\"1200\" height=\"675\" srcset=\"https:\/\/granvelada.com\/blog\/wp-content\/uploads\/2022\/03\/mini-fanales-de-colores-2-848x477.jpg 848w, https:\/\/granvelada.com\/blog\/wp-content\/uploads\/2022\/03\/mini-fanales-de-colores-2-387x218.jpg 387w, https:\/\/granvelada.com\/blog\/wp-content\/uploads\/2022\/03\/mini-fanales-de-colores-2-129x73.jpg 129w, https:\/\/granvelada.com\/blog\/wp-content\/uploads\/2022\/03\/mini-fanales-de-colores-2-768x432.jpg 768w, https:\/\/granvelada.com\/blog\/wp-content\/uploads\/2022\/03\/mini-fanales-de-colores-2-300x169.jpg 300w, https:\/\/granvelada.com\/blog\/wp-content\/uploads\/2022\/03\/mini-fanales-de-colores-2-317x178.jpg 317w, https:\/\/granvelada.com\/blog\/wp-content\/uploads\/2022\/03\/mini-fanales-de-colores-2-424x239.jpg 424w, https:\/\/granvelada.com\/blog\/wp-content\/uploads\/2022\/03\/mini-fanales-de-colores-2-581x327.jpg 581w, https:\/\/granvelada.com\/blog\/wp-content\/uploads\/2022\/03\/mini-fanales-de-colores-2-310x174.jpg 310w, https:\/\/granvelada.com\/blog\/wp-content\/uploads\/2022\/03\/mini-fanales-de-colores-2-232x131.jpg 232w, https:\/\/granvelada.com\/blog\/wp-content\/uploads\/2022\/03\/mini-fanales-de-colores-2-275x155.jpg 275w, https:\/\/granvelada.com\/blog\/wp-content\/uploads\/2022\/03\/mini-fanales-de-colores-2.jpg 896w\" sizes=\"auto, (max-width: 1200px) 100vw, 1200px\" \/><\/figure>\n\n\n\n<p>En el caso de los Fanales puedes colocar una velita de Te en su interior, de esta manera se pueden utilizar los Fanales a modo de velas, con la salvedad que cambiando la velita interior son interminables, por lo que utilizarlos no ser\u00e1 problema, ya que no nos dar\u00e1 ninguna pena que se acaben..<\/p>\n\n\n\n<figure class=\"wp-block-image size-large is-resized\"><img title=\" \"loading=\"lazy\" decoding=\"async\" src=\"https:\/\/granvelada.com\/blog\/wp-content\/uploads\/2022\/03\/snap-bars-para-detalles-de-boda-post-848x477.jpg\" alt=\" \" class=\"wp-image-16310\" width=\"1196\" height=\"673\" srcset=\"https:\/\/granvelada.com\/blog\/wp-content\/uploads\/2022\/03\/snap-bars-para-detalles-de-boda-post-848x477.jpg 848w, https:\/\/granvelada.com\/blog\/wp-content\/uploads\/2022\/03\/snap-bars-para-detalles-de-boda-post-387x218.jpg 387w, https:\/\/granvelada.com\/blog\/wp-content\/uploads\/2022\/03\/snap-bars-para-detalles-de-boda-post-129x73.jpg 129w, https:\/\/granvelada.com\/blog\/wp-content\/uploads\/2022\/03\/snap-bars-para-detalles-de-boda-post-768x432.jpg 768w, https:\/\/granvelada.com\/blog\/wp-content\/uploads\/2022\/03\/snap-bars-para-detalles-de-boda-post-300x169.jpg 300w, https:\/\/granvelada.com\/blog\/wp-content\/uploads\/2022\/03\/snap-bars-para-detalles-de-boda-post-317x178.jpg 317w, https:\/\/granvelada.com\/blog\/wp-content\/uploads\/2022\/03\/snap-bars-para-detalles-de-boda-post-424x239.jpg 424w, https:\/\/granvelada.com\/blog\/wp-content\/uploads\/2022\/03\/snap-bars-para-detalles-de-boda-post-581x327.jpg 581w, https:\/\/granvelada.com\/blog\/wp-content\/uploads\/2022\/03\/snap-bars-para-detalles-de-boda-post-310x174.jpg 310w, https:\/\/granvelada.com\/blog\/wp-content\/uploads\/2022\/03\/snap-bars-para-detalles-de-boda-post-232x131.jpg 232w, https:\/\/granvelada.com\/blog\/wp-content\/uploads\/2022\/03\/snap-bars-para-detalles-de-boda-post-275x155.jpg 275w, https:\/\/granvelada.com\/blog\/wp-content\/uploads\/2022\/03\/snap-bars-para-detalles-de-boda-post.jpg 896w\" sizes=\"auto, (max-width: 1196px) 100vw, 1196px\" \/><\/figure>\n\n\n\n<p>En el caso de los quemadores, podremos poner en el espacio superior diferentes tipos de Ceras aromaticas, esencias aromaticas y como no Aceites esenciales. Como vemos en aromaterapia el uso de estas velitas es simplemente imprescindible..<\/p>\n\n\n\n<p>\u00a1No pierdas detalle.. y manos a la obra..!<\/p>\n\n\n\n<figure class=\"wp-block-embed is-type-video is-provider-youtube wp-block-embed-youtube wp-embed-aspect-16-9 wp-has-aspect-ratio\"><div class=\"wp-block-embed__wrapper\">\n<iframe loading=\"lazy\" title=\"Aprende como hacer Velas de Te\" width=\"640\" height=\"360\" src=\"https:\/\/www.youtube.com\/embed\/PKPBE0FVTL0?feature=oembed\" frameborder=\"0\" allow=\"accelerometer; autoplay; clipboard-write; encrypted-media; gyroscope; picture-in-picture\" allowfullscreen><\/iframe>\n<\/div><\/figure>\n\n\n\n<figure class=\"wp-block-image size-large is-resized\"><img title=\" \"loading=\"lazy\" decoding=\"async\" src=\"https:\/\/granvelada.com\/blog\/wp-content\/uploads\/2022\/03\/ingredientes-velas-de-te-848x477.jpg\" alt=\" \" class=\"wp-image-16339\" width=\"1211\" height=\"681\" srcset=\"https:\/\/granvelada.com\/blog\/wp-content\/uploads\/2022\/03\/ingredientes-velas-de-te-848x477.jpg 848w, https:\/\/granvelada.com\/blog\/wp-content\/uploads\/2022\/03\/ingredientes-velas-de-te-387x218.jpg 387w, https:\/\/granvelada.com\/blog\/wp-content\/uploads\/2022\/03\/ingredientes-velas-de-te-129x73.jpg 129w, https:\/\/granvelada.com\/blog\/wp-content\/uploads\/2022\/03\/ingredientes-velas-de-te-768x432.jpg 768w, https:\/\/granvelada.com\/blog\/wp-content\/uploads\/2022\/03\/ingredientes-velas-de-te-300x169.jpg 300w, https:\/\/granvelada.com\/blog\/wp-content\/uploads\/2022\/03\/ingredientes-velas-de-te-317x178.jpg 317w, https:\/\/granvelada.com\/blog\/wp-content\/uploads\/2022\/03\/ingredientes-velas-de-te-424x239.jpg 424w, https:\/\/granvelada.com\/blog\/wp-content\/uploads\/2022\/03\/ingredientes-velas-de-te-896x504.jpg 896w, https:\/\/granvelada.com\/blog\/wp-content\/uploads\/2022\/03\/ingredientes-velas-de-te-581x327.jpg 581w, https:\/\/granvelada.com\/blog\/wp-content\/uploads\/2022\/03\/ingredientes-velas-de-te-310x174.jpg 310w, https:\/\/granvelada.com\/blog\/wp-content\/uploads\/2022\/03\/ingredientes-velas-de-te-232x131.jpg 232w, https:\/\/granvelada.com\/blog\/wp-content\/uploads\/2022\/03\/ingredientes-velas-de-te-275x155.jpg 275w, https:\/\/granvelada.com\/blog\/wp-content\/uploads\/2022\/03\/ingredientes-velas-de-te-1543x868.jpg 1543w, https:\/\/granvelada.com\/blog\/wp-content\/uploads\/2022\/03\/ingredientes-velas-de-te-1000x563.jpg 1000w, https:\/\/granvelada.com\/blog\/wp-content\/uploads\/2022\/03\/ingredientes-velas-de-te-947x533.jpg 947w, https:\/\/granvelada.com\/blog\/wp-content\/uploads\/2022\/03\/ingredientes-velas-de-te.jpg 1920w\" sizes=\"auto, (max-width: 1211px) 100vw, 1211px\" \/><\/figure>\n\n\n\n<p>Estos son los materiales que hemos utilizado: <\/p>\n\n\n\n<ul class=\"wp-block-list\">\n<li><a href=\"https:\/\/granvelada.com\/es\/ceras-y-parafinas-para-velas-y-cosmetica\/4140-cera-natural-velas-de-te.html\" target=\"_blank\" rel=\"noreferrer noopener\">Cera para velas de t\u00e9 <\/a><\/li>\n<\/ul>\n\n\n\n<p>\u00bf Conoces nuestra nueva cera para hacer&nbsp;<strong>velas de te<\/strong>..?&nbsp;Es una nueva f\u00f3rmula especial que ayuda a que las velas duren tiempo encendidas y no genera rechupe. Se trata de una cera que destaca por su calidad, lenta combusti\u00f3n y ausencia de rechupe. Es una cera con alta dureza y un punto de fusi\u00f3n alto que se consume poco a poco, algo imprescindible a la hora de&nbsp;<strong>hacer velas de te<\/strong>.<\/p>\n\n\n\n<ul class=\"wp-block-list\">\n<li><a href=\"https:\/\/granvelada.com\/es\/tarros-y-recipientes-para-hacer-velas\/4137-recipientes-velas-de-te-comprar.html\" target=\"_blank\" rel=\"noreferrer noopener\">Recipiente velitas de t\u00e9 <\/a><\/li>\n<\/ul>\n\n\n\n<p>Son recipientes vac\u00edos de&nbsp;<strong>metacrilato<\/strong>&nbsp;para hacer velitas de t\u00e9, de 3,9 x 1,8 cm. Son transparentes y redondos y necesitar\u00e1s unos&nbsp;<strong>15 gr. de cera por recipiente<\/strong>. Se trata de envases de metacrilato de alta calidad, ideales para hacer este tipo de elaboraciones caseras. Estos envases para velas se venden tanto en unidades sueltas como en packs y contamos con descuentos por cantidad. <a href=\"https:\/\/granvelada.com\/es\/640-tarros-y-recipientes-para-hacer-velas\" target=\"_blank\" rel=\"noreferrer noopener\">En Gran Velada disponemos de otros muchos recipientes que puedes ver aqu\u00ed..<\/a><\/p>\n\n\n\n<figure class=\"wp-block-gallery has-nested-images columns-default is-cropped wp-block-gallery-1 is-layout-flex wp-block-gallery-is-layout-flex\">\n<figure class=\"wp-block-image size-large\"><img title=\" \"loading=\"lazy\" decoding=\"async\" width=\"477\" height=\"477\" data-id=\"16312\" src=\"https:\/\/granvelada.com\/blog\/wp-content\/uploads\/2022\/03\/recipientes-velas-de-te-comprar-477x477.jpg\" alt=\" \" class=\"wp-image-16312\" srcset=\"https:\/\/granvelada.com\/blog\/wp-content\/uploads\/2022\/03\/recipientes-velas-de-te-comprar-477x477.jpg 477w, https:\/\/granvelada.com\/blog\/wp-content\/uploads\/2022\/03\/recipientes-velas-de-te-comprar-218x218.jpg 218w, https:\/\/granvelada.com\/blog\/wp-content\/uploads\/2022\/03\/recipientes-velas-de-te-comprar-150x150.jpg 150w, https:\/\/granvelada.com\/blog\/wp-content\/uploads\/2022\/03\/recipientes-velas-de-te-comprar-250x250.jpg 250w, https:\/\/granvelada.com\/blog\/wp-content\/uploads\/2022\/03\/recipientes-velas-de-te-comprar-100x100.jpg 100w, https:\/\/granvelada.com\/blog\/wp-content\/uploads\/2022\/03\/recipientes-velas-de-te-comprar.jpg 600w\" sizes=\"auto, (max-width: 477px) 100vw, 477px\" \/><\/figure>\n\n\n\n<figure class=\"wp-block-image size-large\"><img title=\" \"loading=\"lazy\" decoding=\"async\" width=\"477\" height=\"477\" data-id=\"16313\" src=\"https:\/\/granvelada.com\/blog\/wp-content\/uploads\/2022\/03\/cera-natural-velas-de-te-477x477.jpg\" alt=\" \" class=\"wp-image-16313\" srcset=\"https:\/\/granvelada.com\/blog\/wp-content\/uploads\/2022\/03\/cera-natural-velas-de-te-477x477.jpg 477w, https:\/\/granvelada.com\/blog\/wp-content\/uploads\/2022\/03\/cera-natural-velas-de-te-218x218.jpg 218w, https:\/\/granvelada.com\/blog\/wp-content\/uploads\/2022\/03\/cera-natural-velas-de-te-150x150.jpg 150w, https:\/\/granvelada.com\/blog\/wp-content\/uploads\/2022\/03\/cera-natural-velas-de-te-250x250.jpg 250w, https:\/\/granvelada.com\/blog\/wp-content\/uploads\/2022\/03\/cera-natural-velas-de-te-100x100.jpg 100w, https:\/\/granvelada.com\/blog\/wp-content\/uploads\/2022\/03\/cera-natural-velas-de-te.jpg 600w\" sizes=\"auto, (max-width: 477px) 100vw, 477px\" \/><\/figure>\n<\/figure>\n\n\n\n<figure class=\"wp-block-image size-large is-resized\"><img title=\" \"loading=\"lazy\" decoding=\"async\" src=\"https:\/\/granvelada.com\/blog\/wp-content\/uploads\/2022\/03\/ingredientes-velas-te2-848x477.jpg\" alt=\" \" class=\"wp-image-16340\" width=\"1239\" height=\"697\" srcset=\"https:\/\/granvelada.com\/blog\/wp-content\/uploads\/2022\/03\/ingredientes-velas-te2-848x477.jpg 848w, https:\/\/granvelada.com\/blog\/wp-content\/uploads\/2022\/03\/ingredientes-velas-te2-387x218.jpg 387w, https:\/\/granvelada.com\/blog\/wp-content\/uploads\/2022\/03\/ingredientes-velas-te2-129x73.jpg 129w, https:\/\/granvelada.com\/blog\/wp-content\/uploads\/2022\/03\/ingredientes-velas-te2-768x432.jpg 768w, https:\/\/granvelada.com\/blog\/wp-content\/uploads\/2022\/03\/ingredientes-velas-te2-300x169.jpg 300w, https:\/\/granvelada.com\/blog\/wp-content\/uploads\/2022\/03\/ingredientes-velas-te2-317x178.jpg 317w, https:\/\/granvelada.com\/blog\/wp-content\/uploads\/2022\/03\/ingredientes-velas-te2-424x239.jpg 424w, https:\/\/granvelada.com\/blog\/wp-content\/uploads\/2022\/03\/ingredientes-velas-te2-896x504.jpg 896w, https:\/\/granvelada.com\/blog\/wp-content\/uploads\/2022\/03\/ingredientes-velas-te2-581x327.jpg 581w, https:\/\/granvelada.com\/blog\/wp-content\/uploads\/2022\/03\/ingredientes-velas-te2-310x174.jpg 310w, https:\/\/granvelada.com\/blog\/wp-content\/uploads\/2022\/03\/ingredientes-velas-te2-232x131.jpg 232w, https:\/\/granvelada.com\/blog\/wp-content\/uploads\/2022\/03\/ingredientes-velas-te2-275x155.jpg 275w, https:\/\/granvelada.com\/blog\/wp-content\/uploads\/2022\/03\/ingredientes-velas-te2-1543x868.jpg 1543w, https:\/\/granvelada.com\/blog\/wp-content\/uploads\/2022\/03\/ingredientes-velas-te2-1000x563.jpg 1000w, https:\/\/granvelada.com\/blog\/wp-content\/uploads\/2022\/03\/ingredientes-velas-te2-947x533.jpg 947w, https:\/\/granvelada.com\/blog\/wp-content\/uploads\/2022\/03\/ingredientes-velas-te2.jpg 1920w\" sizes=\"auto, (max-width: 1239px) 100vw, 1239px\" \/><\/figure>\n\n\n\n<ul class=\"wp-block-list\">\n<li><a href=\"https:\/\/granvelada.com\/es\/mechas-para-velas\/5589-mecha-velas-encerada-6-7.html\" target=\"_blank\" rel=\"noreferrer noopener\">Mecha encerada para Velas 6\/7 cm.<\/a><\/li>\n<\/ul>\n\n\n\n<p>En Gran Velada puedes&nbsp;<strong>comprar mecha encerada<\/strong>&nbsp;para velas de diferentes tama\u00f1os de grosor. Se vende a metros. Se trata de un material imprescindible a la hora de fabricar velas, ya que es la encargada de que la vela se vaya quemando, por eso elegirla adecuadamente es fundamental para que la combusti\u00f3n sea correcta.<\/p>\n\n\n\n<p>La mecha encerada es la m\u00e1s com\u00fan a la hora de hacer velas. Se trata de una mecha de algod\u00f3n, ba\u00f1ada en parafina, lista para colocar en la vela. Var\u00eda su grosor, es decir el n\u00famero de filamentos que lleva.<\/p>\n\n\n\n<ul class=\"wp-block-list\">\n<li><a href=\"https:\/\/granvelada.com\/es\/donde-comprar-esencias-para-hacer-jabones-jabon-velas-perfumes\/563-donde-comprar-esencia-aromatica-de-te-verde.html\" target=\"_blank\" rel=\"noreferrer noopener\">Esencia aromatica de Te Verde<\/a><\/li>\n<\/ul>\n\n\n\n<p>La&nbsp;<strong>esencia de te verde<\/strong>&nbsp;combina notas c\u00edtricas con aromas herbales y matices florales. \u00a1El resultado conquistar\u00e1 tus sentidos! En la&nbsp;<strong>fragancia de te verde<\/strong>&nbsp;encontrar\u00e1s acordes frescos de bergamota o lim\u00f3n; el toque floral de la rosa, la violeta o el jazm\u00edn; y los matices empolvados del almizcle. Es una esencia ideal para fabricar velas y ambientadores. Adem\u00e1s podr\u00e1s darle otros&nbsp;<strong>usos<\/strong>&nbsp;a la&nbsp;<strong>esencia de te verde<\/strong>, como aromatizar tus creaciones diy: jabones, champ\u00fas, geles, desodorantes\u2026 Otra posibilidad es elaborar un&nbsp;<strong>perfume te verde casero<\/strong>.<\/p>\n\n\n\n<figure class=\"wp-block-gallery has-nested-images columns-default is-cropped wp-block-gallery-2 is-layout-flex wp-block-gallery-is-layout-flex\">\n<figure class=\"wp-block-image size-large\"><img title=\" \"loading=\"lazy\" decoding=\"async\" width=\"400\" height=\"400\" data-id=\"16315\" src=\"https:\/\/granvelada.com\/blog\/wp-content\/uploads\/2022\/03\/mecha-velas-encerada-6-7.jpg\" alt=\" \" class=\"wp-image-16315\" srcset=\"https:\/\/granvelada.com\/blog\/wp-content\/uploads\/2022\/03\/mecha-velas-encerada-6-7.jpg 400w, https:\/\/granvelada.com\/blog\/wp-content\/uploads\/2022\/03\/mecha-velas-encerada-6-7-218x218.jpg 218w, https:\/\/granvelada.com\/blog\/wp-content\/uploads\/2022\/03\/mecha-velas-encerada-6-7-150x150.jpg 150w, https:\/\/granvelada.com\/blog\/wp-content\/uploads\/2022\/03\/mecha-velas-encerada-6-7-250x250.jpg 250w, https:\/\/granvelada.com\/blog\/wp-content\/uploads\/2022\/03\/mecha-velas-encerada-6-7-100x100.jpg 100w\" sizes=\"auto, (max-width: 400px) 100vw, 400px\" \/><\/figure>\n\n\n\n<figure class=\"wp-block-image size-large\"><img title=\" \"loading=\"lazy\" decoding=\"async\" width=\"477\" height=\"477\" data-id=\"16316\" src=\"https:\/\/granvelada.com\/blog\/wp-content\/uploads\/2022\/03\/donde-comprar-esencia-aromatica-de-te-verde-477x477.jpg\" alt=\" \" class=\"wp-image-16316\" srcset=\"https:\/\/granvelada.com\/blog\/wp-content\/uploads\/2022\/03\/donde-comprar-esencia-aromatica-de-te-verde-477x477.jpg 477w, https:\/\/granvelada.com\/blog\/wp-content\/uploads\/2022\/03\/donde-comprar-esencia-aromatica-de-te-verde-218x218.jpg 218w, https:\/\/granvelada.com\/blog\/wp-content\/uploads\/2022\/03\/donde-comprar-esencia-aromatica-de-te-verde-150x150.jpg 150w, https:\/\/granvelada.com\/blog\/wp-content\/uploads\/2022\/03\/donde-comprar-esencia-aromatica-de-te-verde-250x250.jpg 250w, https:\/\/granvelada.com\/blog\/wp-content\/uploads\/2022\/03\/donde-comprar-esencia-aromatica-de-te-verde-100x100.jpg 100w, https:\/\/granvelada.com\/blog\/wp-content\/uploads\/2022\/03\/donde-comprar-esencia-aromatica-de-te-verde.jpg 600w\" sizes=\"auto, (max-width: 477px) 100vw, 477px\" \/><\/figure>\n<\/figure>\n\n\n\n<h2 class=\"wp-block-heading\">Colorantes liquidos para Velitas de Te<\/h2>\n\n\n\n<p>Nuestros colorantes l\u00edquidos se venden ya listos para usar. As\u00ed que una vez que la parafina est\u00e1 derretida, basta con a\u00f1adir unas gotas del color elegido y remover bien. Son colorantes concentrados, as\u00ed que unas gotitas es suficiente para dar el tono deseado a tus velitas de te artesanales. Si se a\u00f1ade m\u00e1s cantidad de la cuenta, el colorante puede decantar, ya que la parafina no tendr\u00e1 la capacidad de absorberlo por completo.<\/p>\n\n\n\n<figure class=\"wp-block-embed is-type-video is-provider-youtube wp-block-embed-youtube wp-embed-aspect-16-9 wp-has-aspect-ratio\"><div class=\"wp-block-embed__wrapper\">\n<iframe loading=\"lazy\" title=\"Colorantes liquidos para velas\" width=\"640\" height=\"360\" src=\"https:\/\/www.youtube.com\/embed\/3FS26D6UuMg?feature=oembed\" frameborder=\"0\" allow=\"accelerometer; autoplay; clipboard-write; encrypted-media; gyroscope; picture-in-picture\" allowfullscreen><\/iframe>\n<\/div><\/figure>\n\n\n\n<p>Si quieres hacerte una idea de c\u00f3mo va a quedar el color en la vela final, un peque\u00f1o truco es poner una gota de parafina con colorante sobre una superficie fr\u00eda. Cuando se seque ver\u00e1s qu\u00e9 tono da. La tonalidad final ser\u00e1 un poco m\u00e1s oscura, ya que al haber m\u00e1s cantidad de parafina ser\u00e1 m\u00e1s opaca.  Al dise\u00f1ar una amplia paleta de colores buscamos adaptarnos a todos los gustos y sobre todo facilitar las mezclas a nuestros clientes. Si t\u00fa quieres crear tu propia gama de colores desde cero puedes hacerlo recurriendo a los colores primarios. De esta forma conseguir\u00e1s que las tonalidades queden completamente a tu gusto. <\/p>\n\n\n\n<ul class=\"wp-block-list\">\n<li><a href=\"https:\/\/granvelada.com\/es\/colorantes-liquidos-velas\/5512-colorante-liquido-velas-azul-lluvia.html\" target=\"_blank\" rel=\"noreferrer noopener\">Colorante l\u00edquido para velas Azul lluvia <\/a><\/li>\n\n\n\n<li><a href=\"https:\/\/granvelada.com\/es\/colorantes-liquidos-velas\/5534-colorante-velas-liquido-crudo.html\" target=\"_blank\" rel=\"noreferrer noopener\">Colorante l\u00edquido velas Crudo<\/a> <\/li>\n\n\n\n<li><a href=\"https:\/\/granvelada.com\/es\/colorantes-liquidos-velas\/5543-colorante-velas-liquido-rosa-orquidea.html\" target=\"_blank\" rel=\"noreferrer noopener\">Colorante l\u00edquido velas Rosa Orqu\u00eddea <\/a><\/li>\n\n\n\n<li><a href=\"https:\/\/granvelada.com\/es\/colorantes-liquidos-velas\/5458-colorante-liquido-velas-verde-caribe.html\" target=\"_blank\" rel=\"noreferrer noopener\">Colorante liquido Verde Caribe<\/a><\/li>\n<\/ul>\n\n\n\n<figure class=\"wp-block-image size-large is-resized\"><img title=\" \"loading=\"lazy\" decoding=\"async\" src=\"https:\/\/granvelada.com\/blog\/wp-content\/uploads\/2022\/03\/como-hacer-velas-de-te-2-848x477.jpg\" alt=\" \" class=\"wp-image-16318\" width=\"1214\" height=\"683\" srcset=\"https:\/\/granvelada.com\/blog\/wp-content\/uploads\/2022\/03\/como-hacer-velas-de-te-2-848x477.jpg 848w, https:\/\/granvelada.com\/blog\/wp-content\/uploads\/2022\/03\/como-hacer-velas-de-te-2-387x218.jpg 387w, https:\/\/granvelada.com\/blog\/wp-content\/uploads\/2022\/03\/como-hacer-velas-de-te-2-129x73.jpg 129w, https:\/\/granvelada.com\/blog\/wp-content\/uploads\/2022\/03\/como-hacer-velas-de-te-2-768x432.jpg 768w, https:\/\/granvelada.com\/blog\/wp-content\/uploads\/2022\/03\/como-hacer-velas-de-te-2-300x169.jpg 300w, https:\/\/granvelada.com\/blog\/wp-content\/uploads\/2022\/03\/como-hacer-velas-de-te-2-317x178.jpg 317w, https:\/\/granvelada.com\/blog\/wp-content\/uploads\/2022\/03\/como-hacer-velas-de-te-2-424x239.jpg 424w, https:\/\/granvelada.com\/blog\/wp-content\/uploads\/2022\/03\/como-hacer-velas-de-te-2-581x327.jpg 581w, https:\/\/granvelada.com\/blog\/wp-content\/uploads\/2022\/03\/como-hacer-velas-de-te-2-310x174.jpg 310w, https:\/\/granvelada.com\/blog\/wp-content\/uploads\/2022\/03\/como-hacer-velas-de-te-2-232x131.jpg 232w, https:\/\/granvelada.com\/blog\/wp-content\/uploads\/2022\/03\/como-hacer-velas-de-te-2-275x155.jpg 275w, https:\/\/granvelada.com\/blog\/wp-content\/uploads\/2022\/03\/como-hacer-velas-de-te-2.jpg 896w\" sizes=\"auto, (max-width: 1214px) 100vw, 1214px\" \/><\/figure>\n\n\n\n<figure class=\"wp-block-image size-large is-resized\"><a href=\"https:\/\/granvelada.com\/index.php?fc=module&amp;module=multiplecart&amp;controller=loadcart&amp;cart=1534&amp;hash=6ad8f53bc4f1bc9b565791aecacfcb76\" target=\"_blank\" rel=\"noopener\"><img title=\" \"loading=\"lazy\" decoding=\"async\" src=\"https:\/\/granvelada.com\/blog\/wp-content\/uploads\/2022\/02\/boton-carrito-blogs-mint-848x94.jpg\" alt=\" \" class=\"wp-image-16225\" width=\"1215\" height=\"135\" srcset=\"https:\/\/granvelada.com\/blog\/wp-content\/uploads\/2022\/02\/boton-carrito-blogs-mint-848x94.jpg 848w, https:\/\/granvelada.com\/blog\/wp-content\/uploads\/2022\/02\/boton-carrito-blogs-mint-387x43.jpg 387w, https:\/\/granvelada.com\/blog\/wp-content\/uploads\/2022\/02\/boton-carrito-blogs-mint-768x85.jpg 768w, https:\/\/granvelada.com\/blog\/wp-content\/uploads\/2022\/02\/boton-carrito-blogs-mint-1000x111.jpg 1000w, https:\/\/granvelada.com\/blog\/wp-content\/uploads\/2022\/02\/boton-carrito-blogs-mint-947x105.jpg 947w\" sizes=\"auto, (max-width: 1215px) 100vw, 1215px\" \/><\/a><\/figure>\n\n\n\n<figure class=\"wp-block-image size-large is-resized\"><img title=\" \"loading=\"lazy\" decoding=\"async\" src=\"https:\/\/granvelada.com\/blog\/wp-content\/uploads\/2022\/03\/como-hacer-velas-de-te-3-848x477.jpg\" alt=\" \" class=\"wp-image-16319\" width=\"1214\" height=\"684\" srcset=\"https:\/\/granvelada.com\/blog\/wp-content\/uploads\/2022\/03\/como-hacer-velas-de-te-3-848x477.jpg 848w, https:\/\/granvelada.com\/blog\/wp-content\/uploads\/2022\/03\/como-hacer-velas-de-te-3-387x218.jpg 387w, https:\/\/granvelada.com\/blog\/wp-content\/uploads\/2022\/03\/como-hacer-velas-de-te-3-129x73.jpg 129w, https:\/\/granvelada.com\/blog\/wp-content\/uploads\/2022\/03\/como-hacer-velas-de-te-3-768x432.jpg 768w, https:\/\/granvelada.com\/blog\/wp-content\/uploads\/2022\/03\/como-hacer-velas-de-te-3-300x169.jpg 300w, https:\/\/granvelada.com\/blog\/wp-content\/uploads\/2022\/03\/como-hacer-velas-de-te-3-317x178.jpg 317w, https:\/\/granvelada.com\/blog\/wp-content\/uploads\/2022\/03\/como-hacer-velas-de-te-3-424x239.jpg 424w, https:\/\/granvelada.com\/blog\/wp-content\/uploads\/2022\/03\/como-hacer-velas-de-te-3-581x327.jpg 581w, https:\/\/granvelada.com\/blog\/wp-content\/uploads\/2022\/03\/como-hacer-velas-de-te-3-310x174.jpg 310w, https:\/\/granvelada.com\/blog\/wp-content\/uploads\/2022\/03\/como-hacer-velas-de-te-3-232x131.jpg 232w, https:\/\/granvelada.com\/blog\/wp-content\/uploads\/2022\/03\/como-hacer-velas-de-te-3-275x155.jpg 275w, https:\/\/granvelada.com\/blog\/wp-content\/uploads\/2022\/03\/como-hacer-velas-de-te-3.jpg 896w\" sizes=\"auto, (max-width: 1214px) 100vw, 1214px\" \/><\/figure>\n\n\n\n<h2 class=\"wp-block-heading\">Como hacer Velitas de Te paso a paso<\/h2>\n\n\n\n<p>A continuaci\u00f3n te dejamos el paso a paso en im\u00e1genes sobre como hacer velitas de Te paso a paso, comprobar\u00e1s que siguiendo el paso a paso vas a obtener facilmente las Velitas. Recuerda que dependiendo de la aplicaci\u00f3n de las velitas puedes poner o no color y aroma.. y que podr\u00e1s reutilizar los envases de velitas.<\/p>\n\n\n\n<p>Fundir la cera para velas de t\u00e9 a fuego suave.. Mientras poner cuatro recipientes vacios..<\/p>\n\n\n\n<figure class=\"wp-block-gallery has-nested-images columns-default is-cropped wp-block-gallery-3 is-layout-flex wp-block-gallery-is-layout-flex\">\n<figure class=\"wp-block-image size-large\"><img title=\" \"loading=\"lazy\" decoding=\"async\" width=\"848\" height=\"477\" data-id=\"16320\" src=\"https:\/\/granvelada.com\/blog\/wp-content\/uploads\/2022\/03\/Paso1-velitas-de-te-848x477.jpg\" alt=\" \" class=\"wp-image-16320\" srcset=\"https:\/\/granvelada.com\/blog\/wp-content\/uploads\/2022\/03\/Paso1-velitas-de-te-848x477.jpg 848w, https:\/\/granvelada.com\/blog\/wp-content\/uploads\/2022\/03\/Paso1-velitas-de-te-387x218.jpg 387w, https:\/\/granvelada.com\/blog\/wp-content\/uploads\/2022\/03\/Paso1-velitas-de-te-129x73.jpg 129w, https:\/\/granvelada.com\/blog\/wp-content\/uploads\/2022\/03\/Paso1-velitas-de-te-768x432.jpg 768w, https:\/\/granvelada.com\/blog\/wp-content\/uploads\/2022\/03\/Paso1-velitas-de-te-300x169.jpg 300w, https:\/\/granvelada.com\/blog\/wp-content\/uploads\/2022\/03\/Paso1-velitas-de-te-317x178.jpg 317w, https:\/\/granvelada.com\/blog\/wp-content\/uploads\/2022\/03\/Paso1-velitas-de-te-424x239.jpg 424w, https:\/\/granvelada.com\/blog\/wp-content\/uploads\/2022\/03\/Paso1-velitas-de-te-896x504.jpg 896w, https:\/\/granvelada.com\/blog\/wp-content\/uploads\/2022\/03\/Paso1-velitas-de-te-581x327.jpg 581w, https:\/\/granvelada.com\/blog\/wp-content\/uploads\/2022\/03\/Paso1-velitas-de-te-310x174.jpg 310w, https:\/\/granvelada.com\/blog\/wp-content\/uploads\/2022\/03\/Paso1-velitas-de-te-232x131.jpg 232w, https:\/\/granvelada.com\/blog\/wp-content\/uploads\/2022\/03\/Paso1-velitas-de-te-275x155.jpg 275w, https:\/\/granvelada.com\/blog\/wp-content\/uploads\/2022\/03\/Paso1-velitas-de-te-1543x868.jpg 1543w, https:\/\/granvelada.com\/blog\/wp-content\/uploads\/2022\/03\/Paso1-velitas-de-te-1000x563.jpg 1000w, https:\/\/granvelada.com\/blog\/wp-content\/uploads\/2022\/03\/Paso1-velitas-de-te-947x533.jpg 947w, https:\/\/granvelada.com\/blog\/wp-content\/uploads\/2022\/03\/Paso1-velitas-de-te.jpg 1920w\" sizes=\"auto, (max-width: 848px) 100vw, 848px\" \/><\/figure>\n\n\n\n<figure class=\"wp-block-image size-large\"><img title=\" \"loading=\"lazy\" decoding=\"async\" width=\"848\" height=\"477\" data-id=\"16322\" src=\"https:\/\/granvelada.com\/blog\/wp-content\/uploads\/2022\/03\/Paso2-velas-de-te-848x477.jpg\" alt=\" \" class=\"wp-image-16322\" srcset=\"https:\/\/granvelada.com\/blog\/wp-content\/uploads\/2022\/03\/Paso2-velas-de-te-848x477.jpg 848w, https:\/\/granvelada.com\/blog\/wp-content\/uploads\/2022\/03\/Paso2-velas-de-te-387x218.jpg 387w, https:\/\/granvelada.com\/blog\/wp-content\/uploads\/2022\/03\/Paso2-velas-de-te-129x73.jpg 129w, https:\/\/granvelada.com\/blog\/wp-content\/uploads\/2022\/03\/Paso2-velas-de-te-768x432.jpg 768w, https:\/\/granvelada.com\/blog\/wp-content\/uploads\/2022\/03\/Paso2-velas-de-te-300x169.jpg 300w, https:\/\/granvelada.com\/blog\/wp-content\/uploads\/2022\/03\/Paso2-velas-de-te-317x178.jpg 317w, https:\/\/granvelada.com\/blog\/wp-content\/uploads\/2022\/03\/Paso2-velas-de-te-424x239.jpg 424w, https:\/\/granvelada.com\/blog\/wp-content\/uploads\/2022\/03\/Paso2-velas-de-te-896x504.jpg 896w, https:\/\/granvelada.com\/blog\/wp-content\/uploads\/2022\/03\/Paso2-velas-de-te-581x327.jpg 581w, https:\/\/granvelada.com\/blog\/wp-content\/uploads\/2022\/03\/Paso2-velas-de-te-310x174.jpg 310w, https:\/\/granvelada.com\/blog\/wp-content\/uploads\/2022\/03\/Paso2-velas-de-te-232x131.jpg 232w, https:\/\/granvelada.com\/blog\/wp-content\/uploads\/2022\/03\/Paso2-velas-de-te-275x155.jpg 275w, https:\/\/granvelada.com\/blog\/wp-content\/uploads\/2022\/03\/Paso2-velas-de-te-1543x868.jpg 1543w, https:\/\/granvelada.com\/blog\/wp-content\/uploads\/2022\/03\/Paso2-velas-de-te-1000x563.jpg 1000w, https:\/\/granvelada.com\/blog\/wp-content\/uploads\/2022\/03\/Paso2-velas-de-te-947x533.jpg 947w, https:\/\/granvelada.com\/blog\/wp-content\/uploads\/2022\/03\/Paso2-velas-de-te.jpg 1920w\" sizes=\"auto, (max-width: 848px) 100vw, 848px\" \/><\/figure>\n\n\n\n<figure class=\"wp-block-image size-large\"><img title=\" \"loading=\"lazy\" decoding=\"async\" width=\"848\" height=\"477\" data-id=\"16321\" src=\"https:\/\/granvelada.com\/blog\/wp-content\/uploads\/2022\/03\/Paso3-velas-de-te-848x477.jpg\" alt=\" \" class=\"wp-image-16321\" srcset=\"https:\/\/granvelada.com\/blog\/wp-content\/uploads\/2022\/03\/Paso3-velas-de-te-848x477.jpg 848w, https:\/\/granvelada.com\/blog\/wp-content\/uploads\/2022\/03\/Paso3-velas-de-te-387x218.jpg 387w, https:\/\/granvelada.com\/blog\/wp-content\/uploads\/2022\/03\/Paso3-velas-de-te-129x73.jpg 129w, https:\/\/granvelada.com\/blog\/wp-content\/uploads\/2022\/03\/Paso3-velas-de-te-768x432.jpg 768w, https:\/\/granvelada.com\/blog\/wp-content\/uploads\/2022\/03\/Paso3-velas-de-te-300x169.jpg 300w, https:\/\/granvelada.com\/blog\/wp-content\/uploads\/2022\/03\/Paso3-velas-de-te-317x178.jpg 317w, https:\/\/granvelada.com\/blog\/wp-content\/uploads\/2022\/03\/Paso3-velas-de-te-424x239.jpg 424w, https:\/\/granvelada.com\/blog\/wp-content\/uploads\/2022\/03\/Paso3-velas-de-te-896x504.jpg 896w, https:\/\/granvelada.com\/blog\/wp-content\/uploads\/2022\/03\/Paso3-velas-de-te-581x327.jpg 581w, https:\/\/granvelada.com\/blog\/wp-content\/uploads\/2022\/03\/Paso3-velas-de-te-310x174.jpg 310w, https:\/\/granvelada.com\/blog\/wp-content\/uploads\/2022\/03\/Paso3-velas-de-te-232x131.jpg 232w, https:\/\/granvelada.com\/blog\/wp-content\/uploads\/2022\/03\/Paso3-velas-de-te-275x155.jpg 275w, https:\/\/granvelada.com\/blog\/wp-content\/uploads\/2022\/03\/Paso3-velas-de-te-1543x868.jpg 1543w, https:\/\/granvelada.com\/blog\/wp-content\/uploads\/2022\/03\/Paso3-velas-de-te-1000x563.jpg 1000w, https:\/\/granvelada.com\/blog\/wp-content\/uploads\/2022\/03\/Paso3-velas-de-te-947x533.jpg 947w, https:\/\/granvelada.com\/blog\/wp-content\/uploads\/2022\/03\/Paso3-velas-de-te.jpg 1920w\" sizes=\"auto, (max-width: 848px) 100vw, 848px\" \/><\/figure>\n<\/figure>\n\n\n\n<p>Para cada velita se necesitan unos 15 gramos. Una vez fundida, dividir la cera en cuatro recipientes a partes a iguales a\u00f1adir la esencia arom\u00e1tica, a\u00f1adimos un m\u00e1ximo de un 10% de esencia arom\u00e1tica y un par de gotas de colorante&#8230; s y agregar unas gotas de colorante a cada uno.<\/p>\n\n\n\n<figure class=\"wp-block-gallery has-nested-images columns-default is-cropped wp-block-gallery-4 is-layout-flex wp-block-gallery-is-layout-flex\">\n<figure class=\"wp-block-image size-large\"><img title=\" \"loading=\"lazy\" decoding=\"async\" width=\"848\" height=\"477\" data-id=\"16324\" src=\"https:\/\/granvelada.com\/blog\/wp-content\/uploads\/2022\/03\/Paso4-velas-de-te-848x477.jpg\" alt=\" \" class=\"wp-image-16324\" srcset=\"https:\/\/granvelada.com\/blog\/wp-content\/uploads\/2022\/03\/Paso4-velas-de-te-848x477.jpg 848w, https:\/\/granvelada.com\/blog\/wp-content\/uploads\/2022\/03\/Paso4-velas-de-te-387x218.jpg 387w, https:\/\/granvelada.com\/blog\/wp-content\/uploads\/2022\/03\/Paso4-velas-de-te-129x73.jpg 129w, https:\/\/granvelada.com\/blog\/wp-content\/uploads\/2022\/03\/Paso4-velas-de-te-768x432.jpg 768w, https:\/\/granvelada.com\/blog\/wp-content\/uploads\/2022\/03\/Paso4-velas-de-te-300x169.jpg 300w, https:\/\/granvelada.com\/blog\/wp-content\/uploads\/2022\/03\/Paso4-velas-de-te-317x178.jpg 317w, https:\/\/granvelada.com\/blog\/wp-content\/uploads\/2022\/03\/Paso4-velas-de-te-424x239.jpg 424w, https:\/\/granvelada.com\/blog\/wp-content\/uploads\/2022\/03\/Paso4-velas-de-te-896x504.jpg 896w, https:\/\/granvelada.com\/blog\/wp-content\/uploads\/2022\/03\/Paso4-velas-de-te-581x327.jpg 581w, https:\/\/granvelada.com\/blog\/wp-content\/uploads\/2022\/03\/Paso4-velas-de-te-310x174.jpg 310w, https:\/\/granvelada.com\/blog\/wp-content\/uploads\/2022\/03\/Paso4-velas-de-te-232x131.jpg 232w, https:\/\/granvelada.com\/blog\/wp-content\/uploads\/2022\/03\/Paso4-velas-de-te-275x155.jpg 275w, https:\/\/granvelada.com\/blog\/wp-content\/uploads\/2022\/03\/Paso4-velas-de-te-1543x868.jpg 1543w, https:\/\/granvelada.com\/blog\/wp-content\/uploads\/2022\/03\/Paso4-velas-de-te-1000x563.jpg 1000w, https:\/\/granvelada.com\/blog\/wp-content\/uploads\/2022\/03\/Paso4-velas-de-te-947x533.jpg 947w, https:\/\/granvelada.com\/blog\/wp-content\/uploads\/2022\/03\/Paso4-velas-de-te.jpg 1920w\" sizes=\"auto, (max-width: 848px) 100vw, 848px\" \/><\/figure>\n\n\n\n<figure class=\"wp-block-image size-large\"><img title=\" \"loading=\"lazy\" decoding=\"async\" width=\"848\" height=\"477\" data-id=\"16323\" src=\"https:\/\/granvelada.com\/blog\/wp-content\/uploads\/2022\/03\/Paso5-velas-de-te-848x477.jpg\" alt=\" \" class=\"wp-image-16323\" srcset=\"https:\/\/granvelada.com\/blog\/wp-content\/uploads\/2022\/03\/Paso5-velas-de-te-848x477.jpg 848w, https:\/\/granvelada.com\/blog\/wp-content\/uploads\/2022\/03\/Paso5-velas-de-te-387x218.jpg 387w, https:\/\/granvelada.com\/blog\/wp-content\/uploads\/2022\/03\/Paso5-velas-de-te-129x73.jpg 129w, https:\/\/granvelada.com\/blog\/wp-content\/uploads\/2022\/03\/Paso5-velas-de-te-768x432.jpg 768w, https:\/\/granvelada.com\/blog\/wp-content\/uploads\/2022\/03\/Paso5-velas-de-te-300x169.jpg 300w, https:\/\/granvelada.com\/blog\/wp-content\/uploads\/2022\/03\/Paso5-velas-de-te-317x178.jpg 317w, https:\/\/granvelada.com\/blog\/wp-content\/uploads\/2022\/03\/Paso5-velas-de-te-424x239.jpg 424w, https:\/\/granvelada.com\/blog\/wp-content\/uploads\/2022\/03\/Paso5-velas-de-te-896x504.jpg 896w, https:\/\/granvelada.com\/blog\/wp-content\/uploads\/2022\/03\/Paso5-velas-de-te-581x327.jpg 581w, https:\/\/granvelada.com\/blog\/wp-content\/uploads\/2022\/03\/Paso5-velas-de-te-310x174.jpg 310w, https:\/\/granvelada.com\/blog\/wp-content\/uploads\/2022\/03\/Paso5-velas-de-te-232x131.jpg 232w, https:\/\/granvelada.com\/blog\/wp-content\/uploads\/2022\/03\/Paso5-velas-de-te-275x155.jpg 275w, https:\/\/granvelada.com\/blog\/wp-content\/uploads\/2022\/03\/Paso5-velas-de-te-1543x868.jpg 1543w, https:\/\/granvelada.com\/blog\/wp-content\/uploads\/2022\/03\/Paso5-velas-de-te-1000x563.jpg 1000w, https:\/\/granvelada.com\/blog\/wp-content\/uploads\/2022\/03\/Paso5-velas-de-te-947x533.jpg 947w, https:\/\/granvelada.com\/blog\/wp-content\/uploads\/2022\/03\/Paso5-velas-de-te.jpg 1920w\" sizes=\"auto, (max-width: 848px) 100vw, 848px\" \/><\/figure>\n\n\n\n<figure class=\"wp-block-image size-large\"><img title=\" \"loading=\"lazy\" decoding=\"async\" width=\"848\" height=\"477\" data-id=\"16325\" src=\"https:\/\/granvelada.com\/blog\/wp-content\/uploads\/2022\/03\/Paso6-velas-de-te-848x477.jpg\" alt=\" \" class=\"wp-image-16325\" srcset=\"https:\/\/granvelada.com\/blog\/wp-content\/uploads\/2022\/03\/Paso6-velas-de-te-848x477.jpg 848w, https:\/\/granvelada.com\/blog\/wp-content\/uploads\/2022\/03\/Paso6-velas-de-te-387x218.jpg 387w, https:\/\/granvelada.com\/blog\/wp-content\/uploads\/2022\/03\/Paso6-velas-de-te-129x73.jpg 129w, https:\/\/granvelada.com\/blog\/wp-content\/uploads\/2022\/03\/Paso6-velas-de-te-768x432.jpg 768w, https:\/\/granvelada.com\/blog\/wp-content\/uploads\/2022\/03\/Paso6-velas-de-te-300x169.jpg 300w, https:\/\/granvelada.com\/blog\/wp-content\/uploads\/2022\/03\/Paso6-velas-de-te-317x178.jpg 317w, https:\/\/granvelada.com\/blog\/wp-content\/uploads\/2022\/03\/Paso6-velas-de-te-424x239.jpg 424w, https:\/\/granvelada.com\/blog\/wp-content\/uploads\/2022\/03\/Paso6-velas-de-te-896x504.jpg 896w, https:\/\/granvelada.com\/blog\/wp-content\/uploads\/2022\/03\/Paso6-velas-de-te-581x327.jpg 581w, https:\/\/granvelada.com\/blog\/wp-content\/uploads\/2022\/03\/Paso6-velas-de-te-310x174.jpg 310w, https:\/\/granvelada.com\/blog\/wp-content\/uploads\/2022\/03\/Paso6-velas-de-te-232x131.jpg 232w, https:\/\/granvelada.com\/blog\/wp-content\/uploads\/2022\/03\/Paso6-velas-de-te-275x155.jpg 275w, https:\/\/granvelada.com\/blog\/wp-content\/uploads\/2022\/03\/Paso6-velas-de-te-1543x868.jpg 1543w, https:\/\/granvelada.com\/blog\/wp-content\/uploads\/2022\/03\/Paso6-velas-de-te-1000x563.jpg 1000w, https:\/\/granvelada.com\/blog\/wp-content\/uploads\/2022\/03\/Paso6-velas-de-te-947x533.jpg 947w, https:\/\/granvelada.com\/blog\/wp-content\/uploads\/2022\/03\/Paso6-velas-de-te.jpg 1920w\" sizes=\"auto, (max-width: 848px) 100vw, 848px\" \/><\/figure>\n<\/figure>\n\n\n\n<p>\u00a1Usa los colores y aromas que m\u00e1s te gusten..! Remover bien hasta que est\u00e9n perfectamente integrados. Cuando la cera est\u00e9 a unos 75\u00baC, rellenar los recipientes. \u00a1Truco..! Dales un poco de calor a los envases para que no haya contraste de temperatura. As\u00ed evitar\u00e1s tanto el rechupe, como que no queden manchas o que se desprenda la vela el envase, esto \u00faltimo habitual en Invierno si no se tiene en cuenta..<\/p>\n\n\n\n<figure class=\"wp-block-gallery has-nested-images columns-default is-cropped wp-block-gallery-5 is-layout-flex wp-block-gallery-is-layout-flex\">\n<figure class=\"wp-block-image size-large\"><img title=\" \"loading=\"lazy\" decoding=\"async\" width=\"848\" height=\"477\" data-id=\"16326\" src=\"https:\/\/granvelada.com\/blog\/wp-content\/uploads\/2022\/03\/Paso7-velas-de-te-848x477.jpg\" alt=\" \" class=\"wp-image-16326\" srcset=\"https:\/\/granvelada.com\/blog\/wp-content\/uploads\/2022\/03\/Paso7-velas-de-te-848x477.jpg 848w, https:\/\/granvelada.com\/blog\/wp-content\/uploads\/2022\/03\/Paso7-velas-de-te-387x218.jpg 387w, https:\/\/granvelada.com\/blog\/wp-content\/uploads\/2022\/03\/Paso7-velas-de-te-129x73.jpg 129w, https:\/\/granvelada.com\/blog\/wp-content\/uploads\/2022\/03\/Paso7-velas-de-te-768x432.jpg 768w, https:\/\/granvelada.com\/blog\/wp-content\/uploads\/2022\/03\/Paso7-velas-de-te-300x169.jpg 300w, https:\/\/granvelada.com\/blog\/wp-content\/uploads\/2022\/03\/Paso7-velas-de-te-317x178.jpg 317w, https:\/\/granvelada.com\/blog\/wp-content\/uploads\/2022\/03\/Paso7-velas-de-te-424x239.jpg 424w, https:\/\/granvelada.com\/blog\/wp-content\/uploads\/2022\/03\/Paso7-velas-de-te-896x504.jpg 896w, https:\/\/granvelada.com\/blog\/wp-content\/uploads\/2022\/03\/Paso7-velas-de-te-581x327.jpg 581w, https:\/\/granvelada.com\/blog\/wp-content\/uploads\/2022\/03\/Paso7-velas-de-te-310x174.jpg 310w, https:\/\/granvelada.com\/blog\/wp-content\/uploads\/2022\/03\/Paso7-velas-de-te-232x131.jpg 232w, https:\/\/granvelada.com\/blog\/wp-content\/uploads\/2022\/03\/Paso7-velas-de-te-275x155.jpg 275w, https:\/\/granvelada.com\/blog\/wp-content\/uploads\/2022\/03\/Paso7-velas-de-te-1543x868.jpg 1543w, https:\/\/granvelada.com\/blog\/wp-content\/uploads\/2022\/03\/Paso7-velas-de-te-1000x563.jpg 1000w, https:\/\/granvelada.com\/blog\/wp-content\/uploads\/2022\/03\/Paso7-velas-de-te-947x533.jpg 947w, https:\/\/granvelada.com\/blog\/wp-content\/uploads\/2022\/03\/Paso7-velas-de-te.jpg 1920w\" sizes=\"auto, (max-width: 848px) 100vw, 848px\" \/><\/figure>\n\n\n\n<figure class=\"wp-block-image size-large\"><img title=\" \"loading=\"lazy\" decoding=\"async\" width=\"848\" height=\"477\" data-id=\"16327\" src=\"https:\/\/granvelada.com\/blog\/wp-content\/uploads\/2022\/03\/Paso8-velas-de-te-848x477.jpg\" alt=\" \" class=\"wp-image-16327\" srcset=\"https:\/\/granvelada.com\/blog\/wp-content\/uploads\/2022\/03\/Paso8-velas-de-te-848x477.jpg 848w, https:\/\/granvelada.com\/blog\/wp-content\/uploads\/2022\/03\/Paso8-velas-de-te-387x218.jpg 387w, https:\/\/granvelada.com\/blog\/wp-content\/uploads\/2022\/03\/Paso8-velas-de-te-129x73.jpg 129w, https:\/\/granvelada.com\/blog\/wp-content\/uploads\/2022\/03\/Paso8-velas-de-te-768x432.jpg 768w, https:\/\/granvelada.com\/blog\/wp-content\/uploads\/2022\/03\/Paso8-velas-de-te-300x169.jpg 300w, https:\/\/granvelada.com\/blog\/wp-content\/uploads\/2022\/03\/Paso8-velas-de-te-317x178.jpg 317w, https:\/\/granvelada.com\/blog\/wp-content\/uploads\/2022\/03\/Paso8-velas-de-te-424x239.jpg 424w, https:\/\/granvelada.com\/blog\/wp-content\/uploads\/2022\/03\/Paso8-velas-de-te-896x504.jpg 896w, https:\/\/granvelada.com\/blog\/wp-content\/uploads\/2022\/03\/Paso8-velas-de-te-581x327.jpg 581w, https:\/\/granvelada.com\/blog\/wp-content\/uploads\/2022\/03\/Paso8-velas-de-te-310x174.jpg 310w, https:\/\/granvelada.com\/blog\/wp-content\/uploads\/2022\/03\/Paso8-velas-de-te-232x131.jpg 232w, https:\/\/granvelada.com\/blog\/wp-content\/uploads\/2022\/03\/Paso8-velas-de-te-275x155.jpg 275w, https:\/\/granvelada.com\/blog\/wp-content\/uploads\/2022\/03\/Paso8-velas-de-te-1543x868.jpg 1543w, https:\/\/granvelada.com\/blog\/wp-content\/uploads\/2022\/03\/Paso8-velas-de-te-1000x563.jpg 1000w, https:\/\/granvelada.com\/blog\/wp-content\/uploads\/2022\/03\/Paso8-velas-de-te-947x533.jpg 947w, https:\/\/granvelada.com\/blog\/wp-content\/uploads\/2022\/03\/Paso8-velas-de-te.jpg 1920w\" sizes=\"auto, (max-width: 848px) 100vw, 848px\" \/><\/figure>\n\n\n\n<figure class=\"wp-block-image size-large\"><img title=\" \"loading=\"lazy\" decoding=\"async\" width=\"848\" height=\"477\" data-id=\"16328\" src=\"https:\/\/granvelada.com\/blog\/wp-content\/uploads\/2022\/03\/Paso9-velas-de-te-848x477.jpg\" alt=\" \" class=\"wp-image-16328\" srcset=\"https:\/\/granvelada.com\/blog\/wp-content\/uploads\/2022\/03\/Paso9-velas-de-te-848x477.jpg 848w, https:\/\/granvelada.com\/blog\/wp-content\/uploads\/2022\/03\/Paso9-velas-de-te-387x218.jpg 387w, https:\/\/granvelada.com\/blog\/wp-content\/uploads\/2022\/03\/Paso9-velas-de-te-129x73.jpg 129w, https:\/\/granvelada.com\/blog\/wp-content\/uploads\/2022\/03\/Paso9-velas-de-te-768x432.jpg 768w, https:\/\/granvelada.com\/blog\/wp-content\/uploads\/2022\/03\/Paso9-velas-de-te-300x169.jpg 300w, https:\/\/granvelada.com\/blog\/wp-content\/uploads\/2022\/03\/Paso9-velas-de-te-317x178.jpg 317w, https:\/\/granvelada.com\/blog\/wp-content\/uploads\/2022\/03\/Paso9-velas-de-te-424x239.jpg 424w, https:\/\/granvelada.com\/blog\/wp-content\/uploads\/2022\/03\/Paso9-velas-de-te-896x504.jpg 896w, https:\/\/granvelada.com\/blog\/wp-content\/uploads\/2022\/03\/Paso9-velas-de-te-581x327.jpg 581w, https:\/\/granvelada.com\/blog\/wp-content\/uploads\/2022\/03\/Paso9-velas-de-te-310x174.jpg 310w, https:\/\/granvelada.com\/blog\/wp-content\/uploads\/2022\/03\/Paso9-velas-de-te-232x131.jpg 232w, https:\/\/granvelada.com\/blog\/wp-content\/uploads\/2022\/03\/Paso9-velas-de-te-275x155.jpg 275w, https:\/\/granvelada.com\/blog\/wp-content\/uploads\/2022\/03\/Paso9-velas-de-te-1543x868.jpg 1543w, https:\/\/granvelada.com\/blog\/wp-content\/uploads\/2022\/03\/Paso9-velas-de-te-1000x563.jpg 1000w, https:\/\/granvelada.com\/blog\/wp-content\/uploads\/2022\/03\/Paso9-velas-de-te-947x533.jpg 947w, https:\/\/granvelada.com\/blog\/wp-content\/uploads\/2022\/03\/Paso9-velas-de-te.jpg 1920w\" sizes=\"auto, (max-width: 848px) 100vw, 848px\" \/><\/figure>\n<\/figure>\n\n\n\n<p>Colocar la mecha cuando la vela est\u00e9 s\u00f3lida pero a\u00fan siga caliente en el interior. Dejar secar por completo..  y&#8230; \u00a1Listas para usar..! <\/p>\n\n\n\n<figure class=\"wp-block-gallery has-nested-images columns-default is-cropped wp-block-gallery-6 is-layout-flex wp-block-gallery-is-layout-flex\">\n<figure class=\"wp-block-image size-large\"><img title=\" \"loading=\"lazy\" decoding=\"async\" width=\"848\" height=\"477\" data-id=\"16329\" src=\"https:\/\/granvelada.com\/blog\/wp-content\/uploads\/2022\/03\/Paso10-velas-de-te-848x477.jpg\" alt=\" \" class=\"wp-image-16329\" srcset=\"https:\/\/granvelada.com\/blog\/wp-content\/uploads\/2022\/03\/Paso10-velas-de-te-848x477.jpg 848w, https:\/\/granvelada.com\/blog\/wp-content\/uploads\/2022\/03\/Paso10-velas-de-te-387x218.jpg 387w, https:\/\/granvelada.com\/blog\/wp-content\/uploads\/2022\/03\/Paso10-velas-de-te-129x73.jpg 129w, https:\/\/granvelada.com\/blog\/wp-content\/uploads\/2022\/03\/Paso10-velas-de-te-768x432.jpg 768w, https:\/\/granvelada.com\/blog\/wp-content\/uploads\/2022\/03\/Paso10-velas-de-te-300x169.jpg 300w, https:\/\/granvelada.com\/blog\/wp-content\/uploads\/2022\/03\/Paso10-velas-de-te-317x178.jpg 317w, https:\/\/granvelada.com\/blog\/wp-content\/uploads\/2022\/03\/Paso10-velas-de-te-424x239.jpg 424w, https:\/\/granvelada.com\/blog\/wp-content\/uploads\/2022\/03\/Paso10-velas-de-te-896x504.jpg 896w, https:\/\/granvelada.com\/blog\/wp-content\/uploads\/2022\/03\/Paso10-velas-de-te-581x327.jpg 581w, https:\/\/granvelada.com\/blog\/wp-content\/uploads\/2022\/03\/Paso10-velas-de-te-310x174.jpg 310w, https:\/\/granvelada.com\/blog\/wp-content\/uploads\/2022\/03\/Paso10-velas-de-te-232x131.jpg 232w, https:\/\/granvelada.com\/blog\/wp-content\/uploads\/2022\/03\/Paso10-velas-de-te-275x155.jpg 275w, https:\/\/granvelada.com\/blog\/wp-content\/uploads\/2022\/03\/Paso10-velas-de-te-1543x868.jpg 1543w, https:\/\/granvelada.com\/blog\/wp-content\/uploads\/2022\/03\/Paso10-velas-de-te-1000x563.jpg 1000w, https:\/\/granvelada.com\/blog\/wp-content\/uploads\/2022\/03\/Paso10-velas-de-te-947x533.jpg 947w, https:\/\/granvelada.com\/blog\/wp-content\/uploads\/2022\/03\/Paso10-velas-de-te.jpg 1920w\" sizes=\"auto, (max-width: 848px) 100vw, 848px\" \/><\/figure>\n\n\n\n<figure class=\"wp-block-image size-large\"><img title=\" \"loading=\"lazy\" decoding=\"async\" width=\"848\" height=\"477\" data-id=\"16330\" src=\"https:\/\/granvelada.com\/blog\/wp-content\/uploads\/2022\/03\/Paso11-velas-de-te-848x477.jpg\" alt=\" \" class=\"wp-image-16330\" srcset=\"https:\/\/granvelada.com\/blog\/wp-content\/uploads\/2022\/03\/Paso11-velas-de-te-848x477.jpg 848w, https:\/\/granvelada.com\/blog\/wp-content\/uploads\/2022\/03\/Paso11-velas-de-te-387x218.jpg 387w, https:\/\/granvelada.com\/blog\/wp-content\/uploads\/2022\/03\/Paso11-velas-de-te-129x73.jpg 129w, https:\/\/granvelada.com\/blog\/wp-content\/uploads\/2022\/03\/Paso11-velas-de-te-768x432.jpg 768w, https:\/\/granvelada.com\/blog\/wp-content\/uploads\/2022\/03\/Paso11-velas-de-te-300x169.jpg 300w, https:\/\/granvelada.com\/blog\/wp-content\/uploads\/2022\/03\/Paso11-velas-de-te-317x178.jpg 317w, https:\/\/granvelada.com\/blog\/wp-content\/uploads\/2022\/03\/Paso11-velas-de-te-424x239.jpg 424w, https:\/\/granvelada.com\/blog\/wp-content\/uploads\/2022\/03\/Paso11-velas-de-te-896x504.jpg 896w, https:\/\/granvelada.com\/blog\/wp-content\/uploads\/2022\/03\/Paso11-velas-de-te-581x327.jpg 581w, https:\/\/granvelada.com\/blog\/wp-content\/uploads\/2022\/03\/Paso11-velas-de-te-310x174.jpg 310w, https:\/\/granvelada.com\/blog\/wp-content\/uploads\/2022\/03\/Paso11-velas-de-te-232x131.jpg 232w, https:\/\/granvelada.com\/blog\/wp-content\/uploads\/2022\/03\/Paso11-velas-de-te-275x155.jpg 275w, https:\/\/granvelada.com\/blog\/wp-content\/uploads\/2022\/03\/Paso11-velas-de-te-1543x868.jpg 1543w, https:\/\/granvelada.com\/blog\/wp-content\/uploads\/2022\/03\/Paso11-velas-de-te-1000x563.jpg 1000w, https:\/\/granvelada.com\/blog\/wp-content\/uploads\/2022\/03\/Paso11-velas-de-te-947x533.jpg 947w, https:\/\/granvelada.com\/blog\/wp-content\/uploads\/2022\/03\/Paso11-velas-de-te.jpg 1920w\" sizes=\"auto, (max-width: 848px) 100vw, 848px\" \/><\/figure>\n\n\n\n<figure class=\"wp-block-image size-large\"><img title=\" \"loading=\"lazy\" decoding=\"async\" width=\"848\" height=\"477\" data-id=\"16331\" src=\"https:\/\/granvelada.com\/blog\/wp-content\/uploads\/2022\/03\/Paso12-velas-de-te-848x477.jpg\" alt=\" \" class=\"wp-image-16331\" srcset=\"https:\/\/granvelada.com\/blog\/wp-content\/uploads\/2022\/03\/Paso12-velas-de-te-848x477.jpg 848w, https:\/\/granvelada.com\/blog\/wp-content\/uploads\/2022\/03\/Paso12-velas-de-te-387x218.jpg 387w, https:\/\/granvelada.com\/blog\/wp-content\/uploads\/2022\/03\/Paso12-velas-de-te-129x73.jpg 129w, https:\/\/granvelada.com\/blog\/wp-content\/uploads\/2022\/03\/Paso12-velas-de-te-768x432.jpg 768w, https:\/\/granvelada.com\/blog\/wp-content\/uploads\/2022\/03\/Paso12-velas-de-te-300x169.jpg 300w, https:\/\/granvelada.com\/blog\/wp-content\/uploads\/2022\/03\/Paso12-velas-de-te-317x178.jpg 317w, https:\/\/granvelada.com\/blog\/wp-content\/uploads\/2022\/03\/Paso12-velas-de-te-424x239.jpg 424w, https:\/\/granvelada.com\/blog\/wp-content\/uploads\/2022\/03\/Paso12-velas-de-te-896x504.jpg 896w, https:\/\/granvelada.com\/blog\/wp-content\/uploads\/2022\/03\/Paso12-velas-de-te-581x327.jpg 581w, https:\/\/granvelada.com\/blog\/wp-content\/uploads\/2022\/03\/Paso12-velas-de-te-310x174.jpg 310w, https:\/\/granvelada.com\/blog\/wp-content\/uploads\/2022\/03\/Paso12-velas-de-te-232x131.jpg 232w, https:\/\/granvelada.com\/blog\/wp-content\/uploads\/2022\/03\/Paso12-velas-de-te-275x155.jpg 275w, https:\/\/granvelada.com\/blog\/wp-content\/uploads\/2022\/03\/Paso12-velas-de-te-1543x868.jpg 1543w, https:\/\/granvelada.com\/blog\/wp-content\/uploads\/2022\/03\/Paso12-velas-de-te-1000x563.jpg 1000w, https:\/\/granvelada.com\/blog\/wp-content\/uploads\/2022\/03\/Paso12-velas-de-te-947x533.jpg 947w, https:\/\/granvelada.com\/blog\/wp-content\/uploads\/2022\/03\/Paso12-velas-de-te.jpg 1920w\" sizes=\"auto, (max-width: 848px) 100vw, 848px\" \/><\/figure>\n<\/figure>\n\n\n\n<figure class=\"wp-block-image size-large is-resized\"><img title=\" \"loading=\"lazy\" decoding=\"async\" src=\"https:\/\/granvelada.com\/blog\/wp-content\/uploads\/2022\/03\/como-hacer-velas-de-te-post-848x477.jpg\" alt=\" \" class=\"wp-image-16336\" width=\"1212\" height=\"682\" srcset=\"https:\/\/granvelada.com\/blog\/wp-content\/uploads\/2022\/03\/como-hacer-velas-de-te-post-848x477.jpg 848w, https:\/\/granvelada.com\/blog\/wp-content\/uploads\/2022\/03\/como-hacer-velas-de-te-post-387x218.jpg 387w, https:\/\/granvelada.com\/blog\/wp-content\/uploads\/2022\/03\/como-hacer-velas-de-te-post-129x73.jpg 129w, https:\/\/granvelada.com\/blog\/wp-content\/uploads\/2022\/03\/como-hacer-velas-de-te-post-768x432.jpg 768w, https:\/\/granvelada.com\/blog\/wp-content\/uploads\/2022\/03\/como-hacer-velas-de-te-post-300x169.jpg 300w, https:\/\/granvelada.com\/blog\/wp-content\/uploads\/2022\/03\/como-hacer-velas-de-te-post-317x178.jpg 317w, https:\/\/granvelada.com\/blog\/wp-content\/uploads\/2022\/03\/como-hacer-velas-de-te-post-424x239.jpg 424w, https:\/\/granvelada.com\/blog\/wp-content\/uploads\/2022\/03\/como-hacer-velas-de-te-post-581x327.jpg 581w, https:\/\/granvelada.com\/blog\/wp-content\/uploads\/2022\/03\/como-hacer-velas-de-te-post-310x174.jpg 310w, https:\/\/granvelada.com\/blog\/wp-content\/uploads\/2022\/03\/como-hacer-velas-de-te-post-232x131.jpg 232w, https:\/\/granvelada.com\/blog\/wp-content\/uploads\/2022\/03\/como-hacer-velas-de-te-post-275x155.jpg 275w, https:\/\/granvelada.com\/blog\/wp-content\/uploads\/2022\/03\/como-hacer-velas-de-te-post.jpg 896w\" sizes=\"auto, (max-width: 1212px) 100vw, 1212px\" \/><\/figure>\n\n\n\n<figure class=\"wp-block-image size-large is-resized\"><a href=\"https:\/\/granvelada.com\/index.php?fc=module&amp;module=multiplecart&amp;controller=loadcart&amp;cart=1534&amp;hash=6ad8f53bc4f1bc9b565791aecacfcb76\" target=\"_blank\" rel=\"noopener\"><img title=\" \"loading=\"lazy\" decoding=\"async\" src=\"https:\/\/granvelada.com\/blog\/wp-content\/uploads\/2022\/02\/boton-carrito-blogs-mint-848x94.jpg\" alt=\" \" class=\"wp-image-16225\" width=\"1211\" height=\"134\" srcset=\"https:\/\/granvelada.com\/blog\/wp-content\/uploads\/2022\/02\/boton-carrito-blogs-mint-848x94.jpg 848w, https:\/\/granvelada.com\/blog\/wp-content\/uploads\/2022\/02\/boton-carrito-blogs-mint-387x43.jpg 387w, https:\/\/granvelada.com\/blog\/wp-content\/uploads\/2022\/02\/boton-carrito-blogs-mint-768x85.jpg 768w, https:\/\/granvelada.com\/blog\/wp-content\/uploads\/2022\/02\/boton-carrito-blogs-mint-1000x111.jpg 1000w, https:\/\/granvelada.com\/blog\/wp-content\/uploads\/2022\/02\/boton-carrito-blogs-mint-947x105.jpg 947w\" sizes=\"auto, (max-width: 1211px) 100vw, 1211px\" \/><\/a><\/figure>\n\n\n\n<figure class=\"wp-block-image size-large is-resized\"><img title=\" \"loading=\"lazy\" decoding=\"async\" src=\"https:\/\/granvelada.com\/blog\/wp-content\/uploads\/2022\/03\/Paso14-velas-de-te-848x477.jpg\" alt=\" \" class=\"wp-image-16337\" width=\"1214\" height=\"683\" srcset=\"https:\/\/granvelada.com\/blog\/wp-content\/uploads\/2022\/03\/Paso14-velas-de-te-848x477.jpg 848w, https:\/\/granvelada.com\/blog\/wp-content\/uploads\/2022\/03\/Paso14-velas-de-te-387x218.jpg 387w, https:\/\/granvelada.com\/blog\/wp-content\/uploads\/2022\/03\/Paso14-velas-de-te-129x73.jpg 129w, https:\/\/granvelada.com\/blog\/wp-content\/uploads\/2022\/03\/Paso14-velas-de-te-768x432.jpg 768w, https:\/\/granvelada.com\/blog\/wp-content\/uploads\/2022\/03\/Paso14-velas-de-te-300x169.jpg 300w, https:\/\/granvelada.com\/blog\/wp-content\/uploads\/2022\/03\/Paso14-velas-de-te-317x178.jpg 317w, https:\/\/granvelada.com\/blog\/wp-content\/uploads\/2022\/03\/Paso14-velas-de-te-424x239.jpg 424w, https:\/\/granvelada.com\/blog\/wp-content\/uploads\/2022\/03\/Paso14-velas-de-te-896x504.jpg 896w, https:\/\/granvelada.com\/blog\/wp-content\/uploads\/2022\/03\/Paso14-velas-de-te-581x327.jpg 581w, https:\/\/granvelada.com\/blog\/wp-content\/uploads\/2022\/03\/Paso14-velas-de-te-310x174.jpg 310w, https:\/\/granvelada.com\/blog\/wp-content\/uploads\/2022\/03\/Paso14-velas-de-te-232x131.jpg 232w, https:\/\/granvelada.com\/blog\/wp-content\/uploads\/2022\/03\/Paso14-velas-de-te-275x155.jpg 275w, https:\/\/granvelada.com\/blog\/wp-content\/uploads\/2022\/03\/Paso14-velas-de-te-1543x868.jpg 1543w, https:\/\/granvelada.com\/blog\/wp-content\/uploads\/2022\/03\/Paso14-velas-de-te-1000x563.jpg 1000w, https:\/\/granvelada.com\/blog\/wp-content\/uploads\/2022\/03\/Paso14-velas-de-te-947x533.jpg 947w, https:\/\/granvelada.com\/blog\/wp-content\/uploads\/2022\/03\/Paso14-velas-de-te.jpg 1920w\" sizes=\"auto, (max-width: 1214px) 100vw, 1214px\" \/><\/figure>\n\n\n\n<p>Recuerda que en Gran Velada disponemos tanto de Cursos, como de Manuales y recetas para aprender a hacer jabones.. En el blog <a href=\"https:\/\/www.hacervelas.es\" target=\"_blank\" rel=\"noreferrer noopener\">www.hacervelas.es <\/a>encontrar\u00e1s muchos m\u00e1s tutoriales. \u00a1Echa un vistazo y ver\u00e1s todo lo que puedes preparar en casa! <\/p>\n\n\n\n<figure class=\"wp-block-embed is-type-video is-provider-youtube wp-block-embed-youtube wp-embed-aspect-16-9 wp-has-aspect-ratio\"><div class=\"wp-block-embed__wrapper\">\n<iframe loading=\"lazy\" title=\"Curso online de Velas, aprende a hacer velas caseras en el Blog https:\/\/hacervelas.es\" width=\"640\" height=\"360\" src=\"https:\/\/www.youtube.com\/embed\/ScpMZPCT0ZU?feature=oembed\" frameborder=\"0\" allow=\"accelerometer; autoplay; clipboard-write; encrypted-media; gyroscope; picture-in-picture\" allowfullscreen><\/iframe>\n<\/div><\/figure>\n\n\n\n<p>Adem\u00e1s si te interesa este mundo y quieres aprenderlo todo, desc\u00e1rgate el manual 100% gratuito de hacer velas. \u00a1Hasta pronto..!<\/p>\n\n\n\n<figure class=\"wp-block-embed is-type-video is-provider-youtube wp-block-embed-youtube wp-embed-aspect-16-9 wp-has-aspect-ratio\"><div class=\"wp-block-embed__wrapper\">\n <iframe loading=\"lazy\" title=\"MANUAL APRENDE A HACER VELAS GRATIS\" width=\"640\" height=\"360\" src=\"https:\/\/www.youtube.com\/embed\/TYuerpHh0Mo?feature=oembed\" frameborder=\"0\" allow=\"accelerometer; autoplay; clipboard-write; encrypted-media; gyroscope; picture-in-picture\" allowfullscreen><\/iframe>\n<\/div><\/figure>\n\n\n\n<figure class=\"wp-block-image size-full is-resized\"><a href=\"https:\/\/granvelada.com\/blog\/manual-de-hacer-velas\/\" target=\"_blank\" rel=\"noopener\"><img title=\" \"loading=\"lazy\" decoding=\"async\" src=\"https:\/\/granvelada.com\/blog\/wp-content\/uploads\/2022\/03\/banner-lateral-descarga-manual.webp\" alt=\" \" class=\"wp-image-16332\" width=\"1210\" height=\"645\" srcset=\"https:\/\/granvelada.com\/blog\/wp-content\/uploads\/2022\/03\/banner-lateral-descarga-manual.webp 800w, https:\/\/granvelada.com\/blog\/wp-content\/uploads\/2022\/03\/banner-lateral-descarga-manual-387x206.webp 387w, https:\/\/granvelada.com\/blog\/wp-content\/uploads\/2022\/03\/banner-lateral-descarga-manual-768x409.webp 768w\" sizes=\"auto, (max-width: 1210px) 100vw, 1210px\" \/><\/a><\/figure>\n\n\n\n<p><\/p>\n","protected":false},"excerpt":{"rendered":"<p>\u00a1Aprende c\u00f3mo hacer tus propias velitas de Te, totalmente personalizadas en aroma y color.. con este tutorial! Ver\u00e1s que son facil\u00edsimas de preparar, podr\u00e1s tambien elegir el envase de las Velitas entre una amplia gama..<\/p>\n","protected":false},"author":11,"featured_media":16334,"comment_status":"open","ping_status":"closed","sticky":false,"template":"","format":"standard","meta":{"_acf_changed":false,"_monsterinsights_skip_tracking":false,"_monsterinsights_sitenote_active":false,"_monsterinsights_sitenote_note":"","_monsterinsights_sitenote_category":0,"_uf_show_specific_survey":0,"_uf_disable_surveys":false,"footnotes":""},"categories":[770,744,783,786],"tags":[],"class_list":["post-16308","post","type-post","status-publish","format-standard","has-post-thumbnail","hentry","category-hacer-velas","category-post","category-velas-aromaticas","category-velas-decorativas"],"acf":[],"yoast_head":"<!-- This site is optimized with the Yoast SEO plugin v19.13 - https:\/\/yoast.com\/wordpress\/plugins\/seo\/ -->\n<title>Aprende facilmente a hacer velitas de T\u00e9 caseras<\/title>\n<meta name=\"description\" content=\"Aprende con nosotros a hacer tus propias Velitas de Te. Post con video e im\u00e1genes paso a paso para que hacerlas en casa, sea pan comido..\" \/>\n<meta name=\"robots\" content=\"index, follow, max-snippet:-1, max-image-preview:large, max-video-preview:-1\" \/>\n<link rel=\"canonical\" href=\"https:\/\/granvelada.com\/blog\/velitas-de-te\/\" \/>\n<meta property=\"og:locale\" content=\"es_ES\" \/>\n<meta property=\"og:type\" content=\"article\" \/>\n<meta property=\"og:title\" content=\"Aprende facilmente a hacer velitas de T\u00e9 caseras\" \/>\n<meta property=\"og:description\" content=\"Aprende con nosotros a hacer tus propias Velitas de Te. Post con video e im\u00e1genes paso a paso para que hacerlas en casa, sea pan comido..\" \/>\n<meta property=\"og:url\" content=\"https:\/\/granvelada.com\/blog\/velitas-de-te\/\" \/>\n<meta property=\"og:site_name\" content=\"Blog de Gran Velada\" \/>\n<meta property=\"article:publisher\" content=\"https:\/\/es-la.facebook.com\/hacerjabon\" \/>\n<meta property=\"article:published_time\" content=\"2022-03-16T15:19:34+00:00\" \/>\n<meta property=\"article:modified_time\" content=\"2024-09-09T10:07:46+00:00\" \/>\n<meta property=\"og:image\" content=\"https:\/\/granvelada.com\/blog\/wp-content\/uploads\/2022\/03\/como-hacer-velas-de-Te.jpg\" \/>\n\t<meta property=\"og:image:width\" content=\"1920\" \/>\n\t<meta property=\"og:image:height\" content=\"1080\" \/>\n\t<meta property=\"og:image:type\" content=\"image\/jpeg\" \/>\n<meta name=\"author\" content=\"contacto@granvelada.com\" \/>\n<meta name=\"twitter:card\" content=\"summary_large_image\" \/>\n<meta name=\"twitter:creator\" content=\"@granvelada\" \/>\n<meta name=\"twitter:site\" content=\"@granvelada\" \/>\n<meta name=\"twitter:label1\" content=\"Escrito por\" \/>\n\t<meta name=\"twitter:data1\" content=\"contacto@granvelada.com\" \/>\n\t<meta name=\"twitter:label2\" content=\"Tiempo de lectura\" \/>\n\t<meta name=\"twitter:data2\" content=\"10 minutos\" \/>\n<script type=\"application\/ld+json\" class=\"yoast-schema-graph\">{\"@context\":\"https:\/\/schema.org\",\"@graph\":[{\"@type\":\"Article\",\"@id\":\"https:\/\/granvelada.com\/blog\/velitas-de-te\/#article\",\"isPartOf\":{\"@id\":\"https:\/\/granvelada.com\/blog\/velitas-de-te\/\"},\"author\":{\"name\":\"contacto@granvelada.com\",\"@id\":\"https:\/\/granvelada.com\/blog\/#\/schema\/person\/79a0c8033911e0b07bad40e7b4beb5e5\"},\"headline\":\"Descubre como hacer Velitas de T\u00e9\",\"datePublished\":\"2022-03-16T15:19:34+00:00\",\"dateModified\":\"2024-09-09T10:07:46+00:00\",\"mainEntityOfPage\":{\"@id\":\"https:\/\/granvelada.com\/blog\/velitas-de-te\/\"},\"wordCount\":1094,\"commentCount\":0,\"publisher\":{\"@id\":\"https:\/\/granvelada.com\/blog\/#organization\"},\"articleSection\":[\"Hacer velas\",\"Post\",\"Velas arom\u00e1ticas\",\"Velas decorativas\"],\"inLanguage\":\"es\",\"potentialAction\":[{\"@type\":\"CommentAction\",\"name\":\"Comment\",\"target\":[\"https:\/\/granvelada.com\/blog\/velitas-de-te\/#respond\"]}]},{\"@type\":\"WebPage\",\"@id\":\"https:\/\/granvelada.com\/blog\/velitas-de-te\/\",\"url\":\"https:\/\/granvelada.com\/blog\/velitas-de-te\/\",\"name\":\"Aprende facilmente a hacer velitas de T\u00e9 caseras\",\"isPartOf\":{\"@id\":\"https:\/\/granvelada.com\/blog\/#website\"},\"datePublished\":\"2022-03-16T15:19:34+00:00\",\"dateModified\":\"2024-09-09T10:07:46+00:00\",\"description\":\"Aprende con nosotros a hacer tus propias Velitas de Te. Post con video e im\u00e1genes paso a paso para que hacerlas en casa, sea pan comido..\",\"breadcrumb\":{\"@id\":\"https:\/\/granvelada.com\/blog\/velitas-de-te\/#breadcrumb\"},\"inLanguage\":\"es\",\"potentialAction\":[{\"@type\":\"ReadAction\",\"target\":[\"https:\/\/granvelada.com\/blog\/velitas-de-te\/\"]}]},{\"@type\":\"BreadcrumbList\",\"@id\":\"https:\/\/granvelada.com\/blog\/velitas-de-te\/#breadcrumb\",\"itemListElement\":[{\"@type\":\"ListItem\",\"position\":1,\"name\":\"Portada\",\"item\":\"https:\/\/granvelada.com\/blog\/\"},{\"@type\":\"ListItem\",\"position\":2,\"name\":\"Descubre como hacer Velitas de T\u00e9\"}]},{\"@type\":\"WebSite\",\"@id\":\"https:\/\/granvelada.com\/blog\/#website\",\"url\":\"https:\/\/granvelada.com\/blog\/\",\"name\":\"Blog de Gran Velada\",\"description\":\"Recetas y tutoriales para hacer cremas, jabones, velas, detalles y cosm\u00e9tica casera\",\"publisher\":{\"@id\":\"https:\/\/granvelada.com\/blog\/#organization\"},\"potentialAction\":[{\"@type\":\"SearchAction\",\"target\":{\"@type\":\"EntryPoint\",\"urlTemplate\":\"https:\/\/granvelada.com\/blog\/?s={search_term_string}\"},\"query-input\":\"required name=search_term_string\"}],\"inLanguage\":\"es\"},{\"@type\":\"Organization\",\"@id\":\"https:\/\/granvelada.com\/blog\/#organization\",\"name\":\"Granvelada.com\",\"url\":\"https:\/\/granvelada.com\/blog\/\",\"logo\":{\"@type\":\"ImageObject\",\"inLanguage\":\"es\",\"@id\":\"https:\/\/granvelada.com\/blog\/#\/schema\/logo\/image\/\",\"url\":\"https:\/\/granvelada.com\/blog\/wp-content\/uploads\/2015\/06\/hacervelas-granvelada.jpg\",\"contentUrl\":\"https:\/\/granvelada.com\/blog\/wp-content\/uploads\/2015\/06\/hacervelas-granvelada.jpg\",\"width\":851,\"height\":315,\"caption\":\"Granvelada.com\"},\"image\":{\"@id\":\"https:\/\/granvelada.com\/blog\/#\/schema\/logo\/image\/\"},\"sameAs\":[\"https:\/\/www.pinterest.com\/hacerjabon\/\",\"https:\/\/www.youtube.com\/user\/hacerjabones\",\"https:\/\/es-la.facebook.com\/hacerjabon\",\"https:\/\/twitter.com\/granvelada\"]},{\"@type\":\"Person\",\"@id\":\"https:\/\/granvelada.com\/blog\/#\/schema\/person\/79a0c8033911e0b07bad40e7b4beb5e5\",\"name\":\"contacto@granvelada.com\",\"image\":{\"@type\":\"ImageObject\",\"inLanguage\":\"es\",\"@id\":\"https:\/\/granvelada.com\/blog\/#\/schema\/person\/image\/\",\"url\":\"https:\/\/secure.gravatar.com\/avatar\/e958d5c17339949fb4785a9125a88aeee44e33d213fb1dc61944c17f81676f25?s=96&d=mm&r=g\",\"contentUrl\":\"https:\/\/secure.gravatar.com\/avatar\/e958d5c17339949fb4785a9125a88aeee44e33d213fb1dc61944c17f81676f25?s=96&d=mm&r=g\",\"caption\":\"contacto@granvelada.com\"}}]}<\/script>\n<!-- \/ Yoast SEO plugin. -->","yoast_head_json":{"title":"Aprende facilmente a hacer velitas de T\u00e9 caseras","description":"Aprende con nosotros a hacer tus propias Velitas de Te. Post con video e im\u00e1genes paso a paso para que hacerlas en casa, sea pan comido..","robots":{"index":"index","follow":"follow","max-snippet":"max-snippet:-1","max-image-preview":"max-image-preview:large","max-video-preview":"max-video-preview:-1"},"canonical":"https:\/\/granvelada.com\/blog\/velitas-de-te\/","og_locale":"es_ES","og_type":"article","og_title":"Aprende facilmente a hacer velitas de T\u00e9 caseras","og_description":"Aprende con nosotros a hacer tus propias Velitas de Te. Post con video e im\u00e1genes paso a paso para que hacerlas en casa, sea pan comido..","og_url":"https:\/\/granvelada.com\/blog\/velitas-de-te\/","og_site_name":"Blog de Gran Velada","article_publisher":"https:\/\/es-la.facebook.com\/hacerjabon","article_published_time":"2022-03-16T15:19:34+00:00","article_modified_time":"2024-09-09T10:07:46+00:00","og_image":[{"width":1920,"height":1080,"url":"https:\/\/granvelada.com\/blog\/wp-content\/uploads\/2022\/03\/como-hacer-velas-de-Te.jpg","type":"image\/jpeg"}],"author":"contacto@granvelada.com","twitter_card":"summary_large_image","twitter_creator":"@granvelada","twitter_site":"@granvelada","twitter_misc":{"Escrito por":"contacto@granvelada.com","Tiempo de lectura":"10 minutos"},"schema":{"@context":"https:\/\/schema.org","@graph":[{"@type":"Article","@id":"https:\/\/granvelada.com\/blog\/velitas-de-te\/#article","isPartOf":{"@id":"https:\/\/granvelada.com\/blog\/velitas-de-te\/"},"author":{"name":"contacto@granvelada.com","@id":"https:\/\/granvelada.com\/blog\/#\/schema\/person\/79a0c8033911e0b07bad40e7b4beb5e5"},"headline":"Descubre como hacer Velitas de T\u00e9","datePublished":"2022-03-16T15:19:34+00:00","dateModified":"2024-09-09T10:07:46+00:00","mainEntityOfPage":{"@id":"https:\/\/granvelada.com\/blog\/velitas-de-te\/"},"wordCount":1094,"commentCount":0,"publisher":{"@id":"https:\/\/granvelada.com\/blog\/#organization"},"articleSection":["Hacer velas","Post","Velas arom\u00e1ticas","Velas decorativas"],"inLanguage":"es","potentialAction":[{"@type":"CommentAction","name":"Comment","target":["https:\/\/granvelada.com\/blog\/velitas-de-te\/#respond"]}]},{"@type":"WebPage","@id":"https:\/\/granvelada.com\/blog\/velitas-de-te\/","url":"https:\/\/granvelada.com\/blog\/velitas-de-te\/","name":"Aprende facilmente a hacer velitas de T\u00e9 caseras","isPartOf":{"@id":"https:\/\/granvelada.com\/blog\/#website"},"datePublished":"2022-03-16T15:19:34+00:00","dateModified":"2024-09-09T10:07:46+00:00","description":"Aprende con nosotros a hacer tus propias Velitas de Te. Post con video e im\u00e1genes paso a paso para que hacerlas en casa, sea pan comido..","breadcrumb":{"@id":"https:\/\/granvelada.com\/blog\/velitas-de-te\/#breadcrumb"},"inLanguage":"es","potentialAction":[{"@type":"ReadAction","target":["https:\/\/granvelada.com\/blog\/velitas-de-te\/"]}]},{"@type":"BreadcrumbList","@id":"https:\/\/granvelada.com\/blog\/velitas-de-te\/#breadcrumb","itemListElement":[{"@type":"ListItem","position":1,"name":"Portada","item":"https:\/\/granvelada.com\/blog\/"},{"@type":"ListItem","position":2,"name":"Descubre como hacer Velitas de T\u00e9"}]},{"@type":"WebSite","@id":"https:\/\/granvelada.com\/blog\/#website","url":"https:\/\/granvelada.com\/blog\/","name":"Blog de Gran Velada","description":"Recetas y tutoriales para hacer cremas, jabones, velas, detalles y cosm\u00e9tica casera","publisher":{"@id":"https:\/\/granvelada.com\/blog\/#organization"},"potentialAction":[{"@type":"SearchAction","target":{"@type":"EntryPoint","urlTemplate":"https:\/\/granvelada.com\/blog\/?s={search_term_string}"},"query-input":"required name=search_term_string"}],"inLanguage":"es"},{"@type":"Organization","@id":"https:\/\/granvelada.com\/blog\/#organization","name":"Granvelada.com","url":"https:\/\/granvelada.com\/blog\/","logo":{"@type":"ImageObject","inLanguage":"es","@id":"https:\/\/granvelada.com\/blog\/#\/schema\/logo\/image\/","url":"https:\/\/granvelada.com\/blog\/wp-content\/uploads\/2015\/06\/hacervelas-granvelada.jpg","contentUrl":"https:\/\/granvelada.com\/blog\/wp-content\/uploads\/2015\/06\/hacervelas-granvelada.jpg","width":851,"height":315,"caption":"Granvelada.com"},"image":{"@id":"https:\/\/granvelada.com\/blog\/#\/schema\/logo\/image\/"},"sameAs":["https:\/\/www.pinterest.com\/hacerjabon\/","https:\/\/www.youtube.com\/user\/hacerjabones","https:\/\/es-la.facebook.com\/hacerjabon","https:\/\/twitter.com\/granvelada"]},{"@type":"Person","@id":"https:\/\/granvelada.com\/blog\/#\/schema\/person\/79a0c8033911e0b07bad40e7b4beb5e5","name":"contacto@granvelada.com","image":{"@type":"ImageObject","inLanguage":"es","@id":"https:\/\/granvelada.com\/blog\/#\/schema\/person\/image\/","url":"https:\/\/secure.gravatar.com\/avatar\/e958d5c17339949fb4785a9125a88aeee44e33d213fb1dc61944c17f81676f25?s=96&d=mm&r=g","contentUrl":"https:\/\/secure.gravatar.com\/avatar\/e958d5c17339949fb4785a9125a88aeee44e33d213fb1dc61944c17f81676f25?s=96&d=mm&r=g","caption":"contacto@granvelada.com"}}]}},"_links":{"self":[{"href":"https:\/\/granvelada.com\/blog\/wp-json\/wp\/v2\/posts\/16308","targetHints":{"allow":["GET"]}}],"collection":[{"href":"https:\/\/granvelada.com\/blog\/wp-json\/wp\/v2\/posts"}],"about":[{"href":"https:\/\/granvelada.com\/blog\/wp-json\/wp\/v2\/types\/post"}],"author":[{"embeddable":true,"href":"https:\/\/granvelada.com\/blog\/wp-json\/wp\/v2\/users\/11"}],"replies":[{"embeddable":true,"href":"https:\/\/granvelada.com\/blog\/wp-json\/wp\/v2\/comments?post=16308"}],"version-history":[{"count":10,"href":"https:\/\/granvelada.com\/blog\/wp-json\/wp\/v2\/posts\/16308\/revisions"}],"predecessor-version":[{"id":22221,"href":"https:\/\/granvelada.com\/blog\/wp-json\/wp\/v2\/posts\/16308\/revisions\/22221"}],"wp:featuredmedia":[{"embeddable":true,"href":"https:\/\/granvelada.com\/blog\/wp-json\/wp\/v2\/media\/16334"}],"wp:attachment":[{"href":"https:\/\/granvelada.com\/blog\/wp-json\/wp\/v2\/media?parent=16308"}],"wp:term":[{"taxonomy":"category","embeddable":true,"href":"https:\/\/granvelada.com\/blog\/wp-json\/wp\/v2\/categories?post=16308"},{"taxonomy":"post_tag","embeddable":true,"href":"https:\/\/granvelada.com\/blog\/wp-json\/wp\/v2\/tags?post=16308"}],"curies":[{"name":"wp","href":"https:\/\/api.w.org\/{rel}","templated":true}]}}