{"id":1590,"date":"2016-07-27T09:30:47","date_gmt":"2016-07-27T07:30:47","guid":{"rendered":"http:\/\/granvelada.com\/blog\/?p=1590"},"modified":"2024-08-14T15:14:59","modified_gmt":"2024-08-14T13:14:59","slug":"packaging-con-nudos-marineros","status":"publish","type":"post","link":"https:\/\/granvelada.com\/blog\/packaging-con-nudos-marineros\/","title":{"rendered":"Packaging con nudos marineros"},"content":{"rendered":"<p style=\"text-align: justify;\">El verano es la estaci\u00f3n marinera por excelencia y hoy presentamos un<em><strong> packaging con nudos marineros<\/strong><\/em> que dar\u00e1 ese toque n\u00e1utico que requieren nuestros jabones.<\/p>\n<p style=\"text-align: justify;\"><!--more--><\/p>\n<p style=\"text-align: justify;\">Unos simples nudos llanos realizados con un cord\u00f3n azul marino de algod\u00f3n grueso permitir\u00e1n convertir un envoltorio cl\u00e1sico en un packaging &nbsp;original y divertido. \u00a1No pierdas detalle!<\/p>\n<h2>Materiales para hacer packaging marinero para jab\u00f3n<\/h2>\n<ul>\n<li><a href=\"http:\/\/granvelada.com\/es\/bolsitas-de-regalo-\/369-comprar-bolsas-bolsitas-de-celofan-cristal-8x12-cm.html\" target=\"_blank\" rel=\"noopener noreferrer\">Bolsas de celof\u00e1n de 8&#215;12 cm<\/a><\/li>\n<li><a href=\"http:\/\/granvelada.com\/es\/rafias-y-cintas-para-envolver-y-decorar-jabones\/3294-cordon-cuelgaduchas-de-algodon-blanco.html\" target=\"_blank\" rel=\"noopener noreferrer\">Cord\u00f3n de Algod\u00f3n para manualidades Blanco<\/a><\/li>\n<li><a href=\"http:\/\/granvelada.com\/es\/cordones-de-ducha-para-jabones\/3257-cordon-algodon-manualidades-jabones-azul-marino.html\" target=\"_blank\" rel=\"noopener noreferrer\">Cord\u00f3n de Algod\u00f3n para manualidades Azul Marino<\/a><\/li>\n<li><a href=\"http:\/\/granvelada.com\/es\/etiquetas-para-regalo\/4501-etiquetas-regalo-rectangulares-kraft.html\" target=\"_blank\" rel=\"noopener noreferrer\">Etiqueta decorativa para regalar<\/a><\/li>\n<\/ul>\n<p><iframe loading=\"lazy\" src=\"https:\/\/www.youtube.com\/embed\/ZvWczREUWg4?rel=0\" width=\"860\" height=\"484\" frameborder=\"0\" allowfullscreen=\"allowfullscreen\"><\/iframe><\/p>\n<h2 style=\"text-align: justify;\">Paso a paso para Packaging con nudos marineros<\/h2>\n<p style=\"text-align: justify;\"><strong>1.-&nbsp;Introducimos el jab\u00f3n en la bolsa de celof\u00e1n<\/strong>. Comprobamos que la medida de la bolsa sea correcta con el tama\u00f1o de nuestra pastilla de jab\u00f3n. Debe sobrar un cent\u00edmetro de bolsa en los laterales y varios cent\u00edmetros en la parte superior para que nos permita hacer el cierre sin problema.<\/p>\n<p style=\"text-align: justify;\"><strong>2.-&nbsp;Cortamos 20 cm. de cord\u00f3n<\/strong> de algod\u00f3n aproximadamente. <strong>Cerramos la bolsa de celof\u00e1n y anudamos con el cord\u00f3n<\/strong> dejando la misma largura en los extremos del cord\u00f3n.<\/p>\n<p style=\"text-align: justify;\"><strong>3.-<\/strong> <strong>Juntamos los dos cabos de cord\u00f3n y realizamos un nudo llano<\/strong> u otro tipo de nudo que conozcas. Para finalizar <strong>hacemos&nbsp;otro nudo en cada extremo de cord\u00f3n<\/strong> y corta la parte sobrante si hubiera.<\/p>\n<p style=\"text-align: justify;\"><strong>4.-&nbsp;<\/strong>En caso de querer colocar <strong>una etiqueta decorativa debes colocarla antes de hacer el nudo llano<\/strong> con los dos cabos.<\/p>\n<p style=\"text-align: justify;\"><strong>Hacer packaging para jab\u00f3n estilo marinero es muy f\u00e1cil y el resultado es fabuloso<\/strong>. Puedes alternar distintos tipos de nudos e incluso colores de cord\u00f3n. Nosotros hemos optado por los dos colores marineros por excelencia pero en combinan fenomenal tambi\u00e9n con rojo o amarillo.<\/p>\n<p style=\"text-align: justify;\">Esperamos que vuestros jabones este verano vistan expl\u00e9ndidos con \u00e9sta t\u00e9cnica de packaging con nudos marineros. Recordaros que pod\u00e9is hacernos llegar fotos de vuestras elaboraciones de packaging mediante env\u00edo de email a creaciones@granvelada.com<\/p>\n<p style=\"text-align: justify;\">Si te ha gustado este post y quieres aprender m\u00e1s sobre &nbsp;hacer packaging para jab\u00f3n estilo marinero no olvides visitar nuestros canales en redes sociales: <a href=\"https:\/\/www.facebook.com\/granvelada\/\"><strong>Facebook<\/strong><\/a>, <a href=\"https:\/\/twitter.com\/granvelada\"><strong>twitter<\/strong><\/a>, <a href=\"https:\/\/plus.google.com\/+granvelada\/posts\"><strong>google+<\/strong><\/a> y <a href=\"https:\/\/es.pinterest.com\/gran_velada\/\"><strong>Pinterest<\/strong><\/a> adem\u00e1s del canal de <a href=\"https:\/\/www.youtube.com\/user\/hacerjabones\"><strong>YouTube<\/strong><\/a>.<\/p>\n<p style=\"text-align: justify;\">\u00a1Hasta el pr\u00f3ximo v\u00eddeo!<\/p>\n","protected":false},"excerpt":{"rendered":"<p>El verano es la estaci\u00f3n marinera por excelencia y hoy presentamos un packaging con nudos marineros que dar\u00e1 ese toque n\u00e1utico que requieren nuestros jabones.<\/p>\n","protected":false},"author":11,"featured_media":1592,"comment_status":"open","ping_status":"closed","sticky":false,"template":"","format":"standard","meta":{"_acf_changed":false,"_monsterinsights_skip_tracking":false,"_monsterinsights_sitenote_active":false,"_monsterinsights_sitenote_note":"","_monsterinsights_sitenote_category":0,"_uf_show_specific_survey":0,"_uf_disable_surveys":false,"footnotes":""},"categories":[794,768,780,771],"tags":[],"class_list":["post-1590","post","type-post","status-publish","format-standard","has-post-thumbnail","hentry","category-detalles-para-eventos","category-hacer-jabones","category-jabones-de-glicerina","category-manualidades-para-regalar"],"acf":[],"yoast_head":"<!-- This site is optimized with the Yoast SEO plugin v19.13 - https:\/\/yoast.com\/wordpress\/plugins\/seo\/ -->\n<title>Hacer Packaging para jab\u00f3n estilo N\u00e1utico<\/title>\n<meta name=\"description\" content=\"El verano es la estaci\u00f3n marinera por excelencia y hoy presentamos un Packaging con nudos marineros que dar\u00e1 ese toque n\u00e1utico a nuestros jabones\" \/>\n<meta name=\"robots\" content=\"index, follow, max-snippet:-1, max-image-preview:large, max-video-preview:-1\" \/>\n<link rel=\"canonical\" href=\"https:\/\/granvelada.com\/blog\/packaging-con-nudos-marineros\/\" \/>\n<meta property=\"og:locale\" content=\"es_ES\" \/>\n<meta property=\"og:type\" content=\"article\" \/>\n<meta property=\"og:title\" content=\"Hacer Packaging para jab\u00f3n estilo N\u00e1utico\" \/>\n<meta property=\"og:description\" content=\"El verano es la estaci\u00f3n marinera por excelencia y hoy presentamos un Packaging con nudos marineros que dar\u00e1 ese toque n\u00e1utico a nuestros jabones\" \/>\n<meta property=\"og:url\" content=\"https:\/\/granvelada.com\/blog\/packaging-con-nudos-marineros\/\" \/>\n<meta property=\"og:site_name\" content=\"Blog de Gran Velada\" \/>\n<meta property=\"article:publisher\" content=\"https:\/\/es-la.facebook.com\/hacerjabon\" \/>\n<meta property=\"article:published_time\" content=\"2016-07-27T07:30:47+00:00\" \/>\n<meta property=\"article:modified_time\" content=\"2024-08-14T13:14:59+00:00\" \/>\n<meta property=\"og:image\" content=\"https:\/\/granvelada.com\/blog\/wp-content\/uploads\/2016\/07\/packaging-con-nudos-marineros.png\" \/>\n\t<meta property=\"og:image:width\" content=\"848\" \/>\n\t<meta property=\"og:image:height\" content=\"477\" \/>\n\t<meta property=\"og:image:type\" content=\"image\/png\" \/>\n<meta name=\"author\" content=\"contacto@granvelada.com\" \/>\n<meta name=\"twitter:card\" content=\"summary_large_image\" \/>\n<meta name=\"twitter:creator\" content=\"@granvelada\" \/>\n<meta name=\"twitter:site\" content=\"@granvelada\" \/>\n<meta name=\"twitter:label1\" content=\"Escrito por\" \/>\n\t<meta name=\"twitter:data1\" content=\"contacto@granvelada.com\" \/>\n\t<meta name=\"twitter:label2\" content=\"Tiempo de lectura\" \/>\n\t<meta name=\"twitter:data2\" content=\"2 minutos\" \/>\n<script type=\"application\/ld+json\" class=\"yoast-schema-graph\">{\"@context\":\"https:\/\/schema.org\",\"@graph\":[{\"@type\":\"Article\",\"@id\":\"https:\/\/granvelada.com\/blog\/packaging-con-nudos-marineros\/#article\",\"isPartOf\":{\"@id\":\"https:\/\/granvelada.com\/blog\/packaging-con-nudos-marineros\/\"},\"author\":{\"name\":\"contacto@granvelada.com\",\"@id\":\"https:\/\/granvelada.com\/blog\/#\/schema\/person\/79a0c8033911e0b07bad40e7b4beb5e5\"},\"headline\":\"Packaging con nudos marineros\",\"datePublished\":\"2016-07-27T07:30:47+00:00\",\"dateModified\":\"2024-08-14T13:14:59+00:00\",\"mainEntityOfPage\":{\"@id\":\"https:\/\/granvelada.com\/blog\/packaging-con-nudos-marineros\/\"},\"wordCount\":391,\"commentCount\":0,\"publisher\":{\"@id\":\"https:\/\/granvelada.com\/blog\/#organization\"},\"articleSection\":[\"Detalles para eventos\",\"Hacer jabones\",\"Jabones de glicerina\",\"Manualidades para regalar\"],\"inLanguage\":\"es\",\"potentialAction\":[{\"@type\":\"CommentAction\",\"name\":\"Comment\",\"target\":[\"https:\/\/granvelada.com\/blog\/packaging-con-nudos-marineros\/#respond\"]}]},{\"@type\":\"WebPage\",\"@id\":\"https:\/\/granvelada.com\/blog\/packaging-con-nudos-marineros\/\",\"url\":\"https:\/\/granvelada.com\/blog\/packaging-con-nudos-marineros\/\",\"name\":\"Hacer Packaging para jab\u00f3n estilo N\u00e1utico\",\"isPartOf\":{\"@id\":\"https:\/\/granvelada.com\/blog\/#website\"},\"datePublished\":\"2016-07-27T07:30:47+00:00\",\"dateModified\":\"2024-08-14T13:14:59+00:00\",\"description\":\"El verano es la estaci\u00f3n marinera por excelencia y hoy presentamos un Packaging con nudos marineros que dar\u00e1 ese toque n\u00e1utico a nuestros jabones\",\"breadcrumb\":{\"@id\":\"https:\/\/granvelada.com\/blog\/packaging-con-nudos-marineros\/#breadcrumb\"},\"inLanguage\":\"es\",\"potentialAction\":[{\"@type\":\"ReadAction\",\"target\":[\"https:\/\/granvelada.com\/blog\/packaging-con-nudos-marineros\/\"]}]},{\"@type\":\"BreadcrumbList\",\"@id\":\"https:\/\/granvelada.com\/blog\/packaging-con-nudos-marineros\/#breadcrumb\",\"itemListElement\":[{\"@type\":\"ListItem\",\"position\":1,\"name\":\"Portada\",\"item\":\"https:\/\/granvelada.com\/blog\/\"},{\"@type\":\"ListItem\",\"position\":2,\"name\":\"Packaging con nudos marineros\"}]},{\"@type\":\"WebSite\",\"@id\":\"https:\/\/granvelada.com\/blog\/#website\",\"url\":\"https:\/\/granvelada.com\/blog\/\",\"name\":\"Blog de Gran Velada\",\"description\":\"Recetas y tutoriales para hacer cremas, jabones, velas, detalles y cosm\u00e9tica casera\",\"publisher\":{\"@id\":\"https:\/\/granvelada.com\/blog\/#organization\"},\"potentialAction\":[{\"@type\":\"SearchAction\",\"target\":{\"@type\":\"EntryPoint\",\"urlTemplate\":\"https:\/\/granvelada.com\/blog\/?s={search_term_string}\"},\"query-input\":\"required name=search_term_string\"}],\"inLanguage\":\"es\"},{\"@type\":\"Organization\",\"@id\":\"https:\/\/granvelada.com\/blog\/#organization\",\"name\":\"Granvelada.com\",\"url\":\"https:\/\/granvelada.com\/blog\/\",\"logo\":{\"@type\":\"ImageObject\",\"inLanguage\":\"es\",\"@id\":\"https:\/\/granvelada.com\/blog\/#\/schema\/logo\/image\/\",\"url\":\"https:\/\/granvelada.com\/blog\/wp-content\/uploads\/2015\/06\/hacervelas-granvelada.jpg\",\"contentUrl\":\"https:\/\/granvelada.com\/blog\/wp-content\/uploads\/2015\/06\/hacervelas-granvelada.jpg\",\"width\":851,\"height\":315,\"caption\":\"Granvelada.com\"},\"image\":{\"@id\":\"https:\/\/granvelada.com\/blog\/#\/schema\/logo\/image\/\"},\"sameAs\":[\"https:\/\/www.pinterest.com\/hacerjabon\/\",\"https:\/\/www.youtube.com\/user\/hacerjabones\",\"https:\/\/es-la.facebook.com\/hacerjabon\",\"https:\/\/twitter.com\/granvelada\"]},{\"@type\":\"Person\",\"@id\":\"https:\/\/granvelada.com\/blog\/#\/schema\/person\/79a0c8033911e0b07bad40e7b4beb5e5\",\"name\":\"contacto@granvelada.com\",\"image\":{\"@type\":\"ImageObject\",\"inLanguage\":\"es\",\"@id\":\"https:\/\/granvelada.com\/blog\/#\/schema\/person\/image\/\",\"url\":\"https:\/\/secure.gravatar.com\/avatar\/e958d5c17339949fb4785a9125a88aeee44e33d213fb1dc61944c17f81676f25?s=96&d=mm&r=g\",\"contentUrl\":\"https:\/\/secure.gravatar.com\/avatar\/e958d5c17339949fb4785a9125a88aeee44e33d213fb1dc61944c17f81676f25?s=96&d=mm&r=g\",\"caption\":\"contacto@granvelada.com\"}}]}<\/script>\n<!-- \/ Yoast SEO plugin. -->","yoast_head_json":{"title":"Hacer Packaging para jab\u00f3n estilo N\u00e1utico","description":"El verano es la estaci\u00f3n marinera por excelencia y hoy presentamos un Packaging con nudos marineros que dar\u00e1 ese toque n\u00e1utico a nuestros jabones","robots":{"index":"index","follow":"follow","max-snippet":"max-snippet:-1","max-image-preview":"max-image-preview:large","max-video-preview":"max-video-preview:-1"},"canonical":"https:\/\/granvelada.com\/blog\/packaging-con-nudos-marineros\/","og_locale":"es_ES","og_type":"article","og_title":"Hacer Packaging para jab\u00f3n estilo N\u00e1utico","og_description":"El verano es la estaci\u00f3n marinera por excelencia y hoy presentamos un Packaging con nudos marineros que dar\u00e1 ese toque n\u00e1utico a nuestros jabones","og_url":"https:\/\/granvelada.com\/blog\/packaging-con-nudos-marineros\/","og_site_name":"Blog de Gran Velada","article_publisher":"https:\/\/es-la.facebook.com\/hacerjabon","article_published_time":"2016-07-27T07:30:47+00:00","article_modified_time":"2024-08-14T13:14:59+00:00","og_image":[{"width":848,"height":477,"url":"https:\/\/granvelada.com\/blog\/wp-content\/uploads\/2016\/07\/packaging-con-nudos-marineros.png","type":"image\/png"}],"author":"contacto@granvelada.com","twitter_card":"summary_large_image","twitter_creator":"@granvelada","twitter_site":"@granvelada","twitter_misc":{"Escrito por":"contacto@granvelada.com","Tiempo de lectura":"2 minutos"},"schema":{"@context":"https:\/\/schema.org","@graph":[{"@type":"Article","@id":"https:\/\/granvelada.com\/blog\/packaging-con-nudos-marineros\/#article","isPartOf":{"@id":"https:\/\/granvelada.com\/blog\/packaging-con-nudos-marineros\/"},"author":{"name":"contacto@granvelada.com","@id":"https:\/\/granvelada.com\/blog\/#\/schema\/person\/79a0c8033911e0b07bad40e7b4beb5e5"},"headline":"Packaging con nudos marineros","datePublished":"2016-07-27T07:30:47+00:00","dateModified":"2024-08-14T13:14:59+00:00","mainEntityOfPage":{"@id":"https:\/\/granvelada.com\/blog\/packaging-con-nudos-marineros\/"},"wordCount":391,"commentCount":0,"publisher":{"@id":"https:\/\/granvelada.com\/blog\/#organization"},"articleSection":["Detalles para eventos","Hacer jabones","Jabones de glicerina","Manualidades para regalar"],"inLanguage":"es","potentialAction":[{"@type":"CommentAction","name":"Comment","target":["https:\/\/granvelada.com\/blog\/packaging-con-nudos-marineros\/#respond"]}]},{"@type":"WebPage","@id":"https:\/\/granvelada.com\/blog\/packaging-con-nudos-marineros\/","url":"https:\/\/granvelada.com\/blog\/packaging-con-nudos-marineros\/","name":"Hacer Packaging para jab\u00f3n estilo N\u00e1utico","isPartOf":{"@id":"https:\/\/granvelada.com\/blog\/#website"},"datePublished":"2016-07-27T07:30:47+00:00","dateModified":"2024-08-14T13:14:59+00:00","description":"El verano es la estaci\u00f3n marinera por excelencia y hoy presentamos un Packaging con nudos marineros que dar\u00e1 ese toque n\u00e1utico a nuestros jabones","breadcrumb":{"@id":"https:\/\/granvelada.com\/blog\/packaging-con-nudos-marineros\/#breadcrumb"},"inLanguage":"es","potentialAction":[{"@type":"ReadAction","target":["https:\/\/granvelada.com\/blog\/packaging-con-nudos-marineros\/"]}]},{"@type":"BreadcrumbList","@id":"https:\/\/granvelada.com\/blog\/packaging-con-nudos-marineros\/#breadcrumb","itemListElement":[{"@type":"ListItem","position":1,"name":"Portada","item":"https:\/\/granvelada.com\/blog\/"},{"@type":"ListItem","position":2,"name":"Packaging con nudos marineros"}]},{"@type":"WebSite","@id":"https:\/\/granvelada.com\/blog\/#website","url":"https:\/\/granvelada.com\/blog\/","name":"Blog de Gran Velada","description":"Recetas y tutoriales para hacer cremas, jabones, velas, detalles y cosm\u00e9tica casera","publisher":{"@id":"https:\/\/granvelada.com\/blog\/#organization"},"potentialAction":[{"@type":"SearchAction","target":{"@type":"EntryPoint","urlTemplate":"https:\/\/granvelada.com\/blog\/?s={search_term_string}"},"query-input":"required name=search_term_string"}],"inLanguage":"es"},{"@type":"Organization","@id":"https:\/\/granvelada.com\/blog\/#organization","name":"Granvelada.com","url":"https:\/\/granvelada.com\/blog\/","logo":{"@type":"ImageObject","inLanguage":"es","@id":"https:\/\/granvelada.com\/blog\/#\/schema\/logo\/image\/","url":"https:\/\/granvelada.com\/blog\/wp-content\/uploads\/2015\/06\/hacervelas-granvelada.jpg","contentUrl":"https:\/\/granvelada.com\/blog\/wp-content\/uploads\/2015\/06\/hacervelas-granvelada.jpg","width":851,"height":315,"caption":"Granvelada.com"},"image":{"@id":"https:\/\/granvelada.com\/blog\/#\/schema\/logo\/image\/"},"sameAs":["https:\/\/www.pinterest.com\/hacerjabon\/","https:\/\/www.youtube.com\/user\/hacerjabones","https:\/\/es-la.facebook.com\/hacerjabon","https:\/\/twitter.com\/granvelada"]},{"@type":"Person","@id":"https:\/\/granvelada.com\/blog\/#\/schema\/person\/79a0c8033911e0b07bad40e7b4beb5e5","name":"contacto@granvelada.com","image":{"@type":"ImageObject","inLanguage":"es","@id":"https:\/\/granvelada.com\/blog\/#\/schema\/person\/image\/","url":"https:\/\/secure.gravatar.com\/avatar\/e958d5c17339949fb4785a9125a88aeee44e33d213fb1dc61944c17f81676f25?s=96&d=mm&r=g","contentUrl":"https:\/\/secure.gravatar.com\/avatar\/e958d5c17339949fb4785a9125a88aeee44e33d213fb1dc61944c17f81676f25?s=96&d=mm&r=g","caption":"contacto@granvelada.com"}}]}},"_links":{"self":[{"href":"https:\/\/granvelada.com\/blog\/wp-json\/wp\/v2\/posts\/1590","targetHints":{"allow":["GET"]}}],"collection":[{"href":"https:\/\/granvelada.com\/blog\/wp-json\/wp\/v2\/posts"}],"about":[{"href":"https:\/\/granvelada.com\/blog\/wp-json\/wp\/v2\/types\/post"}],"author":[{"embeddable":true,"href":"https:\/\/granvelada.com\/blog\/wp-json\/wp\/v2\/users\/11"}],"replies":[{"embeddable":true,"href":"https:\/\/granvelada.com\/blog\/wp-json\/wp\/v2\/comments?post=1590"}],"version-history":[{"count":4,"href":"https:\/\/granvelada.com\/blog\/wp-json\/wp\/v2\/posts\/1590\/revisions"}],"predecessor-version":[{"id":22443,"href":"https:\/\/granvelada.com\/blog\/wp-json\/wp\/v2\/posts\/1590\/revisions\/22443"}],"wp:featuredmedia":[{"embeddable":true,"href":"https:\/\/granvelada.com\/blog\/wp-json\/wp\/v2\/media\/1592"}],"wp:attachment":[{"href":"https:\/\/granvelada.com\/blog\/wp-json\/wp\/v2\/media?parent=1590"}],"wp:term":[{"taxonomy":"category","embeddable":true,"href":"https:\/\/granvelada.com\/blog\/wp-json\/wp\/v2\/categories?post=1590"},{"taxonomy":"post_tag","embeddable":true,"href":"https:\/\/granvelada.com\/blog\/wp-json\/wp\/v2\/tags?post=1590"}],"curies":[{"name":"wp","href":"https:\/\/api.w.org\/{rel}","templated":true}]}}