{"id":10861,"date":"2020-06-18T15:15:00","date_gmt":"2020-06-18T13:15:00","guid":{"rendered":"https:\/\/granvelada.com\/blog\/?p=10861"},"modified":"2024-09-09T12:10:32","modified_gmt":"2024-09-09T10:10:32","slug":"serum-de-pestanas","status":"publish","type":"post","link":"https:\/\/granvelada.com\/blog\/serum-de-pestanas\/","title":{"rendered":"Serum de pesta\u00f1as"},"content":{"rendered":"\n<p>Para conseguir una mirada intensa no debes de olvidarte de un cosm\u00e9tico de moda, el <strong>Serum de pesta\u00f1as<\/strong> . Es uno de los secretos para conseguir unas pesta\u00f1as voluminosas, largas y fuertes. Los serums para pesta\u00f1as se est\u00e1n poniendo muy de moda entre los trucos de cosm\u00e9tica que mas seguidores tiene. Conseguir unas pesta\u00f1as que deslumbren puede ser sencillo y consiste en nutrir e hidratar esta zona a veces un poco olvidada. Encontrar\u00e1s muchos tipos de serums, sueros de pesta\u00f1as ,hoy te acercamos uno muy sencillo de preparar y de aplicar. C\u00f3modo de llevar en cualquier neceser incluso en el bolso.<\/p>\n\n\n\n<p class=\"has-text-align-center\"><strong><a href=\"https:\/\/granvelada.com\/es\/?\" target=\"_blank\" rel=\"noreferrer noopener\">En gran velada acceder\u00e1s a todos lo que necesitas para hacer cosm\u00e9tica en casa<\/a><\/strong><\/p>\n\n\n\n<h2 class=\"wp-block-heading\">Serum de pesta\u00f1as<\/h2>\n\n\n\n<p><strong>\u00bfPara que sirve?<\/strong><\/p>\n\n\n\n<p>Los rizadores de pesta\u00f1as han sido utilizados desde siempre se utilizan para dar forma a tus pesta\u00f1as. Combin\u00e1ndolo con un buen serum de pesta\u00f1as que las fortalezca y nutra, los resultados ser\u00e1n sorprendentes y tu mirada ser\u00e1 mas intensa y alegre. El s\u00e9rum de este tutorial puedes utilizarlo a su vez en las cejas para fortalecer esta zona que tiende a perder pelo. En definitiva este tipo de cosm\u00e9tico <strong>nutre, fortalece y evita que las pesta\u00f1as caigan o se rompan<\/strong>. Tus pesta\u00f1as crecer\u00e1n fuertes, espesas y mas largas.<\/p>\n\n\n\n<figure class=\"wp-block-image size-full\"><img title=\" \"loading=\"lazy\" decoding=\"async\" width=\"896\" height=\"504\" src=\"https:\/\/granvelada.com\/blog\/wp-content\/uploads\/2020\/06\/serum-de-pestanas-3.jpg\" alt=\" \" class=\"wp-image-10862\" srcset=\"https:\/\/granvelada.com\/blog\/wp-content\/uploads\/2020\/06\/serum-de-pestanas-3.jpg 896w, https:\/\/granvelada.com\/blog\/wp-content\/uploads\/2020\/06\/serum-de-pestanas-3-387x218.jpg 387w, https:\/\/granvelada.com\/blog\/wp-content\/uploads\/2020\/06\/serum-de-pestanas-3-848x477.jpg 848w, https:\/\/granvelada.com\/blog\/wp-content\/uploads\/2020\/06\/serum-de-pestanas-3-129x73.jpg 129w, https:\/\/granvelada.com\/blog\/wp-content\/uploads\/2020\/06\/serum-de-pestanas-3-768x432.jpg 768w, https:\/\/granvelada.com\/blog\/wp-content\/uploads\/2020\/06\/serum-de-pestanas-3-300x169.jpg 300w, https:\/\/granvelada.com\/blog\/wp-content\/uploads\/2020\/06\/serum-de-pestanas-3-317x178.jpg 317w, https:\/\/granvelada.com\/blog\/wp-content\/uploads\/2020\/06\/serum-de-pestanas-3-424x239.jpg 424w, https:\/\/granvelada.com\/blog\/wp-content\/uploads\/2020\/06\/serum-de-pestanas-3-581x327.jpg 581w, https:\/\/granvelada.com\/blog\/wp-content\/uploads\/2020\/06\/serum-de-pestanas-3-310x174.jpg 310w, https:\/\/granvelada.com\/blog\/wp-content\/uploads\/2020\/06\/serum-de-pestanas-3-232x131.jpg 232w, https:\/\/granvelada.com\/blog\/wp-content\/uploads\/2020\/06\/serum-de-pestanas-3-275x155.jpg 275w\" sizes=\"auto, (max-width: 896px) 100vw, 896px\" \/><\/figure>\n\n\n\n<p><strong>Como utilizar un serum de pesta\u00f1as<\/strong><\/p>\n\n\n\n<p>Antes de empezar con su aplicaci\u00f3n debes de asegurarte que los ojos, parpados, pesta\u00f1as y cejas est\u00e9n limpios. Utiliza un <strong>desmaquillante espec\u00edfico para esta zona<\/strong>, aseg\u00farate de no tener restos de maquillaje. Un poco mas abajo te dejamos un enlace de c\u00f3mo preparar tu propio desmaquillante de ojos bif\u00e1sico.<\/p>\n\n\n\n<p>El formato y envase que hemos preparado es un bote tipo los utilizados para lip gloss. Lleva una peque\u00f1a esponjita horizontal que facilita la aplicaci\u00f3n en las cejas y en la ra\u00edz de las pesta\u00f1as, tanto las del p\u00e1rpado superior como las del inferior. Aplica una fina capa en estas zonas y deja actuar. Te recomiendo utilizarlo por la noche , antes de acostarte para que haga su funci\u00f3n durante las horas de descanso.<\/p>\n\n\n\n<h2 class=\"wp-block-heading\">Preparar el serum en casa<\/h2>\n\n\n\n<figure class=\"wp-block-image size-full\"><img title=\" \"loading=\"lazy\" decoding=\"async\" width=\"896\" height=\"504\" src=\"https:\/\/granvelada.com\/blog\/wp-content\/uploads\/2020\/06\/serum-de-pestanas-2.jpg\" alt=\" \" class=\"wp-image-10863\" srcset=\"https:\/\/granvelada.com\/blog\/wp-content\/uploads\/2020\/06\/serum-de-pestanas-2.jpg 896w, https:\/\/granvelada.com\/blog\/wp-content\/uploads\/2020\/06\/serum-de-pestanas-2-387x218.jpg 387w, https:\/\/granvelada.com\/blog\/wp-content\/uploads\/2020\/06\/serum-de-pestanas-2-848x477.jpg 848w, https:\/\/granvelada.com\/blog\/wp-content\/uploads\/2020\/06\/serum-de-pestanas-2-129x73.jpg 129w, https:\/\/granvelada.com\/blog\/wp-content\/uploads\/2020\/06\/serum-de-pestanas-2-768x432.jpg 768w, https:\/\/granvelada.com\/blog\/wp-content\/uploads\/2020\/06\/serum-de-pestanas-2-300x169.jpg 300w, https:\/\/granvelada.com\/blog\/wp-content\/uploads\/2020\/06\/serum-de-pestanas-2-317x178.jpg 317w, https:\/\/granvelada.com\/blog\/wp-content\/uploads\/2020\/06\/serum-de-pestanas-2-424x239.jpg 424w, https:\/\/granvelada.com\/blog\/wp-content\/uploads\/2020\/06\/serum-de-pestanas-2-581x327.jpg 581w, https:\/\/granvelada.com\/blog\/wp-content\/uploads\/2020\/06\/serum-de-pestanas-2-310x174.jpg 310w, https:\/\/granvelada.com\/blog\/wp-content\/uploads\/2020\/06\/serum-de-pestanas-2-232x131.jpg 232w, https:\/\/granvelada.com\/blog\/wp-content\/uploads\/2020\/06\/serum-de-pestanas-2-275x155.jpg 275w\" sizes=\"auto, (max-width: 896px) 100vw, 896px\" \/><\/figure>\n\n\n\n<p>Como todos los tratamientos cosm\u00e9ticos para obtener buenos y r\u00e1pidos resultados debes de ser constante. Aplica a diario el serum de pesta\u00f1as antes de acostarte e ir\u00e1s viendo en unas semanas como los resultados son los esperados.<\/p>\n\n\n\n<p>El serum de pesta\u00f1as que hemos preparado est\u00e1 elaborado desde cero, utilizando un emulsionante montanov 68, o\/w, &nbsp;consiste en una cera &nbsp;vegetal. Es sencillo de utilizar y emulsiona solo, <strong>no necesita co-emulsionantes<\/strong>. Anota los ingredientes que hemos utilizado y las cantidades para preparar&nbsp; unos 45 ml de &nbsp;s\u00e9rum, est\u00e1n especificados en tres fases, la fase oleosa, la acuosa y por \u00faltimo los activos cosm\u00e9ticos que hemos incorporado.<\/p>\n\n\n\n<p><strong>FASE OLEOSA<\/strong><\/p>\n\n\n\n<ul class=\"wp-block-list\">\n<li><a href=\"https:\/\/granvelada.com\/es\/donde-comprar-aceites-mantecas-para-jabon-cosmetica\/500-donde-comprar-aceite-de-ricino.html\" target=\"_blank\" rel=\"noreferrer noopener\">Aceite de ricino<\/a> 12 g<\/li>\n<\/ul>\n\n\n\n<ul class=\"wp-block-list\">\n<li><a href=\"https:\/\/granvelada.com\/es\/donde-comprar-aceites-mantecas-para-jabon-cosmetica\/1886-aceite-de-almendras.html\" target=\"_blank\" rel=\"noreferrer noopener\">Aceite de almendras dulces<\/a> 3 g<\/li>\n<\/ul>\n\n\n\n<ul class=\"wp-block-list\">\n<li><a href=\"https:\/\/granvelada.com\/es\/ceras-y-parafinas-para-velas-y-cosmetica\/2430-cera-montanov-68-emulsionante.html\" target=\"_blank\" rel=\"noreferrer noopener\">Emulsionante montanov 68<\/a> 5 g<\/li>\n<\/ul>\n\n\n\n<p><strong>FASE ACUOSA<\/strong><\/p>\n\n\n\n<ul class=\"wp-block-list\">\n<li><a href=\"https:\/\/granvelada.com\/es\/leches-aguas-extractos-hidrolatos-para-cosmetica\/947-agua-desmineralizada.html\" target=\"_blank\" rel=\"noreferrer noopener\">Agua desmineralizada<\/a> 73 g<\/li>\n<\/ul>\n\n\n\n<p><strong>FASE TRES- ACTIVOS COSM\u00c9TICOS<\/strong><\/p>\n\n\n\n<ul class=\"wp-block-list\">\n<li><a href=\"https:\/\/granvelada.com\/es\/principio-activo\/2983-pantenol.html\" target=\"_blank\" rel=\"noreferrer noopener\">Pantenol<\/a> 1g<\/li>\n<\/ul>\n\n\n\n<ul class=\"wp-block-list\">\n<li><a href=\"https:\/\/granvelada.com\/es\/aditivos-para-jabon-y-cosmetica\/1216-glicerina-liquida.html\" target=\"_blank\" rel=\"noreferrer noopener\">Glicerina vegetal<\/a> 3 g<\/li>\n<\/ul>\n\n\n\n<ul class=\"wp-block-list\">\n<li><a href=\"https:\/\/granvelada.com\/es\/extractos-de-plantas\/6920-extracto-maca.html\" target=\"_blank\" rel=\"noreferrer noopener\">Extracto de maca<\/a> 5 g<\/li>\n<\/ul>\n\n\n\n<ul class=\"wp-block-list\">\n<li><a href=\"https:\/\/granvelada.com\/es\/regulador-ph\/452-vitamina-e-tocoferol-conservante-cremas-y-jabones.html\" target=\"_blank\" rel=\"noreferrer noopener\">Vitamina e<\/a> 0,5g<\/li>\n<\/ul>\n\n\n\n<ul class=\"wp-block-list\">\n<li><a href=\"https:\/\/granvelada.com\/es\/regulador-ph\/2896-conservante-y-antimicrobiano-natural-libre-de-parabenos.html\" target=\"_blank\" rel=\"noreferrer noopener\">Sharomix<\/a> 0,5 g<\/li>\n<\/ul>\n\n\n\n<ul class=\"wp-block-list\">\n<li><a href=\"https:\/\/granvelada.com\/es\/envases-mini-para-balsamos-labiales\/4271-stick-lip-gloss-comprar.html\" target=\"_blank\" rel=\"noreferrer noopener\">Envase stick lip gloss<\/a><\/li>\n<\/ul>\n\n\n\n<p>De sobras son conocidas las propiedades del <strong>aceite de ricino<\/strong> ,fortalece, favorece el crecimiento,  regenera, hidrata.. , perfecto para el cabello y el pelo de pesta\u00f1as y cejas. El <strong>pantenol<\/strong> utilizado es conocido tambi\u00e9n como <strong>vitamina B5<\/strong>, en el cabello y el pelo act\u00faa como fortalecedor y evita la ca\u00edda. Ayuda en la regeneraci\u00f3n celular tanto de cabello como de la piel. La p\u00e9rdida de esta vitamina es &nbsp;la causante de la p\u00e9rdida del cabello y la debilidad de este. Retrasar el envejecimiento de la zona donde nacen las pesta\u00f1as es otro factor a tener en cuenta. Para ello a\u00f1adimos el <strong>extracto de maca<\/strong>, previene la sequedad de la piel y retrasa el envejecimiento de la piel.<\/p>\n\n\n\n<figure class=\"wp-block-embed is-type-video is-provider-youtube wp-block-embed-youtube wp-embed-aspect-16-9 wp-has-aspect-ratio\"><div class=\"wp-block-embed__wrapper\">\n<iframe loading=\"lazy\" title=\"Serum de cejas\" width=\"640\" height=\"360\" src=\"https:\/\/www.youtube.com\/embed\/mzj0v0BShOA?feature=oembed&#038;enablejsapi=1&#038;origin=https:\/\/granvelada.com\" frameborder=\"0\" allow=\"accelerometer; autoplay; encrypted-media; gyroscope; picture-in-picture\" allowfullscreen><\/iframe>\n<\/div><\/figure>\n\n\n\n<p><strong><a href=\"https:\/\/youtu.be\/mzj0v0BShOA\" target=\"_blank\" rel=\"noreferrer noopener\">Accede al v\u00eddeo directamente en youtube<\/a><\/strong><\/p>\n\n\n\n<h3 class=\"wp-block-heading\">Hacer serum de pesta\u00f1as<\/h3>\n\n\n\n<p>Antes de empezar a elaborar cosm\u00e9tica casera debes de preparar recipientes y \u00fatiles limpios y desinfectados.<\/p>\n\n\n\n<p>1. <strong>Pesa en un recipiente la fase oleosa<\/strong> , aceites vegetales junto con el emulsionante montanov y lleva a calentar al ba\u00f1o mar\u00eda. En <strong>otro recipiente a\u00f1ade el agua desmineralizada<\/strong> y lleva a calentar del mismo modo. Debemos conseguir que <strong>ambas fases alcancen 75\u00ba<\/strong>.<\/p>\n\n\n\n<p>2. Mientras, preparamos el resto de ingredientes. Pesa la glicerina vegetal y a\u00f1ade el pantenol, remueve y ayuda a disolver, si ves que no resulta f\u00e1cil a\u00f1ade un poco del agua desmineralizada caliente. <strong>Incorpora el extracto de maca al pantenol<\/strong> y mezcla de nuevo.<\/p>\n\n\n\n<figure class=\"wp-block-gallery has-nested-images columns-default is-cropped wp-block-gallery-1 is-layout-flex wp-block-gallery-is-layout-flex\">\n<figure class=\"wp-block-image size-large\"><img title=\" \"loading=\"lazy\" decoding=\"async\" width=\"848\" height=\"447\" data-id=\"10873\" src=\"https:\/\/granvelada.com\/blog\/wp-content\/uploads\/2020\/06\/serum1.jpg\" alt=\" \" class=\"wp-image-10873\" srcset=\"https:\/\/granvelada.com\/blog\/wp-content\/uploads\/2020\/06\/serum1.jpg 848w, https:\/\/granvelada.com\/blog\/wp-content\/uploads\/2020\/06\/serum1-387x204.jpg 387w, https:\/\/granvelada.com\/blog\/wp-content\/uploads\/2020\/06\/serum1-768x405.jpg 768w\" sizes=\"auto, (max-width: 848px) 100vw, 848px\" \/><\/figure>\n\n\n\n<figure class=\"wp-block-image size-large\"><img title=\" \"loading=\"lazy\" decoding=\"async\" width=\"848\" height=\"447\" data-id=\"10874\" src=\"https:\/\/granvelada.com\/blog\/wp-content\/uploads\/2020\/06\/serum2.jpg\" alt=\" \" class=\"wp-image-10874\" srcset=\"https:\/\/granvelada.com\/blog\/wp-content\/uploads\/2020\/06\/serum2.jpg 848w, https:\/\/granvelada.com\/blog\/wp-content\/uploads\/2020\/06\/serum2-387x204.jpg 387w, https:\/\/granvelada.com\/blog\/wp-content\/uploads\/2020\/06\/serum2-768x405.jpg 768w\" sizes=\"auto, (max-width: 848px) 100vw, 848px\" \/><\/figure>\n<\/figure>\n\n\n\n<p>3. Saca la fase oleosa y acuosa del ba\u00f1o maria. A\u00f1ade la vitamina e a los aceites y el sharomix al agua desmineralizada. Sobre la fase acuosa, (el agua desmineralizada), vierte los activos preparados, pantenol disuelto y extracto de maca y remueve.<\/p>\n\n\n\n<p>4. Ahora emulsionamos el serum de pesta\u00f1as, <strong>vierte la fase acuosa con los activos sobre la fase oleosa<\/strong> a la vez que vas mezclando. Agita y remueve bien hasta conseguir la textura de crema uniforme. Este paso consta de varios minutos, conforme va enfriando se va emulsionando. Para acelerar el proceso puedes poner el recipiente la ba\u00f1o maria con agua fr\u00eda. Una vez tenemos el s\u00e9rum listo envasa en los recipientes preparados.<\/p>\n\n\n\n<figure class=\"wp-block-gallery has-nested-images columns-default is-cropped wp-block-gallery-2 is-layout-flex wp-block-gallery-is-layout-flex\">\n<figure class=\"wp-block-image size-large\"><img title=\" \"loading=\"lazy\" decoding=\"async\" width=\"848\" height=\"445\" data-id=\"10877\" src=\"https:\/\/granvelada.com\/blog\/wp-content\/uploads\/2020\/06\/serum3-1.jpg\" alt=\" \" class=\"wp-image-10877\" srcset=\"https:\/\/granvelada.com\/blog\/wp-content\/uploads\/2020\/06\/serum3-1.jpg 848w, https:\/\/granvelada.com\/blog\/wp-content\/uploads\/2020\/06\/serum3-1-387x203.jpg 387w, https:\/\/granvelada.com\/blog\/wp-content\/uploads\/2020\/06\/serum3-1-768x403.jpg 768w\" sizes=\"auto, (max-width: 848px) 100vw, 848px\" \/><\/figure>\n\n\n\n<figure class=\"wp-block-image size-large\"><img title=\" \"loading=\"lazy\" decoding=\"async\" width=\"848\" height=\"444\" data-id=\"10878\" src=\"https:\/\/granvelada.com\/blog\/wp-content\/uploads\/2020\/06\/serum4-1.jpg\" alt=\" \" class=\"wp-image-10878\" srcset=\"https:\/\/granvelada.com\/blog\/wp-content\/uploads\/2020\/06\/serum4-1.jpg 848w, https:\/\/granvelada.com\/blog\/wp-content\/uploads\/2020\/06\/serum4-1-387x203.jpg 387w, https:\/\/granvelada.com\/blog\/wp-content\/uploads\/2020\/06\/serum4-1-768x402.jpg 768w\" sizes=\"auto, (max-width: 848px) 100vw, 848px\" \/><\/figure>\n<\/figure>\n\n\n\n<div class=\"wp-block-buttons is-content-justification-center is-layout-flex wp-container-core-buttons-is-layout-16018d1d wp-block-buttons-is-layout-flex\">\n<div class=\"wp-block-button\"><a class=\"wp-block-button__link has-content-secondary-color has-content-heading-background-color has-text-color has-background wp-element-button\" href=\"https:\/\/granvelada.com\/index.php?fc=module&amp;module=multiplecart&amp;controller=loadcart&amp;cart=1220&amp;hash=181a88e564b9211422e934f88f9c74f6&amp;\" style=\"border-radius:3px\" target=\"_blank\" rel=\"noreferrer noopener\">Entra en el carrito con todo lo que necesitas para hacer el serum en casa al mejor precio<\/a><\/div>\n<\/div>\n\n\n\n<h4 class=\"wp-block-heading\">Prepara y desmaquilla tus ojos<\/h4>\n\n\n\n<p>Hemos comentado lo necesarios de tener la piel limpia y preparada antes de aplicar el serum de pesta\u00f1as. Utiliza un desmaquillante espec\u00edfico para los ojos, son mas suaves y menos agresivos para esta zona tan delicada. Pinchando en la siguiente imagen acceder\u00e1s a un desmaquillante bif\u00e1sico para ojos que puedes preparar en casa. Solo necesitar\u00e1s aceite vegetal de almendras y de ricino, agua desmineralizada y vitamina e antioxidante.<\/p>\n\n\n\n<figure class=\"wp-block-image size-large\"><a href=\"https:\/\/www.hacercremas.es\/desmaquillante-de-ojos-bifasico?\" target=\"_blank\" rel=\"noopener noreferrer\"><img title=\" \"loading=\"lazy\" decoding=\"async\" width=\"848\" height=\"477\" src=\"https:\/\/granvelada.com\/blog\/wp-content\/uploads\/2020\/06\/desmaquillante-de-ojos-casero.jpg\" alt=\" \" class=\"wp-image-10864\" srcset=\"https:\/\/granvelada.com\/blog\/wp-content\/uploads\/2020\/06\/desmaquillante-de-ojos-casero.jpg 848w, https:\/\/granvelada.com\/blog\/wp-content\/uploads\/2020\/06\/desmaquillante-de-ojos-casero-387x218.jpg 387w, https:\/\/granvelada.com\/blog\/wp-content\/uploads\/2020\/06\/desmaquillante-de-ojos-casero-129x73.jpg 129w, https:\/\/granvelada.com\/blog\/wp-content\/uploads\/2020\/06\/desmaquillante-de-ojos-casero-768x432.jpg 768w, https:\/\/granvelada.com\/blog\/wp-content\/uploads\/2020\/06\/desmaquillante-de-ojos-casero-300x169.jpg 300w, https:\/\/granvelada.com\/blog\/wp-content\/uploads\/2020\/06\/desmaquillante-de-ojos-casero-317x178.jpg 317w, https:\/\/granvelada.com\/blog\/wp-content\/uploads\/2020\/06\/desmaquillante-de-ojos-casero-424x239.jpg 424w, https:\/\/granvelada.com\/blog\/wp-content\/uploads\/2020\/06\/desmaquillante-de-ojos-casero-581x327.jpg 581w, https:\/\/granvelada.com\/blog\/wp-content\/uploads\/2020\/06\/desmaquillante-de-ojos-casero-310x174.jpg 310w, https:\/\/granvelada.com\/blog\/wp-content\/uploads\/2020\/06\/desmaquillante-de-ojos-casero-232x131.jpg 232w, https:\/\/granvelada.com\/blog\/wp-content\/uploads\/2020\/06\/desmaquillante-de-ojos-casero-275x155.jpg 275w\" sizes=\"auto, (max-width: 848px) 100vw, 848px\" \/><\/a><\/figure>\n\n\n\n<p>Esperamos que te haya gustado esta publicaci\u00f3n y te animamos a que la pongas en pr\u00e1ctica. Si quieres conocer todas nuestras publicaciones visita nuestros canales en redes sociales, <a rel=\"noreferrer noopener\" href=\"https:\/\/www.facebook.com\/granvelada\/\" target=\"_blank\">FACEBOOK<\/a> , <a rel=\"noreferrer noopener\" href=\"https:\/\/www.instagram.com\/hacerjabon\/\" target=\"_blank\">INSTAGRAM<\/a>, <a rel=\"noreferrer noopener\" href=\"https:\/\/twitter.com\/granvelada\" target=\"_blank\">TWITER<\/a>, &nbsp;<a rel=\"noreferrer noopener\" href=\"https:\/\/www.pinterest.es\/gran_velada\/hacer-jabones\/\" target=\"_blank\">PINTEREST<\/a>&nbsp;y <a rel=\"noreferrer noopener\" href=\"https:\/\/www.youtube.com\/user\/hacerjabones\" target=\"_blank\">YOUTUBE<\/a><\/p>\n","protected":false},"excerpt":{"rendered":"<p>Para conseguir una mirada intensa no debes de olvidarte de un cosm\u00e9tico de moda, el Serum de pesta\u00f1as . Es uno de los secretos para conseguir unas pesta\u00f1as voluminosas, largas y fuertes. Los serums para pesta\u00f1as se est\u00e1n poniendo muy de moda entre los trucos de cosm\u00e9tica que mas seguidores tiene. Conseguir unas pesta\u00f1as que&#8230;<\/p>\n","protected":false},"author":11,"featured_media":10866,"comment_status":"open","ping_status":"closed","sticky":false,"template":"","format":"standard","meta":{"_acf_changed":false,"_monsterinsights_skip_tracking":false,"_monsterinsights_sitenote_active":false,"_monsterinsights_sitenote_note":"","_monsterinsights_sitenote_category":0,"_uf_show_specific_survey":0,"_uf_disable_surveys":false,"footnotes":""},"categories":[773,767,744],"tags":[],"class_list":["post-10861","post","type-post","status-publish","format-standard","has-post-thumbnail","hentry","category-cosmeticos-naturales","category-hacer-cremas","category-post"],"acf":[],"yoast_head":"<!-- This site is optimized with the Yoast SEO plugin v19.13 - https:\/\/yoast.com\/wordpress\/plugins\/seo\/ -->\n<title>Serum de pesta\u00f1as y cejas casero, fortalece y nutre.<\/title>\n<meta name=\"description\" content=\"Si buscas una mirada de esc\u00e1ndalo prepara en casa Serum de pesta\u00f1as y cejas.Remedio casero para unas pesta\u00f1as largas, espesas e hidratadas.\" \/>\n<meta name=\"robots\" content=\"index, follow, max-snippet:-1, max-image-preview:large, max-video-preview:-1\" \/>\n<link rel=\"canonical\" href=\"https:\/\/granvelada.com\/blog\/serum-de-pestanas\/\" \/>\n<meta property=\"og:locale\" content=\"es_ES\" \/>\n<meta property=\"og:type\" content=\"article\" \/>\n<meta property=\"og:title\" content=\"Serum de pesta\u00f1as y cejas casero, fortalece y nutre.\" \/>\n<meta property=\"og:description\" content=\"Si buscas una mirada de esc\u00e1ndalo prepara en casa Serum de pesta\u00f1as y cejas.Remedio casero para unas pesta\u00f1as largas, espesas e hidratadas.\" \/>\n<meta property=\"og:url\" content=\"https:\/\/granvelada.com\/blog\/serum-de-pestanas\/\" \/>\n<meta property=\"og:site_name\" content=\"Blog de Gran Velada\" \/>\n<meta property=\"article:publisher\" content=\"https:\/\/es-la.facebook.com\/hacerjabon\" \/>\n<meta property=\"article:published_time\" content=\"2020-06-18T13:15:00+00:00\" \/>\n<meta property=\"article:modified_time\" content=\"2024-09-09T10:10:32+00:00\" \/>\n<meta property=\"og:image\" content=\"https:\/\/granvelada.com\/blog\/wp-content\/uploads\/2020\/06\/serum-de-pestanas-post.jpg\" \/>\n\t<meta property=\"og:image:width\" content=\"896\" \/>\n\t<meta property=\"og:image:height\" content=\"504\" \/>\n\t<meta property=\"og:image:type\" content=\"image\/jpeg\" \/>\n<meta name=\"author\" content=\"contacto@granvelada.com\" \/>\n<meta name=\"twitter:card\" content=\"summary_large_image\" \/>\n<meta name=\"twitter:creator\" content=\"@granvelada\" \/>\n<meta name=\"twitter:site\" content=\"@granvelada\" \/>\n<meta name=\"twitter:label1\" content=\"Escrito por\" \/>\n\t<meta name=\"twitter:data1\" content=\"contacto@granvelada.com\" \/>\n\t<meta name=\"twitter:label2\" content=\"Tiempo de lectura\" \/>\n\t<meta name=\"twitter:data2\" content=\"6 minutos\" \/>\n<script type=\"application\/ld+json\" class=\"yoast-schema-graph\">{\"@context\":\"https:\/\/schema.org\",\"@graph\":[{\"@type\":\"Article\",\"@id\":\"https:\/\/granvelada.com\/blog\/serum-de-pestanas\/#article\",\"isPartOf\":{\"@id\":\"https:\/\/granvelada.com\/blog\/serum-de-pestanas\/\"},\"author\":{\"name\":\"contacto@granvelada.com\",\"@id\":\"https:\/\/granvelada.com\/blog\/#\/schema\/person\/79a0c8033911e0b07bad40e7b4beb5e5\"},\"headline\":\"Serum de pesta\u00f1as\",\"datePublished\":\"2020-06-18T13:15:00+00:00\",\"dateModified\":\"2024-09-09T10:10:32+00:00\",\"mainEntityOfPage\":{\"@id\":\"https:\/\/granvelada.com\/blog\/serum-de-pestanas\/\"},\"wordCount\":1042,\"commentCount\":14,\"publisher\":{\"@id\":\"https:\/\/granvelada.com\/blog\/#organization\"},\"articleSection\":[\"Cosm\u00e9ticos naturales\",\"Hacer Cremas\",\"Post\"],\"inLanguage\":\"es\",\"potentialAction\":[{\"@type\":\"CommentAction\",\"name\":\"Comment\",\"target\":[\"https:\/\/granvelada.com\/blog\/serum-de-pestanas\/#respond\"]}]},{\"@type\":\"WebPage\",\"@id\":\"https:\/\/granvelada.com\/blog\/serum-de-pestanas\/\",\"url\":\"https:\/\/granvelada.com\/blog\/serum-de-pestanas\/\",\"name\":\"Serum de pesta\u00f1as y cejas casero, fortalece y nutre.\",\"isPartOf\":{\"@id\":\"https:\/\/granvelada.com\/blog\/#website\"},\"datePublished\":\"2020-06-18T13:15:00+00:00\",\"dateModified\":\"2024-09-09T10:10:32+00:00\",\"description\":\"Si buscas una mirada de esc\u00e1ndalo prepara en casa Serum de pesta\u00f1as y cejas.Remedio casero para unas pesta\u00f1as largas, espesas e hidratadas.\",\"breadcrumb\":{\"@id\":\"https:\/\/granvelada.com\/blog\/serum-de-pestanas\/#breadcrumb\"},\"inLanguage\":\"es\",\"potentialAction\":[{\"@type\":\"ReadAction\",\"target\":[\"https:\/\/granvelada.com\/blog\/serum-de-pestanas\/\"]}]},{\"@type\":\"BreadcrumbList\",\"@id\":\"https:\/\/granvelada.com\/blog\/serum-de-pestanas\/#breadcrumb\",\"itemListElement\":[{\"@type\":\"ListItem\",\"position\":1,\"name\":\"Portada\",\"item\":\"https:\/\/granvelada.com\/blog\/\"},{\"@type\":\"ListItem\",\"position\":2,\"name\":\"Serum de pesta\u00f1as\"}]},{\"@type\":\"WebSite\",\"@id\":\"https:\/\/granvelada.com\/blog\/#website\",\"url\":\"https:\/\/granvelada.com\/blog\/\",\"name\":\"Blog de Gran Velada\",\"description\":\"Recetas y tutoriales para hacer cremas, jabones, velas, detalles y cosm\u00e9tica casera\",\"publisher\":{\"@id\":\"https:\/\/granvelada.com\/blog\/#organization\"},\"potentialAction\":[{\"@type\":\"SearchAction\",\"target\":{\"@type\":\"EntryPoint\",\"urlTemplate\":\"https:\/\/granvelada.com\/blog\/?s={search_term_string}\"},\"query-input\":\"required name=search_term_string\"}],\"inLanguage\":\"es\"},{\"@type\":\"Organization\",\"@id\":\"https:\/\/granvelada.com\/blog\/#organization\",\"name\":\"Granvelada.com\",\"url\":\"https:\/\/granvelada.com\/blog\/\",\"logo\":{\"@type\":\"ImageObject\",\"inLanguage\":\"es\",\"@id\":\"https:\/\/granvelada.com\/blog\/#\/schema\/logo\/image\/\",\"url\":\"https:\/\/granvelada.com\/blog\/wp-content\/uploads\/2015\/06\/hacervelas-granvelada.jpg\",\"contentUrl\":\"https:\/\/granvelada.com\/blog\/wp-content\/uploads\/2015\/06\/hacervelas-granvelada.jpg\",\"width\":851,\"height\":315,\"caption\":\"Granvelada.com\"},\"image\":{\"@id\":\"https:\/\/granvelada.com\/blog\/#\/schema\/logo\/image\/\"},\"sameAs\":[\"https:\/\/www.pinterest.com\/hacerjabon\/\",\"https:\/\/www.youtube.com\/user\/hacerjabones\",\"https:\/\/es-la.facebook.com\/hacerjabon\",\"https:\/\/twitter.com\/granvelada\"]},{\"@type\":\"Person\",\"@id\":\"https:\/\/granvelada.com\/blog\/#\/schema\/person\/79a0c8033911e0b07bad40e7b4beb5e5\",\"name\":\"contacto@granvelada.com\",\"image\":{\"@type\":\"ImageObject\",\"inLanguage\":\"es\",\"@id\":\"https:\/\/granvelada.com\/blog\/#\/schema\/person\/image\/\",\"url\":\"https:\/\/secure.gravatar.com\/avatar\/e958d5c17339949fb4785a9125a88aeee44e33d213fb1dc61944c17f81676f25?s=96&d=mm&r=g\",\"contentUrl\":\"https:\/\/secure.gravatar.com\/avatar\/e958d5c17339949fb4785a9125a88aeee44e33d213fb1dc61944c17f81676f25?s=96&d=mm&r=g\",\"caption\":\"contacto@granvelada.com\"}}]}<\/script>\n<!-- \/ Yoast SEO plugin. -->","yoast_head_json":{"title":"Serum de pesta\u00f1as y cejas casero, fortalece y nutre.","description":"Si buscas una mirada de esc\u00e1ndalo prepara en casa Serum de pesta\u00f1as y cejas.Remedio casero para unas pesta\u00f1as largas, espesas e hidratadas.","robots":{"index":"index","follow":"follow","max-snippet":"max-snippet:-1","max-image-preview":"max-image-preview:large","max-video-preview":"max-video-preview:-1"},"canonical":"https:\/\/granvelada.com\/blog\/serum-de-pestanas\/","og_locale":"es_ES","og_type":"article","og_title":"Serum de pesta\u00f1as y cejas casero, fortalece y nutre.","og_description":"Si buscas una mirada de esc\u00e1ndalo prepara en casa Serum de pesta\u00f1as y cejas.Remedio casero para unas pesta\u00f1as largas, espesas e hidratadas.","og_url":"https:\/\/granvelada.com\/blog\/serum-de-pestanas\/","og_site_name":"Blog de Gran Velada","article_publisher":"https:\/\/es-la.facebook.com\/hacerjabon","article_published_time":"2020-06-18T13:15:00+00:00","article_modified_time":"2024-09-09T10:10:32+00:00","og_image":[{"width":896,"height":504,"url":"https:\/\/granvelada.com\/blog\/wp-content\/uploads\/2020\/06\/serum-de-pestanas-post.jpg","type":"image\/jpeg"}],"author":"contacto@granvelada.com","twitter_card":"summary_large_image","twitter_creator":"@granvelada","twitter_site":"@granvelada","twitter_misc":{"Escrito por":"contacto@granvelada.com","Tiempo de lectura":"6 minutos"},"schema":{"@context":"https:\/\/schema.org","@graph":[{"@type":"Article","@id":"https:\/\/granvelada.com\/blog\/serum-de-pestanas\/#article","isPartOf":{"@id":"https:\/\/granvelada.com\/blog\/serum-de-pestanas\/"},"author":{"name":"contacto@granvelada.com","@id":"https:\/\/granvelada.com\/blog\/#\/schema\/person\/79a0c8033911e0b07bad40e7b4beb5e5"},"headline":"Serum de pesta\u00f1as","datePublished":"2020-06-18T13:15:00+00:00","dateModified":"2024-09-09T10:10:32+00:00","mainEntityOfPage":{"@id":"https:\/\/granvelada.com\/blog\/serum-de-pestanas\/"},"wordCount":1042,"commentCount":14,"publisher":{"@id":"https:\/\/granvelada.com\/blog\/#organization"},"articleSection":["Cosm\u00e9ticos naturales","Hacer Cremas","Post"],"inLanguage":"es","potentialAction":[{"@type":"CommentAction","name":"Comment","target":["https:\/\/granvelada.com\/blog\/serum-de-pestanas\/#respond"]}]},{"@type":"WebPage","@id":"https:\/\/granvelada.com\/blog\/serum-de-pestanas\/","url":"https:\/\/granvelada.com\/blog\/serum-de-pestanas\/","name":"Serum de pesta\u00f1as y cejas casero, fortalece y nutre.","isPartOf":{"@id":"https:\/\/granvelada.com\/blog\/#website"},"datePublished":"2020-06-18T13:15:00+00:00","dateModified":"2024-09-09T10:10:32+00:00","description":"Si buscas una mirada de esc\u00e1ndalo prepara en casa Serum de pesta\u00f1as y cejas.Remedio casero para unas pesta\u00f1as largas, espesas e hidratadas.","breadcrumb":{"@id":"https:\/\/granvelada.com\/blog\/serum-de-pestanas\/#breadcrumb"},"inLanguage":"es","potentialAction":[{"@type":"ReadAction","target":["https:\/\/granvelada.com\/blog\/serum-de-pestanas\/"]}]},{"@type":"BreadcrumbList","@id":"https:\/\/granvelada.com\/blog\/serum-de-pestanas\/#breadcrumb","itemListElement":[{"@type":"ListItem","position":1,"name":"Portada","item":"https:\/\/granvelada.com\/blog\/"},{"@type":"ListItem","position":2,"name":"Serum de pesta\u00f1as"}]},{"@type":"WebSite","@id":"https:\/\/granvelada.com\/blog\/#website","url":"https:\/\/granvelada.com\/blog\/","name":"Blog de Gran Velada","description":"Recetas y tutoriales para hacer cremas, jabones, velas, detalles y cosm\u00e9tica casera","publisher":{"@id":"https:\/\/granvelada.com\/blog\/#organization"},"potentialAction":[{"@type":"SearchAction","target":{"@type":"EntryPoint","urlTemplate":"https:\/\/granvelada.com\/blog\/?s={search_term_string}"},"query-input":"required name=search_term_string"}],"inLanguage":"es"},{"@type":"Organization","@id":"https:\/\/granvelada.com\/blog\/#organization","name":"Granvelada.com","url":"https:\/\/granvelada.com\/blog\/","logo":{"@type":"ImageObject","inLanguage":"es","@id":"https:\/\/granvelada.com\/blog\/#\/schema\/logo\/image\/","url":"https:\/\/granvelada.com\/blog\/wp-content\/uploads\/2015\/06\/hacervelas-granvelada.jpg","contentUrl":"https:\/\/granvelada.com\/blog\/wp-content\/uploads\/2015\/06\/hacervelas-granvelada.jpg","width":851,"height":315,"caption":"Granvelada.com"},"image":{"@id":"https:\/\/granvelada.com\/blog\/#\/schema\/logo\/image\/"},"sameAs":["https:\/\/www.pinterest.com\/hacerjabon\/","https:\/\/www.youtube.com\/user\/hacerjabones","https:\/\/es-la.facebook.com\/hacerjabon","https:\/\/twitter.com\/granvelada"]},{"@type":"Person","@id":"https:\/\/granvelada.com\/blog\/#\/schema\/person\/79a0c8033911e0b07bad40e7b4beb5e5","name":"contacto@granvelada.com","image":{"@type":"ImageObject","inLanguage":"es","@id":"https:\/\/granvelada.com\/blog\/#\/schema\/person\/image\/","url":"https:\/\/secure.gravatar.com\/avatar\/e958d5c17339949fb4785a9125a88aeee44e33d213fb1dc61944c17f81676f25?s=96&d=mm&r=g","contentUrl":"https:\/\/secure.gravatar.com\/avatar\/e958d5c17339949fb4785a9125a88aeee44e33d213fb1dc61944c17f81676f25?s=96&d=mm&r=g","caption":"contacto@granvelada.com"}}]}},"_links":{"self":[{"href":"https:\/\/granvelada.com\/blog\/wp-json\/wp\/v2\/posts\/10861","targetHints":{"allow":["GET"]}}],"collection":[{"href":"https:\/\/granvelada.com\/blog\/wp-json\/wp\/v2\/posts"}],"about":[{"href":"https:\/\/granvelada.com\/blog\/wp-json\/wp\/v2\/types\/post"}],"author":[{"embeddable":true,"href":"https:\/\/granvelada.com\/blog\/wp-json\/wp\/v2\/users\/11"}],"replies":[{"embeddable":true,"href":"https:\/\/granvelada.com\/blog\/wp-json\/wp\/v2\/comments?post=10861"}],"version-history":[{"count":13,"href":"https:\/\/granvelada.com\/blog\/wp-json\/wp\/v2\/posts\/10861\/revisions"}],"predecessor-version":[{"id":22272,"href":"https:\/\/granvelada.com\/blog\/wp-json\/wp\/v2\/posts\/10861\/revisions\/22272"}],"wp:featuredmedia":[{"embeddable":true,"href":"https:\/\/granvelada.com\/blog\/wp-json\/wp\/v2\/media\/10866"}],"wp:attachment":[{"href":"https:\/\/granvelada.com\/blog\/wp-json\/wp\/v2\/media?parent=10861"}],"wp:term":[{"taxonomy":"category","embeddable":true,"href":"https:\/\/granvelada.com\/blog\/wp-json\/wp\/v2\/categories?post=10861"},{"taxonomy":"post_tag","embeddable":true,"href":"https:\/\/granvelada.com\/blog\/wp-json\/wp\/v2\/tags?post=10861"}],"curies":[{"name":"wp","href":"https:\/\/api.w.org\/{rel}","templated":true}]}}